{"id":273700,"date":"2026-02-23T02:28:15","date_gmt":"2026-02-23T02:28:15","guid":{"rendered":"https:\/\/www.europesays.com\/pl\/273700\/"},"modified":"2026-02-23T02:28:15","modified_gmt":"2026-02-23T02:28:15","slug":"24tp-pl-smutny-final-poszukiwan-turysty-w-rejonie-kasprowego-wierchu-tygodnik-podhalanski","status":"publish","type":"post","link":"https:\/\/www.europesays.com\/pl\/273700\/","title":{"rendered":"[24tp.pl] Smutny fina\u0142 poszukiwa\u0144 turysty w rejonie Kasprowego Wierchu &#8211; Tygodnik Podhala\u0144ski"},"content":{"rendered":"<ol>\n<li><a href=\"https:\/\/news.google.com\/rss\/articles\/CBMiPEFVX3lxTFBzbVJCR2NFdXBMQ1FTVjlVMzc2ZVd1OFYwYkQwcDVfU2p0OHB5RGRKRXE5MlMzaGFDR1lvWA?oc=5\" target=\"_blank\" rel=\"nofollow noopener\">[24tp.pl] Smutny fina\u0142 poszukiwa\u0144 turysty w rejonie Kasprowego Wierchu<\/a>&nbsp;&nbsp;Tygodnik Podhala\u0144ski<\/li>\n<li><a href=\"https:\/\/news.google.com\/rss\/articles\/CBMiuwFBVV95cUxQMTdIcVJ1Tm14elNvY1pvckRVQUU5T3Zqb0tRdGxjYlJqWDhpT2J5T0NMRkMwMFJfMmZFN3BDeC1ZbjY5QkFFb0dSQnlVNFcyTmJwUExHUkZEaFhONDVjTXNoc1N3NUMzeU43blBaWktSUy1sT0Q5enEyUXZvVFlaSUpMaXYxRUhycXEtNm50eDRRTEFzX2VGb3RXZTZpZnVxWEtaNzF3blZISVpvc3V6NTlpeVNZQ19KX3hN?oc=5\" target=\"_blank\" rel=\"nofollow noopener\">Wyjecha\u0142 na Kasprowy Wierch i \u015blad po nim zagin\u0105\u0142. Tragiczny fina\u0142<\/a>&nbsp;&nbsp;Wydarzenia w INTERIA.PL<\/li>\n<li><a href=\"https:\/\/news.google.com\/rss\/articles\/CBMizgFBVV95cUxObUhUVXFRR3R5NTJFR19tNUktOWVsZ2U5dGd4ckhtamdOWmZ3MkJGeVEzOG5SUTJfYnAyMzhDa2s0Vm9oVGpnWWlaYzFqMzBmQ1U2R0h2Mk5wREFwc1VBT3NYNUl5WTRTOEFOVTBpb3IzdWFwQzYxWjIyNkQ4bEV3LTZEdGNRMzNxak1LSGJOQS1YR0hpcjVpX3JyZ2VnSTB1VlZOZXd5WTFKb0ZiMjBhekoyTnFLR1VacFVwNkxPQUxTWlRkRHNTTzA2RHRhUQ?oc=5\" target=\"_blank\" rel=\"nofollow noopener\">Tragiczny fina\u0142 poszukiwa\u0144 w Tatrach. Ratownicy przekazali najgorsze wiadomo\u015bci. W sobot\u0119 znaleziono cia\u0142o&#8230;<\/a>&nbsp;&nbsp;Onet<\/li>\n<li><a href=\"https:\/\/news.google.com\/rss\/articles\/CBMitgFBVV95cUxPTk1HODFtV0UyODgxLVJmbVQxelJJdWR1aGo5cGlMdWRybE8yX3B2cHNNMTR5UGpPSUx0ZFhuZGhLMHFsRDB6djFjLW90OGxKYTVwXzN4M3luWVFYZVRPdWhqbGhYRWdPbzlHYy0wbkxUZkotcm1JQ0tFSmpqa0Z6UnlhU2hhQ0Y0WEJjM2lPaXpPZmRLSjQtX2ZPbHh3aVlyNUFKYUlqOTRMZlBRVl9rUEhWOEdydw?oc=5\" target=\"_blank\" rel=\"nofollow noopener\">Cia\u0142o turysty odnalezione w Tatrach. To prawdopodobnie poszukiwany 30-latek<\/a>&nbsp;&nbsp;RMF24<\/li>\n<li><a href=\"https:\/\/news.google.com\/rss\/articles\/CBMiigFBVV95cUxPNkc0V3NEUFZlNWxjSVRMYlRUU0plZ2Z2N2lOenhhR0dWY3hXX0dFM3B3eEdDdkJLWnpadlBuVzlZRjRnWjFaSkNic3BDcTJteVVQTzE3dUlmbnowTUJCa0I2V0IwaEFiV3hjMnpnN050Z0ZqZmtycHVkQ1Y1eDNPWlhQb0Y1TF9jOUE?oc=5\" target=\"_blank\" rel=\"nofollow noopener\">Tatry. Szukali zaginionego turysty, znale\u017ali cia\u0142o<\/a>&nbsp;&nbsp;TVN24<\/li>\n<\/ol>\n","protected":false},"excerpt":{"rendered":"[24tp.pl] Smutny fina\u0142 poszukiwa\u0144 turysty w rejonie Kasprowego Wierchu&nbsp;&nbsp;Tygodnik Podhala\u0144ski Wyjecha\u0142 na Kasprowy Wierch i \u015blad po nim&hellip;\n","protected":false},"author":2,"featured_media":273701,"comment_status":"","ping_status":"","sticky":false,"template":"","format":"standard","meta":{"footnotes":"","_share_on_mastodon":"0"},"categories":[12],"tags":[210,32,33,36,37,17266,7749,17264,17260,17261,27,399,34,35,28,31,25,9477,9829,17265,17263,9859,42,17259,6253,38,40,39,41,17262,127,3492,29,30,17258,26,1092,1570],"class_list":["post-273700","post","type-post","status-publish","format-standard","has-post-thumbnail","category-polska","tag-aktualnosci","tag-breaking-news","tag-breakingnews","tag-featured-news","tag-featurednews","tag-fotografie","tag-gazeta","tag-giewont","tag-gorale","tag-goralki","tag-headlines","tag-informacje","tag-latest-news","tag-latestnews","tag-naglowki","tag-najwazniejsze-artykuly","tag-news","tag-nowosci","tag-nowy-targ","tag-on-line","tag-orawa","tag-pieniny","tag-pl","tag-podhalanski","tag-podhale","tag-poland","tag-polish","tag-polska","tag-polski","tag-spisz","tag-sport","tag-tatry","tag-top-stories","tag-topstories","tag-tygodnik","tag-wiadomosci","tag-wydarzenia","tag-zakopane"],"share_on_mastodon":{"url":"","error":"Validation failed: Text character limit of 500 exceeded"},"_links":{"self":[{"href":"https:\/\/www.europesays.com\/pl\/wp-json\/wp\/v2\/posts\/273700","targetHints":{"allow":["GET"]}}],"collection":[{"href":"https:\/\/www.europesays.com\/pl\/wp-json\/wp\/v2\/posts"}],"about":[{"href":"https:\/\/www.europesays.com\/pl\/wp-json\/wp\/v2\/types\/post"}],"author":[{"embeddable":true,"href":"https:\/\/www.europesays.com\/pl\/wp-json\/wp\/v2\/users\/2"}],"replies":[{"embeddable":true,"href":"https:\/\/www.europesays.com\/pl\/wp-json\/wp\/v2\/comments?post=273700"}],"version-history":[{"count":0,"href":"https:\/\/www.europesays.com\/pl\/wp-json\/wp\/v2\/posts\/273700\/revisions"}],"wp:featuredmedia":[{"embeddable":true,"href":"https:\/\/www.europesays.com\/pl\/wp-json\/wp\/v2\/media\/273701"}],"wp:attachment":[{"href":"https:\/\/www.europesays.com\/pl\/wp-json\/wp\/v2\/media?parent=273700"}],"wp:term":[{"taxonomy":"category","embeddable":true,"href":"https:\/\/www.europesays.com\/pl\/wp-json\/wp\/v2\/categories?post=273700"},{"taxonomy":"post_tag","embeddable":true,"href":"https:\/\/www.europesays.com\/pl\/wp-json\/wp\/v2\/tags?post=273700"}],"curies":[{"name":"wp","href":"https:\/\/api.w.org\/{rel}","templated":true}]}}