{"id":273724,"date":"2026-02-23T04:51:09","date_gmt":"2026-02-23T04:51:09","guid":{"rendered":"https:\/\/www.europesays.com\/pl\/273724\/"},"modified":"2026-02-23T04:51:09","modified_gmt":"2026-02-23T04:51:09","slug":"wsciekly-lionel-messi-chcial-wtargnac-do-szatni-sedziow-jest-nagranie","status":"publish","type":"post","link":"https:\/\/www.europesays.com\/pl\/273724\/","title":{"rendered":"W\u015bciek\u0142y Lionel Messi chcia\u0142 wtargn\u0105\u0107 do szatni s\u0119dzi\u00f3w. Jest nagranie!"},"content":{"rendered":"<p>Lionel Messi w kiepskim stylu zacz\u0105\u0142 nowy sezon MLS. Jego dru\u017cyna Inter Miami przegra\u0142a na wyje\u017adzie z Los Angeles FC 0:3.<\/p>\n<p> Argenty\u0144czyk za pora\u017ck\u0119 obro\u0144c\u00f3w tytu\u0142u obwini\u0142 s\u0119dziego. Po meczu pr\u00f3bowa\u0142 wtargn\u0105\u0107 do szatni arbitr\u00f3w. Powstrzyma\u0142 go klubowy kolega Luis Suarez. Jak wida\u0107 na materia\u0142ach wideo z korytarza stadionu w Los Angeles, Urugwajczyk z\u0142apa\u0142 jeszcze s\u0142awniejszego koleg\u0119, gdy ten pr\u00f3bowa\u0142 wej\u015b\u0107 za drzwi do szatni, ale w pierwszej chwili niezbyt mu to si\u0119 uda\u0142o i obaj przekroczyli pr\u00f3g drzwi, po chwili Suarez wyprowadzi\u0142 jednak Messiego.<\/p>\n<p>W dru\u017cynie obro\u0144c\u00f3w tytu\u0142u Messiemu i Suarezowi, kt\u00f3ry wszed\u0142 z \u0142awki, towarzyszy\u0142 <a rel=\"nofollow\" href=\"https:\/\/m.in\" id=\"e6084677-ce44-4330-9b83-c5a35567a393\">m.in<\/a>. Rodrigo de Paul. Inni s\u0142awni pi\u0142karze Jordi Alba i Sergio Busquets po wywalczeniu tytu\u0142u zako\u0144czyli kariery.W zwyci\u0119skiej dru\u017cynie zagrali z kolei <a rel=\"nofollow\" href=\"https:\/\/m.in\" id=\"8a39f470-caa6-4e11-a629-9c40e5239813\">m.in<\/a>. francuski bramkarz Hugo Lloris i korea\u0144ski skrzyd\u0142owy Son Heung-min, czyli dawne gwiazdy Tottenhamu.<\/p>\n","protected":false},"excerpt":{"rendered":"Lionel Messi w kiepskim stylu zacz\u0105\u0142 nowy sezon MLS. Jego dru\u017cyna Inter Miami przegra\u0142a na wyje\u017adzie z Los&hellip;\n","protected":false},"author":2,"featured_media":273725,"comment_status":"","ping_status":"","sticky":false,"template":"","format":"standard","meta":{"footnotes":"","_share_on_mastodon":"0"},"categories":[24],"tags":[1356,1355,46245,16673,48,46,948,42,38,40,39,41,47,127,126,45199],"class_list":["post-273724","post","type-post","status-publish","format-standard","has-post-thumbnail","category-sport","tag-inter_miami","tag-lionel_messi","tag-luis_suarez","tag-mls","tag-nat_styl","tag-omp","tag-pilka_nozna","tag-pl","tag-poland","tag-polish","tag-polska","tag-polski","tag-screening_general","tag-sport","tag-sports","tag-unifeed_tst1"],"share_on_mastodon":{"url":"https:\/\/pubeurope.com\/@pl\/116118151666825695","error":""},"_links":{"self":[{"href":"https:\/\/www.europesays.com\/pl\/wp-json\/wp\/v2\/posts\/273724","targetHints":{"allow":["GET"]}}],"collection":[{"href":"https:\/\/www.europesays.com\/pl\/wp-json\/wp\/v2\/posts"}],"about":[{"href":"https:\/\/www.europesays.com\/pl\/wp-json\/wp\/v2\/types\/post"}],"author":[{"embeddable":true,"href":"https:\/\/www.europesays.com\/pl\/wp-json\/wp\/v2\/users\/2"}],"replies":[{"embeddable":true,"href":"https:\/\/www.europesays.com\/pl\/wp-json\/wp\/v2\/comments?post=273724"}],"version-history":[{"count":0,"href":"https:\/\/www.europesays.com\/pl\/wp-json\/wp\/v2\/posts\/273724\/revisions"}],"wp:featuredmedia":[{"embeddable":true,"href":"https:\/\/www.europesays.com\/pl\/wp-json\/wp\/v2\/media\/273725"}],"wp:attachment":[{"href":"https:\/\/www.europesays.com\/pl\/wp-json\/wp\/v2\/media?parent=273724"}],"wp:term":[{"taxonomy":"category","embeddable":true,"href":"https:\/\/www.europesays.com\/pl\/wp-json\/wp\/v2\/categories?post=273724"},{"taxonomy":"post_tag","embeddable":true,"href":"https:\/\/www.europesays.com\/pl\/wp-json\/wp\/v2\/tags?post=273724"}],"curies":[{"name":"wp","href":"https:\/\/api.w.org\/{rel}","templated":true}]}}