{"id":273955,"date":"2026-02-23T07:51:09","date_gmt":"2026-02-23T07:51:09","guid":{"rendered":"https:\/\/www.europesays.com\/pl\/273955\/"},"modified":"2026-02-23T07:51:09","modified_gmt":"2026-02-23T07:51:09","slug":"czeka-nas-pozegnanie-z-aplikacja","status":"publish","type":"post","link":"https:\/\/www.europesays.com\/pl\/273955\/","title":{"rendered":"czeka nas po\u017cegnanie z aplikacj\u0105"},"content":{"rendered":"\n<p>Co powiedzia\u0142 ekspert?<\/p>\n<p>\u2014 Na podstawie uzasadnienia projektu nowelizacji mo\u017cna przypuszcza\u0107, \u017ce czeka nas po\u017cegnanie z aplikacj\u0105 mObywatel, kt\u00f3r\u0105 chwalili\u015bmy si\u0119 nie tylko w Polsce, ale i w Europie \u2014 oceni\u0142 ekspert portalu cyberdefence24.pl, kt\u00f3rego cytuje RMF FM. Podkre\u015bli\u0142 jednak, \u017ce z projektu nie wynika wprost, \u017ce mObywatel zostanie wycofany. Nale\u017cy wi\u0119c poczeka\u0107 na oficjalne stanowisko Ministerstwa Cyfryzacji.<\/p>\n","protected":false},"excerpt":{"rendered":"Co powiedzia\u0142 ekspert? \u2014 Na podstawie uzasadnienia projektu nowelizacji mo\u017cna przypuszcza\u0107, \u017ce czeka nas po\u017cegnanie z aplikacj\u0105 mObywatel,&hellip;\n","protected":false},"author":2,"featured_media":273956,"comment_status":"","ping_status":"","sticky":false,"template":"","format":"standard","meta":{"footnotes":"","_share_on_mastodon":"0"},"categories":[12],"tags":[5277,32,33,36,37,27,49,34,35,20736,28,31,48,25,46,42,38,40,39,41,47,29,30,86,45199,26],"class_list":["post-273955","post","type-post","status-publish","format-standard","has-post-thumbnail","category-polska","tag-aplikacje","tag-breaking-news","tag-breakingnews","tag-featured-news","tag-featurednews","tag-headlines","tag-kraj","tag-latest-news","tag-latestnews","tag-mobywatel","tag-naglowki","tag-najwazniejsze-artykuly","tag-nat_styl","tag-news","tag-omp","tag-pl","tag-poland","tag-polish","tag-polska","tag-polski","tag-screening_general","tag-top-stories","tag-topstories","tag-unia_europejska","tag-unifeed_tst1","tag-wiadomosci"],"share_on_mastodon":{"url":"https:\/\/pubeurope.com\/@pl\/116118859607359067","error":""},"_links":{"self":[{"href":"https:\/\/www.europesays.com\/pl\/wp-json\/wp\/v2\/posts\/273955","targetHints":{"allow":["GET"]}}],"collection":[{"href":"https:\/\/www.europesays.com\/pl\/wp-json\/wp\/v2\/posts"}],"about":[{"href":"https:\/\/www.europesays.com\/pl\/wp-json\/wp\/v2\/types\/post"}],"author":[{"embeddable":true,"href":"https:\/\/www.europesays.com\/pl\/wp-json\/wp\/v2\/users\/2"}],"replies":[{"embeddable":true,"href":"https:\/\/www.europesays.com\/pl\/wp-json\/wp\/v2\/comments?post=273955"}],"version-history":[{"count":0,"href":"https:\/\/www.europesays.com\/pl\/wp-json\/wp\/v2\/posts\/273955\/revisions"}],"wp:featuredmedia":[{"embeddable":true,"href":"https:\/\/www.europesays.com\/pl\/wp-json\/wp\/v2\/media\/273956"}],"wp:attachment":[{"href":"https:\/\/www.europesays.com\/pl\/wp-json\/wp\/v2\/media?parent=273955"}],"wp:term":[{"taxonomy":"category","embeddable":true,"href":"https:\/\/www.europesays.com\/pl\/wp-json\/wp\/v2\/categories?post=273955"},{"taxonomy":"post_tag","embeddable":true,"href":"https:\/\/www.europesays.com\/pl\/wp-json\/wp\/v2\/tags?post=273955"}],"curies":[{"name":"wp","href":"https:\/\/api.w.org\/{rel}","templated":true}]}}