{"id":274229,"date":"2026-02-23T10:32:30","date_gmt":"2026-02-23T10:32:30","guid":{"rendered":"https:\/\/www.europesays.com\/pl\/274229\/"},"modified":"2026-02-23T10:32:30","modified_gmt":"2026-02-23T10:32:30","slug":"wendzikowska-kayah-doda-chajzer-zmagali-sie-z-depresja-mowili-o-objawach","status":"publish","type":"post","link":"https:\/\/www.europesays.com\/pl\/274229\/","title":{"rendered":"Wendzikowska, Kayah, Doda, Chajzer zmagali si\u0119 z depresj\u0105. M\u00f3wili o objawach"},"content":{"rendered":"<p>&#8222;Wed\u0142ug szacunk\u00f3w \u015awiatowej Organizacji Zdrowia do 2030 r. depresja b\u0119dzie najcz\u0119\u015bciej wyst\u0119puj\u0105c\u0105 chorob\u0105 na \u015bwiecie&#8221; \u2014 przekazuje NFZ, informuj\u0105c, \u017ce w Polsce na depresj\u0119 choruje ok. 1,3 mln os\u00f3b. Schorzenie to nie omin\u0119\u0142o r\u00f3wnie\u017c polskich gwiazd, kt\u00f3re coraz ch\u0119tniej dziel\u0105 si\u0119 swoimi prze\u017cyciami. Jaki\u015b czas temu o depresji wypowiedzia\u0142a si\u0119 <a href=\"https:\/\/plejada.pl\/newsy\/doda-o-tym-jak-zmienila-ja-depresja-nie-jestem-juz-taka-odporna\/pkl804d\" id=\"03586fe3-5409-42df-8cc1-2ae4b3fbc0b9\" rel=\"nofollow noopener\" target=\"_blank\">Doda, kt\u00f3ra opowiedzia\u0142a, jak zmieni\u0142a j\u0105 choroba.<\/a> Przyzna\u0142a te\u017c, \u017ce nie wchodzi w niepotrzebne konflikty. Ceni sobie spok\u00f3j.<\/p>\n<p>\u2014 t\u0142umaczy\u0142a.<\/p>\n<p>Depresja mo\u017ce dotkn\u0105\u0107 ka\u017cdego, czego dowodz\u0105 osoby z show-biznesu, kt\u00f3re niemal codziennie zmagaj\u0105 si\u0119 z krytyk\u0105 i stawiaj\u0105 czo\u0142a zainteresowaniem ich \u017cyciem prywatnym. Coraz wi\u0119cej znanych publicznie m\u00f3wi o walce z depresj\u0105. Zach\u0119caj\u0105 do tego, aby nie wstydzi\u0107 si\u0119 i nie ba\u0107 si\u0119 prosi\u0107 o pomoc.<\/p>\n<p>   1\/28 Kasia Kowalska       <img class=\"ods-a-photo ods-a-photo--background\" src=\"https:\/\/www.europesays.com\/pl\/wp-content\/uploads\/2026\/02\/Kxvk9lBaHR0cHM6Ly9vY2RuLmV1L3B1bHNjbXMvTURBXy9jN2Y0OGZkMTY2ODM5MTExYTlkY2JkY2U3ZGY5MjA2NS5qcGeRkwXNB.jpeg\" height=\"800\" width=\"571\" alt=\"Kasia Kowalska\" loading=\"lazy\" fetchpriority=\"auto\" decoding=\"auto\"\/>    <\/p>\n<p>Jaros\u0142aw Antoniak \/ MW Media<\/p>\n<p>  &#8222;Dla mnie szklanka mo\u017ce by\u0107 do po\u0142owy pe\u0142na, ale za to wype\u0142niona trucizn\u0105. Mam tak\u0105 natur\u0119, \u017ce zawsze widz\u0119 ciemne strony [&#8230;]. Nie umiem si\u0119 do ko\u0144ca niczym cieszy\u0107&#8221; \u2013 wyzna\u0142a Kasia Kowalska kilka lat temu w wywiadzie dla &#8222;Vivy!&#8221;.  <\/p>\n<p>&#8222;Dla mnie szklanka mo\u017ce by\u0107 do po\u0142owy pe\u0142na, ale za to wype\u0142niona trucizn\u0105. Mam tak\u0105 natur\u0119, \u017ce zawsze widz\u0119 ciemne strony [&#8230;]. Nie umiem si\u0119 do ko\u0144ca niczym cieszy\u0107&#8221; \u2013 wyzna\u0142a Kasia Kowalska kilka lat temu w wywiadzie dla &#8222;Vivy!&#8221;.<\/p>\n<p>   2\/28 Sebastian Fabija\u0144ski       <img class=\"ods-a-photo ods-a-photo--background\" src=\"https:\/\/www.europesays.com\/pl\/wp-content\/uploads\/2026\/02\/IA0k9lBaHR0cHM6Ly9vY2RuLmV1L3B1bHNjbXMvTURBXy80NjA2YzM1OGU4YzBiY2Y1NDk0MjdkMWMxNjVlY2U1Ni5qcGeRkwXNB.jpeg\" height=\"800\" width=\"533\" alt=\"Sebastian Fabija\u0144ski\" loading=\"lazy\" fetchpriority=\"auto\" decoding=\"auto\"\/>    <\/p>\n<p>Andras Szilagyi \/ MW Media<\/p>\n<p>  Sebastian Fabija\u0144ski w ksi\u0105\u017cce &#8222;B\u00f3g w wielkim mie\u015bcie&#8221; opowiedzia\u0142 o swoich zmaganiach z depresj\u0105. &#8222;Depresja to okre\u015blenie medyczne, ale tak to mo\u017cna nazwa\u0107. Codziennie budzi\u0142em si\u0119 z poczuciem braku jakiegokolwiek sensu [&#8230;] Odizolowa\u0142em si\u0119 wtedy od ca\u0142ego \u015bwiata. Nie chcia\u0142em si\u0119 z nikim spotyka\u0107&#8221; &#8211; m\u00f3wi\u0142 kilka lat temu aktor.  <\/p>\n<p>Sebastian Fabija\u0144ski w ksi\u0105\u017cce &#8222;B\u00f3g w wielkim mie\u015bcie&#8221; opowiedzia\u0142 o swoich zmaganiach z depresj\u0105. &#8222;Depresja to okre\u015blenie medyczne, ale tak to mo\u017cna nazwa\u0107. Codziennie budzi\u0142em si\u0119 z poczuciem braku jakiegokolwiek sensu [&#8230;] Odizolowa\u0142em si\u0119 wtedy od ca\u0142ego \u015bwiata. Nie chcia\u0142em si\u0119 z nikim spotyka\u0107&#8221; &#8211; m\u00f3wi\u0142 kilka lat temu aktor.<\/p>\n<p>        3\/28 Zofia Zborowska-Wrona       <img class=\"ods-a-photo ods-a-photo--background\" src=\"https:\/\/www.europesays.com\/pl\/wp-content\/uploads\/2026\/02\/RCsk9lBaHR0cHM6Ly9vY2RuLmV1L3B1bHNjbXMvTURBXy8wZjEzZjY0M2UwYTY0NmVmZTQyODJmNzQ5YjIwZTBmMi5qcGeRkwXNB.jpeg\" height=\"800\" width=\"532\" alt=\"Zofia Zborowska-Wrona\" loading=\"lazy\" fetchpriority=\"auto\" decoding=\"auto\"\/>    <\/p>\n<p>PIOTR ANDRZEJCZAK\/MWMEDIA \/ MW Media<\/p>\n<p>  Zofia Zborowska-Wrona tak\u017ce szczerze opowiedzia\u0142a o depresji. &#8222;Pami\u0119tam, jak le\u017ca\u0142am na \u0142\u00f3\u017cku nieruchoma i mia\u0142am wra\u017cenie, \u017ce zalewa mnie czarna ma\u017a (dos\u0142ownie) bezsilno\u015bci i smutku. Nie by\u0142am w stanie si\u0119 ruszy\u0107, \u0142zy lecia\u0142y mi ciurkiem, przesta\u0142am je\u015b\u0107&#8230; I to by\u0142 moment, w kt\u00f3rym zda\u0142am sobie spraw\u0119, \u017ce mimo gigantycznego wsparcia m\u0119\u017ca, rodziny i przyjaci\u00f3\u0142, nie dam rady. Nie b\u00f3jcie si\u0119 prosi\u0107 o pomoc. Dbajcie o siebie i swoje zdrowie psychiczne. Psychoterapeuta lub psychiatra w dzisiejszych czasach to nie wstyd&#8221; &#8211; napisa\u0142a na Instagramie.  <\/p>\n<p>Zofia Zborowska-Wrona tak\u017ce szczerze opowiedzia\u0142a o depresji. &#8222;Pami\u0119tam, jak le\u017ca\u0142am na \u0142\u00f3\u017cku nieruchoma i mia\u0142am wra\u017cenie, \u017ce zalewa mnie czarna ma\u017a (dos\u0142ownie) bezsilno\u015bci i smutku. Nie by\u0142am w stanie si\u0119 ruszy\u0107, \u0142zy lecia\u0142y mi ciurkiem, przesta\u0142am je\u015b\u0107&#8230; I to by\u0142 moment, w kt\u00f3rym zda\u0142am sobie spraw\u0119, \u017ce mimo gigantycznego wsparcia m\u0119\u017ca, rodziny i przyjaci\u00f3\u0142, nie dam rady. Nie b\u00f3jcie si\u0119 prosi\u0107 o pomoc. Dbajcie o siebie i swoje zdrowie psychiczne. Psychoterapeuta lub psychiatra w dzisiejszych czasach to nie wstyd&#8221; &#8211; napisa\u0142a na Instagramie.<\/p>\n<p>   4\/28 Ma\u0142gorzata Foremniak       <img class=\"ods-a-photo ods-a-photo--background\" src=\"https:\/\/www.europesays.com\/pl\/wp-content\/uploads\/2026\/02\/zZyk9lBaHR0cHM6Ly9vY2RuLmV1L3B1bHNjbXMvTURBXy9lMDBhMzIyZDNkOWFiZTMxZTY5YmY0MDczYjdlYTRmZS5qcGeRkwXNB.jpeg\" height=\"800\" width=\"533\" alt=\"Ma\u0142gorzata Foremniak\" loading=\"lazy\" fetchpriority=\"auto\" decoding=\"auto\"\/>    <\/p>\n<p>Pawe\u0142 Wrzecion \/ MW Media<\/p>\n<p>  Ma\u0142gorzata Foremniak r\u00f3wnie\u017c walczy\u0142a z depresj\u0105. &#8222;Zawsze jest moment krytyczny. Mo\u017cesz uton\u0105\u0107 albo si\u0119 wynurzy\u0107. Kt\u00f3rego\u015b dnia nad ranem pomy\u015bla\u0142am: \u00bbCzy kogo\u015b obchodzi, \u017ce w jakim\u015b pokoiku jest strz\u0119pek kobiety i wali \u0142bem o mur? Do kur&#8230; n\u0119dzy, Foremniak, albo w\u00f3z, albo przew\u00f3z!\u00ab. Ka\u017cdy kryzys jest szans\u0105 na powt\u00f3rne narodziny. Jestem przyk\u0142adem, \u017ce mo\u017cna z tego wyj\u015b\u0107&#8221; \u2013 powiedzia\u0142a w wywiadzie dla &#8222;Twojego Stylu&#8221;.  <\/p>\n<p>Ma\u0142gorzata Foremniak r\u00f3wnie\u017c walczy\u0142a z depresj\u0105. &#8222;Zawsze jest moment krytyczny. Mo\u017cesz uton\u0105\u0107 albo si\u0119 wynurzy\u0107. Kt\u00f3rego\u015b dnia nad ranem pomy\u015bla\u0142am: \u00bbCzy kogo\u015b obchodzi, \u017ce w jakim\u015b pokoiku jest strz\u0119pek kobiety i wali \u0142bem o mur? Do kur&#8230; n\u0119dzy, Foremniak, albo w\u00f3z, albo przew\u00f3z!\u00ab. Ka\u017cdy kryzys jest szans\u0105 na powt\u00f3rne narodziny. Jestem przyk\u0142adem, \u017ce mo\u017cna z tego wyj\u015b\u0107&#8221; \u2013 powiedzia\u0142a w wywiadzie dla &#8222;Twojego Stylu&#8221;.<\/p>\n<p>        5\/28 Micha\u0142 Malitowski       <img class=\"ods-a-photo ods-a-photo--background\" src=\"https:\/\/www.europesays.com\/pl\/wp-content\/uploads\/2026\/02\/TUBk9lBaHR0cHM6Ly9vY2RuLmV1L3B1bHNjbXMvTURBXy9kMTNlMzY0YjhkYzdjM2I2Y2RkZTY2ZmFkMWViYTA4NS5qcGeRkwXNB.jpeg\" height=\"800\" width=\"533\" alt=\"Micha\u0142 Malitowski\" loading=\"lazy\" fetchpriority=\"auto\" decoding=\"auto\"\/>    <\/p>\n<p>Jaros\u0142aw Antoniak \/ MW Media<\/p>\n<p>    Micha\u0142 Malitowski kilka lat temu po raz pierwszy opowiedzia\u0142 o depresji. Wyzna\u0142, \u017ce nawet planowa\u0142 samob\u00f3jstwo. &#8222;Czu\u0142em, \u017ce nic nie czu\u0142em. Czu\u0142em absurd \u015bwiata, niech\u0119\u0107 do \u017cycia, totalne roz\u0142o\u017cenie. [&#8230;] Zg\u0142osi\u0142em si\u0119 do lekarza, jak ju\u017c nie mog\u0142em \u017cy\u0107. Gdy poszed\u0142em do niego pierwszy raz, odpu\u015bci\u0142o wszystko, zrezygnowa\u0142em&#8221; &#8211; m\u00f3wi\u0142 w audycji Radia Zet &#8222;Niez\u0142y pacjent&#8221;. Teraz doda\u0142 tak\u017ce, \u017ce <a href=\"&quot;https:\/\/plejada.pl\/newsy\/michal-malitowski-zmaga-sie-z-nieuleczalna-choroba-wyjawil-co-mu-dolega\/5bthrgj&quot;\">cierpi na chorob\u0119 afektywn\u0105 dwubiegunow\u0105<\/a>.      Micha\u0142 Malitowski kilka lat temu po raz pierwszy opowiedzia\u0142 o depresji. Wyzna\u0142, \u017ce nawet planowa\u0142 samob\u00f3jstwo. &#8222;Czu\u0142em, \u017ce nic nie czu\u0142em. Czu\u0142em absurd \u015bwiata, niech\u0119\u0107 do \u017cycia, totalne roz\u0142o\u017cenie. [&#8230;] Zg\u0142osi\u0142em si\u0119 do lekarza, jak ju\u017c nie mog\u0142em \u017cy\u0107. Gdy poszed\u0142em do niego pierwszy raz, odpu\u015bci\u0142o wszystko, zrezygnowa\u0142em&#8221; &#8211; m\u00f3wi\u0142 w audycji Radia Zet &#8222;Niez\u0142y pacjent&#8221;. Teraz doda\u0142 tak\u017ce, \u017ce <a href=\"https:\/\/plejada.pl\/newsy\/michal-malitowski-zmaga-sie-z-nieuleczalna-choroba-wyjawil-co-mu-dolega\/5bthrgj\" rel=\"nofollow noopener\" target=\"_blank\">cierpi na chorob\u0119 afektywn\u0105 dwubiegunow\u0105<\/a>.   6\/28 Maria Peszek       <img class=\"ods-a-photo ods-a-photo--background\" src=\"https:\/\/www.europesays.com\/pl\/wp-content\/uploads\/2026\/02\/Dt7k9lBaHR0cHM6Ly9vY2RuLmV1L3B1bHNjbXMvTURBXy81MjcwYjFhNWJiZGI5OTI3MWJiM2MwMDEzZDkwNWVmYy5qcGeRkwXNB.jpeg\" height=\"800\" width=\"533\" alt=\"Maria Peszek\" loading=\"lazy\" fetchpriority=\"auto\" decoding=\"auto\"\/>    <\/p>\n<p>Pawe\u0142 Wrzecion \/ MW Media<\/p>\n<p>  Maria Peszek jaki\u015b czas temu opowiedzia\u0142a o depresji. &#8222;Czu\u0142am si\u0119, jakby kto\u015b mi wyj\u0105\u0142 wtyczk\u0119 z kontaktu. Przez rok wszystko by\u0142o b\u00f3lem i chaosem. Chcia\u0142am umrze\u0107&#8221; \u2013 m\u00f3wi\u0142a artystka na \u0142amach &#8222;Polityki&#8221;.  <\/p>\n<p>Maria Peszek jaki\u015b czas temu opowiedzia\u0142a o depresji. &#8222;Czu\u0142am si\u0119, jakby kto\u015b mi wyj\u0105\u0142 wtyczk\u0119 z kontaktu. Przez rok wszystko by\u0142o b\u00f3lem i chaosem. Chcia\u0142am umrze\u0107&#8221; \u2013 m\u00f3wi\u0142a artystka na \u0142amach &#8222;Polityki&#8221;.<\/p>\n<p>        7\/28 Edyta Pazura       <img class=\"ods-a-photo ods-a-photo--background\" src=\"https:\/\/www.europesays.com\/pl\/wp-content\/uploads\/2026\/02\/SUok9lBaHR0cHM6Ly9vY2RuLmV1L3B1bHNjbXMvTURBXy82ZjM2YTI4MzM0NDAzZjQ4ZmQ4NjdjODRiMmE3NDdiYy5qcGeRkwXNB.jpeg\" height=\"800\" width=\"532\" alt=\"Edyta Pazura\" loading=\"lazy\" fetchpriority=\"auto\" decoding=\"auto\"\/>    <\/p>\n<p>PIOTR ANDRZEJCZAK\/MWMEDIA \/ MW Media<\/p>\n<p>  &#8222;My\u015bla\u0142am, \u017ce po tym wszystkim, nic mi ju\u017c nie zaszkodzi i przysz\u0142a ona\u2026 Pani Depresja. Wiem, \u017ce depresja nie musi przyj\u015b\u0107 wtedy, kiedy jest \u017ale. Czasami wystarczy ma\u0142y impuls. My\u015bla\u0142am, \u017ce po moich do\u015bwiadczeniach jestem jak czo\u0142g \u2014 niezniszczalna&#8221; \u2013 opowiedzia\u0142a \u017cona Cezarego Pazury na swoim kanale na YouTube.  <\/p>\n<p>&#8222;My\u015bla\u0142am, \u017ce po tym wszystkim, nic mi ju\u017c nie zaszkodzi i przysz\u0142a ona\u2026 Pani Depresja. Wiem, \u017ce depresja nie musi przyj\u015b\u0107 wtedy, kiedy jest \u017ale. Czasami wystarczy ma\u0142y impuls. My\u015bla\u0142am, \u017ce po moich do\u015bwiadczeniach jestem jak czo\u0142g \u2014 niezniszczalna&#8221; \u2013 opowiedzia\u0142a \u017cona Cezarego Pazury na swoim kanale na YouTube.<\/p>\n<p>   8\/28 Katarzyna Cichopek       <img class=\"ods-a-photo ods-a-photo--background\" src=\"https:\/\/www.europesays.com\/pl\/wp-content\/uploads\/2026\/02\/oayk9lBaHR0cHM6Ly9vY2RuLmV1L3B1bHNjbXMvTURBXy9lMWU2MjdmZmI3ODYxN2VjYWRiN2I2MTA4NzY2ZTYxZC5qcGeRkwXNB.jpeg\" height=\"800\" width=\"533\" alt=\"Katarzyna Cichopek\" loading=\"lazy\" fetchpriority=\"auto\" decoding=\"auto\"\/>    <\/p>\n<p>Andras Szilagyi \/ MW Media<\/p>\n<p>  Katarzyna Cichopek prze\u017cy\u0142a moment za\u0142amania po porodzie. &#8222;Mia\u0142am powa\u017cny k\u0142opot. Prze\u017cy\u0142am koszmar po porodzie. Bardzo d\u0142ugo wraca\u0142am do formy \u2014 tak fizycznej, jak psychicznej. Co wi\u0119cej, wszystkie mamy dooko\u0142a zapewnia\u0142y mnie, jak to jest pi\u0119knie i wspaniale, gdy ju\u017c urodzi si\u0119 dziecko, a ja, ku mojemu przera\u017ceniu, wcale tego nie czu\u0142am. Mia\u0142am do siebie pretensje o to, \u017ce nie jest tak, jak by\u0107 powinno. Uzna\u0142am, \u017ce jestem po prostu gorsza od innych&#8221; &#8211; powiedzia\u0142a aktorka w rozmowie z &#8222;Na \u017cywo&#8221;.  <\/p>\n<p>Katarzyna Cichopek prze\u017cy\u0142a moment za\u0142amania po porodzie. &#8222;Mia\u0142am powa\u017cny k\u0142opot. Prze\u017cy\u0142am koszmar po porodzie. Bardzo d\u0142ugo wraca\u0142am do formy \u2014 tak fizycznej, jak psychicznej. Co wi\u0119cej, wszystkie mamy dooko\u0142a zapewnia\u0142y mnie, jak to jest pi\u0119knie i wspaniale, gdy ju\u017c urodzi si\u0119 dziecko, a ja, ku mojemu przera\u017ceniu, wcale tego nie czu\u0142am. Mia\u0142am do siebie pretensje o to, \u017ce nie jest tak, jak by\u0107 powinno. Uzna\u0142am, \u017ce jestem po prostu gorsza od innych&#8221; &#8211; powiedzia\u0142a aktorka w rozmowie z &#8222;Na \u017cywo&#8221;.<\/p>\n<p>        9\/28 Justyna Kowalczyk       <img class=\"ods-a-photo ods-a-photo--background\" src=\"https:\/\/www.europesays.com\/pl\/wp-content\/uploads\/2026\/02\/NP7k9lBaHR0cHM6Ly9vY2RuLmV1L3B1bHNjbXMvTURBXy9hZWVhMzA0NzU0MWZjM2E3ZGIyYmQ2ZDE1MjcwMWUyYi5qcGeRkwXNB.jpeg\" height=\"800\" width=\"634\" alt=\"Justyna Kowalczyk\" loading=\"lazy\" fetchpriority=\"auto\" decoding=\"auto\"\/>    <\/p>\n<p>Marek Ulatowski\/mwmedia \/ MW Media<\/p>\n<p>  Justyna Kowalczyk jaki\u015b czas temu m\u00f3wi\u0142a: &#8222;Od ponad roku mam zdiagnozowane stany depresyjne. Od ponad p\u00f3\u0142tora roku walcz\u0119 z bezsenno\u015bci\u0105. Mo\u017ce by si\u0119 zebra\u0142o kilkadziesi\u0105t nocy, kt\u00f3re w tym czasie normalnie przespa\u0142am. [&#8230;]. W pewnym momencie byle posi\u0142ek bywa\u0142 wystarczaj\u0105cym powodem do wymiotowania&#8221; &#8211; powiedzia\u0142a w rozmowie z &#8222;Gazet\u0105 Wyborcz\u0105&#8221;.  <\/p>\n<p>Justyna Kowalczyk jaki\u015b czas temu m\u00f3wi\u0142a: &#8222;Od ponad roku mam zdiagnozowane stany depresyjne. Od ponad p\u00f3\u0142tora roku walcz\u0119 z bezsenno\u015bci\u0105. Mo\u017ce by si\u0119 zebra\u0142o kilkadziesi\u0105t nocy, kt\u00f3re w tym czasie normalnie przespa\u0142am. [&#8230;]. W pewnym momencie byle posi\u0142ek bywa\u0142 wystarczaj\u0105cym powodem do wymiotowania&#8221; &#8211; powiedzia\u0142a w rozmowie z &#8222;Gazet\u0105 Wyborcz\u0105&#8221;.<\/p>\n<p>   10\/28 Kayah       <img class=\"ods-a-photo ods-a-photo--background\" src=\"https:\/\/www.europesays.com\/pl\/wp-content\/uploads\/2026\/02\/ccjk9lBaHR0cHM6Ly9vY2RuLmV1L3B1bHNjbXMvTURBXy9kMGZmMzQ1ZGZjNmRkOTU2Y2YwMmRmMjIyMTFlNzE2Ni5qcGeRkwXNB.jpeg\" height=\"800\" width=\"533\" alt=\"Kayah\" loading=\"lazy\" fetchpriority=\"auto\" decoding=\"auto\"\/>    <\/p>\n<p>Jaros\u0142aw Antoniak \/ MW Media<\/p>\n<p>  Kayah prze\u017cy\u0142a trudny czas po porodzie synka. &#8222;Przez p\u00f3\u0142 roku mia\u0142am depresj\u0119 poporodow\u0105. M\u00f3j syn p\u0142aka\u0142 ca\u0142y czas, przez pierwszy rok nie spa\u0142 ani jednej nocy. By\u0142am wyko\u0144czona&#8221; &#8211; powiedzia\u0142a w rozmowie z &#8222;Viv\u0105!&#8221;.  <\/p>\n<p>Kayah prze\u017cy\u0142a trudny czas po porodzie synka. &#8222;Przez p\u00f3\u0142 roku mia\u0142am depresj\u0119 poporodow\u0105. M\u00f3j syn p\u0142aka\u0142 ca\u0142y czas, przez pierwszy rok nie spa\u0142 ani jednej nocy. By\u0142am wyko\u0144czona&#8221; &#8211; powiedzia\u0142a w rozmowie z &#8222;Viv\u0105!&#8221;.<\/p>\n<p>        11\/28 Edyta Bartosiewicz       <img class=\"ods-a-photo ods-a-photo--background\" src=\"https:\/\/www.europesays.com\/pl\/wp-content\/uploads\/2026\/02\/b6Vk9lLaHR0cDovL29jZG4uZXUvaW1hZ2VzL3B1bHNjbXMvTkRBN01EQV8vOTUzODc3MDY5OTYyMTg0MGRkMzBmNTg4NjE2YzAzY.jpeg\" height=\"800\" width=\"528\" alt=\"Edyta Bartosiewicz\" loading=\"lazy\" fetchpriority=\"auto\" decoding=\"auto\"\/>    <\/p>\n<p>Andras Szilagyi \/ MW Media<\/p>\n<p>  &#8222;W tym roku ko\u0144cz\u0119 o\u015bmioletni\u0105 psychoterapi\u0119. Wcze\u015bniej wstydzi\u0142am si\u0119 jako osoba publiczna prosi\u0107 o pomoc. Pokaza\u0107 si\u0119 jako ta s\u0142aba, nic niewarta, kulej\u0105ca&#8221; \u2013 m\u00f3wi\u0142a Edyta Bartosiewicz  &#8222;Vive!&#8221; w 2013 r.  <\/p>\n<p>&#8222;W tym roku ko\u0144cz\u0119 o\u015bmioletni\u0105 psychoterapi\u0119. Wcze\u015bniej wstydzi\u0142am si\u0119 jako osoba publiczna prosi\u0107 o pomoc. Pokaza\u0107 si\u0119 jako ta s\u0142aba, nic niewarta, kulej\u0105ca&#8221; \u2013 m\u00f3wi\u0142a Edyta Bartosiewicz  &#8222;Vive!&#8221; w 2013 r.<\/p>\n<p>   12\/28 Justyna Nag\u0142owska       <img class=\"ods-a-photo ods-a-photo--background\" src=\"https:\/\/www.europesays.com\/pl\/wp-content\/uploads\/2026\/02\/YA9k9lBaHR0cHM6Ly9vY2RuLmV1L3B1bHNjbXMvTURBXy8zMzk5MjJhMTc1MDRjM2ZmYzIxYTIyMGUwOGJhZGZmMC5qcGeRkwXNB.jpeg\" height=\"800\" width=\"533\" alt=\"Justyna Nag\u0142owska\" loading=\"lazy\" fetchpriority=\"auto\" decoding=\"auto\"\/>    <\/p>\n<p>Andras Szilagyi \/ MW Media<\/p>\n<p>  \u017bona Borysa Szyca r\u00f3wnie\u017c zmaga\u0142a si\u0119 z depresj\u0105. &#8222;Ta choroba od lat nie jest mi obca. Dotyka te\u017c coraz wi\u0119ksz\u0105 liczb\u0119 ludzi. Po cichu zabiera ich z tego \u015bwiata. Nie rozumiej\u0105 jej bliscy cierpi\u0105cych os\u00f3b, jest cz\u0119sto bagatelizowana \u2014 kwitowana stwierdzeniem &#8211; \u00bbOgarnij si\u0119\u00ab. [&#8230;] Na czas trwania ci\u0105\u017cy wycofa\u0142am si\u0119 z poruszania tego tematu publicznie, dla naszego dobra, bo to zawsze generuje spore emocje&#8221; \u2013 napisa\u0142a na Instagramie, b\u0119d\u0105c w ci\u0105\u017cy ze swoim trzecim dzieckiem.  <\/p>\n<p>\u017bona Borysa Szyca r\u00f3wnie\u017c zmaga\u0142a si\u0119 z depresj\u0105. &#8222;Ta choroba od lat nie jest mi obca. Dotyka te\u017c coraz wi\u0119ksz\u0105 liczb\u0119 ludzi. Po cichu zabiera ich z tego \u015bwiata. Nie rozumiej\u0105 jej bliscy cierpi\u0105cych os\u00f3b, jest cz\u0119sto bagatelizowana \u2014 kwitowana stwierdzeniem &#8211; \u00bbOgarnij si\u0119\u00ab. [&#8230;] Na czas trwania ci\u0105\u017cy wycofa\u0142am si\u0119 z poruszania tego tematu publicznie, dla naszego dobra, bo to zawsze generuje spore emocje&#8221; \u2013 napisa\u0142a na Instagramie, b\u0119d\u0105c w ci\u0105\u017cy ze swoim trzecim dzieckiem.<\/p>\n<p>        13\/28 Danuta Stenka       <img class=\"ods-a-photo ods-a-photo--background\" src=\"https:\/\/www.europesays.com\/pl\/wp-content\/uploads\/2026\/02\/TZRk9lBaHR0cHM6Ly9vY2RuLmV1L3B1bHNjbXMvTURBXy9iOGJmZjAxM2NlZTliNmRhM2FkNzZhOTNkN2IwNDcwYy5qcGeRkwXNB.jpeg\" height=\"800\" width=\"533\" alt=\"Danuta Stenka\" loading=\"lazy\" fetchpriority=\"auto\" decoding=\"auto\"\/>    <\/p>\n<p>MW Media<\/p>\n<p>  &#8222;Budzi\u0142am si\u0119 rano i zanim otworzy\u0142am oczy, chcia\u0142o mi si\u0119 p\u0142aka\u0107&gt;\/b&gt;. Jakbym straci\u0142a sens \u017cycia. Smutek si\u0119 nasila\u0142, czu\u0142am, jak spadam na dno&#8221; \u2013 m\u00f3wi\u0142a Danuta Stenka w wywiadzie dla &#8222;Twojego Stylu&#8221;.  <\/p>\n<p>&#8222;Budzi\u0142am si\u0119 rano i zanim otworzy\u0142am oczy, chcia\u0142o mi si\u0119 p\u0142aka\u0107&gt;\/b&gt;. Jakbym straci\u0142a sens \u017cycia. Smutek si\u0119 nasila\u0142, czu\u0142am, jak spadam na dno&#8221; \u2013 m\u00f3wi\u0142a Danuta Stenka w wywiadzie dla &#8222;Twojego Stylu&#8221;.<\/p>\n<p>   14\/28 Urszula Dudziak       <img class=\"ods-a-photo ods-a-photo--background\" src=\"https:\/\/www.europesays.com\/pl\/wp-content\/uploads\/2026\/02\/SJak9lBaHR0cHM6Ly9vY2RuLmV1L3B1bHNjbXMvTURBXy8xMDIzYzFiYjliZGZmY2MwNTE5NjFlMzExNTBiMDNhZS5qcGeRkwXNB.jpeg\" height=\"800\" width=\"533\" alt=\"Urszula Dudziak\" loading=\"lazy\" fetchpriority=\"auto\" decoding=\"auto\"\/>    <\/p>\n<p>Pawe\u0142 Wrzecion \/ MW Media<\/p>\n<p>  &#8222;\u017by\u0142am w obcym kraju, na innym kontynencie, z dala od rodziny. Ogarn\u0119\u0142a mnie taka depresja i parali\u017c, \u017ce chodzi\u0142am w szlafroku i w k\u00f3\u0142ko p\u0142aka\u0142am. Nie mia\u0142am jeszcze tego, co wykszta\u0142ci\u0142o si\u0119 we mnie potem, po spotkaniu Jerzego Kosi\u0144skiego: systemu odporno\u015bciowego, kt\u00f3ry pozwoli\u0142by mi z tego wyj\u015b\u0107&#8221; &#8211; m\u00f3wi\u0142a Urszula Dudziak w wywiadzie dla &#8222;Gali&#8221;.  <\/p>\n<p>&#8222;\u017by\u0142am w obcym kraju, na innym kontynencie, z dala od rodziny. Ogarn\u0119\u0142a mnie taka depresja i parali\u017c, \u017ce chodzi\u0142am w szlafroku i w k\u00f3\u0142ko p\u0142aka\u0142am. Nie mia\u0142am jeszcze tego, co wykszta\u0142ci\u0142o si\u0119 we mnie potem, po spotkaniu Jerzego Kosi\u0144skiego: systemu odporno\u015bciowego, kt\u00f3ry pozwoli\u0142by mi z tego wyj\u015b\u0107&#8221; &#8211; m\u00f3wi\u0142a Urszula Dudziak w wywiadzie dla &#8222;Gali&#8221;.<\/p>\n<p>        15\/28 Bartek J\u0119drzejak       <img class=\"ods-a-photo ods-a-photo--background\" src=\"https:\/\/www.europesays.com\/pl\/wp-content\/uploads\/2026\/02\/l6Qk9lBaHR0cHM6Ly9vY2RuLmV1L3B1bHNjbXMvTURBXy9lOGZhMmMxZTA3ZjVhYTNjOTE4NjEwMGFhNjExNmZlMS5qcGeRkwXNB.jpeg\" height=\"800\" width=\"533\" alt=\"Bartek J\u0119drzejak\" loading=\"lazy\" fetchpriority=\"auto\" decoding=\"auto\"\/>    <\/p>\n<p>PAWEL WRZECION\/MWMEDIA \/ MW Media<\/p>\n<p>  &#8222;Wiem, co to jest za walka i czym okupiona [&#8230;] Walczy\u0142em pod opieka\u0328 lekarza, psychologa i najbliz\u0307szych. Wiedzieli tylko oni. Kaz\u0307de wyjs\u0301cie z domu, kaz\u0307dy program by\u0142y jak wysokogo\u0301rska wspinaczka. [&#8230;] Walka trwa\u0142a ponad rok. Uda\u0142o sie\u0328. I Wam sie\u0328 uda. Nie bo\u0301jcie sie\u0328 wizyt u lekarza, nie bo\u0301jcie sie\u0328 wsparcia psychiatry i psychologa&#8221; &#8211; wyzna\u0142 kilka miesi\u0119cy temu Bartek J\u0119drzejak.  <\/p>\n<p>&#8222;Wiem, co to jest za walka i czym okupiona [&#8230;] Walczy\u0142em pod opieka\u0328 lekarza, psychologa i najbliz\u0307szych. Wiedzieli tylko oni. Kaz\u0307de wyjs\u0301cie z domu, kaz\u0307dy program by\u0142y jak wysokogo\u0301rska wspinaczka. [&#8230;] Walka trwa\u0142a ponad rok. Uda\u0142o sie\u0328. I Wam sie\u0328 uda. Nie bo\u0301jcie sie\u0328 wizyt u lekarza, nie bo\u0301jcie sie\u0328 wsparcia psychiatry i psychologa&#8221; &#8211; wyzna\u0142 kilka miesi\u0119cy temu Bartek J\u0119drzejak.<\/p>\n<p>   16\/28 Agata M\u0142ynarska       <img class=\"ods-a-photo ods-a-photo--background\" src=\"https:\/\/www.europesays.com\/pl\/wp-content\/uploads\/2026\/02\/vX0k9lBaHR0cHM6Ly9vY2RuLmV1L3B1bHNjbXMvTURBXy8yZjQ3ODdkYTkwZGJiZjI2MGVmZTMwYzk1Y2UwY2Y1NC5qcGeRkwXNB.jpeg\" height=\"800\" width=\"533\" alt=\"Agata M\u0142ynarska\" loading=\"lazy\" fetchpriority=\"auto\" decoding=\"auto\"\/>    <\/p>\n<p>PAWEL WRZECION\/MWMEDIA \/ MW Media<\/p>\n<p>  Agata M\u0142ynarska tak\u017ce opowiedzia\u0142a o walce z depresj\u0105. &#8222;Wiele razy zdarza\u0142o mi sie\u0328 nie miec\u0301 si\u0142y na nic, nawet na zmycie makijaz\u0307u, na wstanie z \u0142o\u0301z\u0307ka. Dzia\u0142a\u0142am na automatycznym pilocie, z wyuczonym us\u0301miechem, kto\u0301ry odczuwa\u0142am jako fizyczny bo\u0301l. Bola\u0142o mnie zreszta\u0328 cale cia\u0142o. Nie mog\u0142am spac\u0301, budzi\u0142am sie\u0328 nad ranem z nieuchwytnym niepokojem, mys\u0301lo\u0301wa\u0328, drz\u0307eniem serca&#8221; &#8211; napisa\u0142a na Instagramie.  <\/p>\n<p>Agata M\u0142ynarska tak\u017ce opowiedzia\u0142a o walce z depresj\u0105. &#8222;Wiele razy zdarza\u0142o mi sie\u0328 nie miec\u0301 si\u0142y na nic, nawet na zmycie makijaz\u0307u, na wstanie z \u0142o\u0301z\u0307ka. Dzia\u0142a\u0142am na automatycznym pilocie, z wyuczonym us\u0301miechem, kto\u0301ry odczuwa\u0142am jako fizyczny bo\u0301l. Bola\u0142o mnie zreszta\u0328 cale cia\u0142o. Nie mog\u0142am spac\u0301, budzi\u0142am sie\u0328 nad ranem z nieuchwytnym niepokojem, mys\u0301lo\u0301wa\u0328, drz\u0307eniem serca&#8221; &#8211; napisa\u0142a na Instagramie.<\/p>\n<p>        17\/28 Ma\u0142gorzata Potocka       <img class=\"ods-a-photo ods-a-photo--background\" src=\"https:\/\/www.europesays.com\/pl\/wp-content\/uploads\/2026\/02\/AXok9lBaHR0cHM6Ly9vY2RuLmV1L3B1bHNjbXMvTURBXy9kYjAxYWI5MTYxZDYyMTljYjM0MjMwOWYwZjAyNzk0OC5qcGeRkwXNB.jpeg\" height=\"800\" width=\"533\" alt=\"Ma\u0142gorzata Potocka\" loading=\"lazy\" fetchpriority=\"auto\" decoding=\"auto\"\/>    <\/p>\n<p>mwmedia \/ MW Media<\/p>\n<p>  Ma\u0142gorzata Potocka przez lata walczy\u0142a z depresj\u0105. Kilka miesi\u0119cy temu aktorka opowiedzia\u0142a o chorobie. &#8222;Mnie bardzo pomog\u0142y rozmowy z psychoterapeut\u0105, czytanie ksi\u0105\u017cek na ten temat. Potem aktywno\u015b\u0107 fizyczna \u2014 przez lata biega\u0142am codziennie po kilkana\u015bcie kilometr\u00f3w&#8230; Na pocz\u0105tku bra\u0142am te\u017c leki przeciwdepresyjne. Prosz\u0119, nie lekcewa\u017ccie depresji!&#8221; &#8211; m\u00f3wi\u0142a w rozmowie z &#8222;Na \u017cywo&#8221;.  <\/p>\n<p>Ma\u0142gorzata Potocka przez lata walczy\u0142a z depresj\u0105. Kilka miesi\u0119cy temu aktorka opowiedzia\u0142a o chorobie. &#8222;Mnie bardzo pomog\u0142y rozmowy z psychoterapeut\u0105, czytanie ksi\u0105\u017cek na ten temat. Potem aktywno\u015b\u0107 fizyczna \u2014 przez lata biega\u0142am codziennie po kilkana\u015bcie kilometr\u00f3w&#8230; Na pocz\u0105tku bra\u0142am te\u017c leki przeciwdepresyjne. Prosz\u0119, nie lekcewa\u017ccie depresji!&#8221; &#8211; m\u00f3wi\u0142a w rozmowie z &#8222;Na \u017cywo&#8221;.<\/p>\n<p>   18\/28 Al\u017cbeta Lenska       <img class=\"ods-a-photo ods-a-photo--background\" src=\"https:\/\/www.europesays.com\/pl\/wp-content\/uploads\/2026\/02\/IRDk9lBaHR0cHM6Ly9vY2RuLmV1L3B1bHNjbXMvTURBXy85Mzg5NTk3MzY3NzUzMjhiMjY5NzM4NmQ2MDlmOWRhZi5qcGeRkwXNB.jpeg\" height=\"800\" width=\"533\" alt=\"Al\u017cbeta Lenska\" loading=\"lazy\" fetchpriority=\"auto\" decoding=\"auto\"\/>    <\/p>\n<p>Andras Szilagyi \/ MW Media<\/p>\n<p>  &#8222;Cho\u0107 nie wygl\u0105dam na kogo\u015b, kto mo\u017ce mie\u0107 z tym co\u015b wsp\u00f3lnego, to uwierzcie mi, \u017ce jest mi to bardzo bliski temat&#8230; \u0141zy, brak wiary w siebie, czarne scenariusze, \u015bci\u015bni\u0119ty \u017co\u0142\u0105dek i brak ch\u0119ci wyj\u015bcia z \u0142\u00f3\u017cka &#8211; znam to bardzo dobrze, ale przez to, \u017ce miewam te momenty, bardzo pracuj\u0119 nad tym, \u017ceby znale\u017a\u0107 spos\u00f3b, jak pozbywa\u0107 si\u0119 tego z g\u0142owy i znale\u017a\u0107 z\u0142oty \u015brodek, \u017ceby nigdy nie wraca\u0142y&#8221; &#8211; wyzna\u0142a jaki\u015b czas temu aktorka.  <\/p>\n<p>&#8222;Cho\u0107 nie wygl\u0105dam na kogo\u015b, kto mo\u017ce mie\u0107 z tym co\u015b wsp\u00f3lnego, to uwierzcie mi, \u017ce jest mi to bardzo bliski temat&#8230; \u0141zy, brak wiary w siebie, czarne scenariusze, \u015bci\u015bni\u0119ty \u017co\u0142\u0105dek i brak ch\u0119ci wyj\u015bcia z \u0142\u00f3\u017cka &#8211; znam to bardzo dobrze, ale przez to, \u017ce miewam te momenty, bardzo pracuj\u0119 nad tym, \u017ceby znale\u017a\u0107 spos\u00f3b, jak pozbywa\u0107 si\u0119 tego z g\u0142owy i znale\u017a\u0107 z\u0142oty \u015brodek, \u017ceby nigdy nie wraca\u0142y&#8221; &#8211; wyzna\u0142a jaki\u015b czas temu aktorka.<\/p>\n<p>        19\/28 Olaf Lubaszenko       <img class=\"ods-a-photo ods-a-photo--background\" src=\"https:\/\/www.europesays.com\/pl\/wp-content\/uploads\/2026\/02\/B61k9lBaHR0cHM6Ly9vY2RuLmV1L3B1bHNjbXMvTURBXy83YzA4YmQ0ZTcwODM3ZTdhZWFjZWUyZDhjNmViZWMyNi5qcGeRkwXNB.jpeg\" height=\"800\" width=\"533\" alt=\"Olaf Lubaszenko\" loading=\"lazy\" fetchpriority=\"auto\" decoding=\"auto\"\/>    <\/p>\n<p>Andras Szilagyi \/ MW Media<\/p>\n<p>  Olaf Lubaszenko przeszed\u0142 depresj\u0119 i zaapelowa\u0142 o niekierowanie si\u0119 stereotypami. &#8222;M\u00f3g\u0142bym napisa\u0107 sporo o swoich do\u015bwiadczeniach, ale nie chc\u0119 si\u0119 \u00bbg\u0142upio wym\u0105drza\u0107\u00ab. Stereotypy, bana\u0142y, obiegowe opinie, te wszystkie \u00bbwe\u017a si\u0119 w gar\u015b\u0107\u00ab i \u00bbprzesta\u0144 si\u0119 nad sob\u0105 rozczula\u0107\u00ab bardzo szkodz\u0105 sprawie. Prosz\u0119, tylko \u017ceby\u015bcie poczytali o tej chorobie, bo mo\u017ce kto\u015b w waszym otoczeniu potrzebuje pomocy&#8221; &#8211; wyzna\u0142 na Instagramie.  <\/p>\n<p>Olaf Lubaszenko przeszed\u0142 depresj\u0119 i zaapelowa\u0142 o niekierowanie si\u0119 stereotypami. &#8222;M\u00f3g\u0142bym napisa\u0107 sporo o swoich do\u015bwiadczeniach, ale nie chc\u0119 si\u0119 \u00bbg\u0142upio wym\u0105drza\u0107\u00ab. Stereotypy, bana\u0142y, obiegowe opinie, te wszystkie \u00bbwe\u017a si\u0119 w gar\u015b\u0107\u00ab i \u00bbprzesta\u0144 si\u0119 nad sob\u0105 rozczula\u0107\u00ab bardzo szkodz\u0105 sprawie. Prosz\u0119, tylko \u017ceby\u015bcie poczytali o tej chorobie, bo mo\u017ce kto\u015b w waszym otoczeniu potrzebuje pomocy&#8221; &#8211; wyzna\u0142 na Instagramie.<\/p>\n<p>   20\/28 Anna Wendzikowska       <img class=\"ods-a-photo ods-a-photo--background\" src=\"https:\/\/www.europesays.com\/pl\/wp-content\/uploads\/2026\/02\/KnJk9lBaHR0cHM6Ly9vY2RuLmV1L3B1bHNjbXMvTURBXy8zYzhlYzc5NzgwNWJiMzViNjM2M2EyNGNmYjZkY2Q5Ny5qcGeRkwXNB.jpeg\" height=\"800\" width=\"533\" alt=\"Anna Wendzikowska\" loading=\"lazy\" fetchpriority=\"auto\" decoding=\"auto\"\/>    <\/p>\n<p>Jaros\u0142aw Antoniak \/ MW Media<\/p>\n<p>  Anna Wendzikowska walczy\u0142a z depresj\u0105 po porodzie c\u00f3rki. Jaki\u015b czas temu na Instagramie wyzna\u0142a, \u017ce choroba zabra\u0142a jej bardzo wa\u017cn\u0105 osob\u0119 w jej \u017cyciu. &#8222;Listopad 2018, na zdje\u0328ciu m\u0142oda mama, bez filtra&#8230; Ten wpis tez\u0307 be\u0328dzie bez filtra. Zme\u0328czona, niewyspana i nieszcze\u0328s\u0301liwa&#8230; Nie mia\u0142a depresji poporodowej, ale mia\u0142a depresje\u0328&#8230; mniejsza o powody, one sa\u0328 bez znaczenia dla sensu historii&#8230; To by\u0142 trudny czas, nawet dziecko nie dawa\u0142o poczucia, z\u0307e jest jakikolwiek sens we wstawaniu rano z \u0142o\u0301z\u0307ka&#8230; Mroczne miesia\u0328ce, w kto\u0301rych wydawa\u0142o sie\u0328, z\u0307e juz\u0307 nic nie odczaruje tej wszechogarniaja\u0328cej pustki i bezsensu&#8230; Pomogli przyjaciele, specjalista i zdobycze wspo\u0301\u0142czesnej farmakologii&#8230; Wysz\u0142a z tego silniejsza i bardziej s\u0301wiadoma&#8230; Po drugiej stronie by\u0142o s\u0301wiat\u0142o i bardzo, bardzo duz\u0307o sensu. Pamie\u0328tajcie, z\u0307e depresja to choroba. Straszna choroba, kto\u0301ra wszystko maluje na czarno&#8230; Ale to, jak wtedy widzicie s\u0301wiat. To nie jest prawda. Depresja zabra\u0142a mi w zesz\u0142ym roku bardzo waz\u0307na\u0328 dla mnie osobe\u0328. Nie wahajcie sie\u0328 prosic\u0301 o pomoc. To z\u0307adna ujma!&#8221; &#8211; podkre\u015bli\u0142a.  <\/p>\n<p>Anna Wendzikowska walczy\u0142a z depresj\u0105 po porodzie c\u00f3rki. Jaki\u015b czas temu na Instagramie wyzna\u0142a, \u017ce choroba zabra\u0142a jej bardzo wa\u017cn\u0105 osob\u0119 w jej \u017cyciu. &#8222;Listopad 2018, na zdje\u0328ciu m\u0142oda mama, bez filtra&#8230; Ten wpis tez\u0307 be\u0328dzie bez filtra. Zme\u0328czona, niewyspana i nieszcze\u0328s\u0301liwa&#8230; Nie mia\u0142a depresji poporodowej, ale mia\u0142a depresje\u0328&#8230; mniejsza o powody, one sa\u0328 bez znaczenia dla sensu historii&#8230; To by\u0142 trudny czas, nawet dziecko nie dawa\u0142o poczucia, z\u0307e jest jakikolwiek sens we wstawaniu rano z \u0142o\u0301z\u0307ka&#8230; Mroczne miesia\u0328ce, w kto\u0301rych wydawa\u0142o sie\u0328, z\u0307e juz\u0307 nic nie odczaruje tej wszechogarniaja\u0328cej pustki i bezsensu&#8230; Pomogli przyjaciele, specjalista i zdobycze wspo\u0301\u0142czesnej farmakologii&#8230; Wysz\u0142a z tego silniejsza i bardziej s\u0301wiadoma&#8230; Po drugiej stronie by\u0142o s\u0301wiat\u0142o i bardzo, bardzo duz\u0307o sensu. Pamie\u0328tajcie, z\u0307e depresja to choroba. Straszna choroba, kto\u0301ra wszystko maluje na czarno&#8230; Ale to, jak wtedy widzicie s\u0301wiat. To nie jest prawda. Depresja zabra\u0142a mi w zesz\u0142ym roku bardzo waz\u0307na\u0328 dla mnie osobe\u0328. Nie wahajcie sie\u0328 prosic\u0301 o pomoc. To z\u0307adna ujma!&#8221; &#8211; podkre\u015bli\u0142a.<\/p>\n<p>        21\/28 Julia Wr\u00f3blewska       <img class=\"ods-a-photo ods-a-photo--background\" src=\"https:\/\/www.europesays.com\/pl\/wp-content\/uploads\/2026\/02\/6nyk9lBaHR0cHM6Ly9vY2RuLmV1L3B1bHNjbXMvTURBXy85OWRmNWQwZmM4ZTU1ODdmMzhmNDQ3MGRiYjc5OWJlNi5qcGeRkwXNB.jpeg\" height=\"800\" width=\"533\" alt=\"Julia Wr\u00f3blewska\" loading=\"lazy\" fetchpriority=\"auto\" decoding=\"auto\"\/>    <\/p>\n<p>mwmedia \/ MW Media<\/p>\n<p>  Julia Wr\u00f3blewska cz\u0119sto w mediach spo\u0142eczno\u015bciowych opowiada o swojej walce z zaburzeniami psychicznymi. M\u0142oda aktorka wspiera innych i pokazuje, \u017ce dzi\u0119ki lekarzom i odpowiednim \u015brodkom farmakologicznym mo\u017cna pokona\u0107 wszelkie przeciwno\u015bci. W &#8222;Halo tu Polsat&#8221; przyzna\u0142a, \u017ce pobyt w o\u015brodku zamkni\u0119tym by\u0142 jedn\u0105 z najwa\u017cniejszych decyzji w jej \u017cyciu. &#8222;Posz\u0142am tam dobrowolnie, \u017ceby ustabilizowa\u0107 swoje zdrowie i absolutnie nie \u017ca\u0142uj\u0119 tej decyzji. To by\u0142a najlepsza decyzja w moim \u017cyciu. Troch\u0119 odwa\u017cna, troch\u0119 straszna, ale poczu\u0142am tam ogromne wsparcie. Tam zrozumia\u0142am, kim jestem, bo od dziecka gra\u0142am r\u00f3\u017cne role&#8221; \u2014 wyja\u015bnia\u0142a.  <\/p>\n<p>Julia Wr\u00f3blewska cz\u0119sto w mediach spo\u0142eczno\u015bciowych opowiada o swojej walce z zaburzeniami psychicznymi. M\u0142oda aktorka wspiera innych i pokazuje, \u017ce dzi\u0119ki lekarzom i odpowiednim \u015brodkom farmakologicznym mo\u017cna pokona\u0107 wszelkie przeciwno\u015bci. W &#8222;Halo tu Polsat&#8221; przyzna\u0142a, \u017ce pobyt w o\u015brodku zamkni\u0119tym by\u0142 jedn\u0105 z najwa\u017cniejszych decyzji w jej \u017cyciu. &#8222;Posz\u0142am tam dobrowolnie, \u017ceby ustabilizowa\u0107 swoje zdrowie i absolutnie nie \u017ca\u0142uj\u0119 tej decyzji. To by\u0142a najlepsza decyzja w moim \u017cyciu. Troch\u0119 odwa\u017cna, troch\u0119 straszna, ale poczu\u0142am tam ogromne wsparcie. Tam zrozumia\u0142am, kim jestem, bo od dziecka gra\u0142am r\u00f3\u017cne role&#8221; \u2014 wyja\u015bnia\u0142a.<\/p>\n<p>   22\/28 Katarzyna Cerekwicka       <img class=\"ods-a-photo ods-a-photo--background\" src=\"https:\/\/www.europesays.com\/pl\/wp-content\/uploads\/2026\/02\/2YRk9lBaHR0cHM6Ly9vY2RuLmV1L3B1bHNjbXMvTURBXy8yZjBmNWIyOGVmZjM1OTUzMzBjNjQxZTRiZmZjYjQxYy5qcGeRkwXNB.jpeg\" height=\"800\" width=\"533\" alt=\"Katarzyna Cerekwicka\" loading=\"lazy\" fetchpriority=\"auto\" decoding=\"auto\"\/>    <\/p>\n<p>Jaros\u0142aw Antoniak\/mwmedia \/ MW Media<\/p>\n<p>  Katarzyna Cerekwicka wyzna\u0142a, \u017ce zmaga\u0142a si\u0119 z depresj\u0105 w trakcie studi\u00f3w. Piosenkarka podkre\u015bli\u0142a, \u017ce przetrwa\u0142a ten trudny dla niej czas dzi\u0119ki wsparciu najbli\u017cszych i pomocy lekarza.  <\/p>\n<p>Katarzyna Cerekwicka wyzna\u0142a, \u017ce zmaga\u0142a si\u0119 z depresj\u0105 w trakcie studi\u00f3w. Piosenkarka podkre\u015bli\u0142a, \u017ce przetrwa\u0142a ten trudny dla niej czas dzi\u0119ki wsparciu najbli\u017cszych i pomocy lekarza.<\/p>\n<p>        23\/28 Jaros\u0142aw Kret       <img class=\"ods-a-photo ods-a-photo--background\" src=\"https:\/\/www.europesays.com\/pl\/wp-content\/uploads\/2026\/02\/qA6k9lBaHR0cHM6Ly9vY2RuLmV1L3B1bHNjbXMvTURBXy80N2FkMWRhZTU2NWRlYThjZmNkNTk4ZmViNWFhMTYxMy5qcGeRkwXNB.jpeg\" height=\"800\" width=\"533\" alt=\"Jaros\u0142aw Kret\" loading=\"lazy\" fetchpriority=\"auto\" decoding=\"auto\"\/>    <\/p>\n<p>Andras Szilagyi \/ MW Media<\/p>\n<p>  &#8222;Bardzo d\u0142ugo nie dociera\u0142o to do mnie. Nie zdarza\u0142o si\u0119 nic, \u017ceby do mnie dotar\u0142o, \u017ce mam problem. Po prostu spada\u0142 nastr\u00f3j. Na depresj\u0119 choruje si\u0119 z dw\u00f3ch przyczyn: albo jest to uwarunkowane genetycznie, albo przydarza si\u0119 nam, gdy zaistnieje tzw. czynnik spustowy, czyli np. tracimy prac\u0119 albo blisk\u0105 osob\u0119 w \u017cyciu. Wtedy zaczyna si\u0119 spadek formy psychicznej. U mnie tak by\u0142o, \u017ce straci\u0142em ukochan\u0105 prac\u0119&#8221; &#8211; wyzna\u0142 kilka lat temu Jaros\u0142aw Kret.  <\/p>\n<p>&#8222;Bardzo d\u0142ugo nie dociera\u0142o to do mnie. Nie zdarza\u0142o si\u0119 nic, \u017ceby do mnie dotar\u0142o, \u017ce mam problem. Po prostu spada\u0142 nastr\u00f3j. Na depresj\u0119 choruje si\u0119 z dw\u00f3ch przyczyn: albo jest to uwarunkowane genetycznie, albo przydarza si\u0119 nam, gdy zaistnieje tzw. czynnik spustowy, czyli np. tracimy prac\u0119 albo blisk\u0105 osob\u0119 w \u017cyciu. Wtedy zaczyna si\u0119 spadek formy psychicznej. U mnie tak by\u0142o, \u017ce straci\u0142em ukochan\u0105 prac\u0119&#8221; &#8211; wyzna\u0142 kilka lat temu Jaros\u0142aw Kret.<\/p>\n<p>   24\/28 Piotr Zelt       <img class=\"ods-a-photo ods-a-photo--background\" src=\"https:\/\/www.europesays.com\/pl\/wp-content\/uploads\/2026\/02\/8iAk9lBaHR0cHM6Ly9vY2RuLmV1L3B1bHNjbXMvTURBXy8wOGJlM2I5NDg3N2Q3NjdjZDhhYWZlYjhhZDcwZmEzNi5qcGeRkwXNB.jpeg\" height=\"800\" width=\"533\" alt=\"Piotr Zelt\" loading=\"lazy\" fetchpriority=\"auto\" decoding=\"auto\"\/>    <\/p>\n<p>Pawe\u0142 Wrzecion \/ MW Media<\/p>\n<p>  Piotr Zelt kilka lat temu walczy\u0142 z depresj\u0105. &#8222;Kompletnie si\u0119 rozlatywa\u0142em podczas tego pierwszego spotkania z lekarzem. By\u0142o to dla mnie strasznie kr\u0119puj\u0105ce, \u017ce nie jestem w stanie zapanowa\u0107 nad swoim organizmem. Ostatnia rzecz, kt\u00f3rej bym chcia\u0142 to, \u017ceby kto\u015b mnie widzia\u0142 w takim stanie. To nie jest fajne dla m\u0119\u017cczyzny, z kt\u00f3rym co\u015b takiego si\u0119 dzieje na oczach drugiego m\u0119\u017cczyzny&#8221; &#8211; m\u00f3wi\u0142 w rozmowie z magazynem &#8222;Show&#8221;.  <\/p>\n<p>Piotr Zelt kilka lat temu walczy\u0142 z depresj\u0105. &#8222;Kompletnie si\u0119 rozlatywa\u0142em podczas tego pierwszego spotkania z lekarzem. By\u0142o to dla mnie strasznie kr\u0119puj\u0105ce, \u017ce nie jestem w stanie zapanowa\u0107 nad swoim organizmem. Ostatnia rzecz, kt\u00f3rej bym chcia\u0142 to, \u017ceby kto\u015b mnie widzia\u0142 w takim stanie. To nie jest fajne dla m\u0119\u017cczyzny, z kt\u00f3rym co\u015b takiego si\u0119 dzieje na oczach drugiego m\u0119\u017cczyzny&#8221; &#8211; m\u00f3wi\u0142 w rozmowie z magazynem &#8222;Show&#8221;.<\/p>\n<p>        25\/28 Filip Chajzer       <img class=\"ods-a-photo ods-a-photo--background\" src=\"https:\/\/www.europesays.com\/pl\/wp-content\/uploads\/2026\/02\/NwUk9lBaHR0cHM6Ly9vY2RuLmV1L3B1bHNjbXMvTURBXy9kNzk1NGRiZjBhNWY3NGVjNjE1Mzk5YzQwZTFiM2FhMi5qcGeRkwXNB.jpeg\" height=\"800\" width=\"533\" alt=\"Filip Chajzer\" loading=\"lazy\" fetchpriority=\"auto\" decoding=\"auto\"\/>    <\/p>\n<p>Pawe\u0142 Wrzecion \/ MW Media<\/p>\n<p>  Prowadz\u0105cy &#8222;Dzie\u0144 dobry TVN&#8221; tak\u017ce otworzy\u0142 si\u0119 na temat depresji. &#8222;Paradoksalnie pandemia, kt\u00f3ra dla wielu ludzi sta\u0142a si\u0119 przyczyn\u0105 depresji, mnie uratowa\u0142a. Wybuch\u0142a wtedy, kiedy mia\u0142em sw\u00f3j najgorszy czas. Ba\u0142em si\u0119 wyj\u015b\u0107 z domu, ba\u0142em si\u0119 ludzi. Maseczka sta\u0142a si\u0119 moj\u0105 czapk\u0105 niewidk\u0105. Zak\u0142ada\u0142em j\u0105, czapk\u0119 z daszkiem, okulary przeciws\u0142oneczne i by\u0142em niewidoczny. Ja wtedy w \u015brodku\u2026 nie \u017cy\u0142em&#8221; \u2013 wyzna\u0142 w wywiadzie dla &#8222;Vivy!&#8221;.  <\/p>\n<p>Prowadz\u0105cy &#8222;Dzie\u0144 dobry TVN&#8221; tak\u017ce otworzy\u0142 si\u0119 na temat depresji. &#8222;Paradoksalnie pandemia, kt\u00f3ra dla wielu ludzi sta\u0142a si\u0119 przyczyn\u0105 depresji, mnie uratowa\u0142a. Wybuch\u0142a wtedy, kiedy mia\u0142em sw\u00f3j najgorszy czas. Ba\u0142em si\u0119 wyj\u015b\u0107 z domu, ba\u0142em si\u0119 ludzi. Maseczka sta\u0142a si\u0119 moj\u0105 czapk\u0105 niewidk\u0105. Zak\u0142ada\u0142em j\u0105, czapk\u0119 z daszkiem, okulary przeciws\u0142oneczne i by\u0142em niewidoczny. Ja wtedy w \u015brodku\u2026 nie \u017cy\u0142em&#8221; \u2013 wyzna\u0142 w wywiadzie dla &#8222;Vivy!&#8221;.<\/p>\n<p>   26\/28 Aleksandra Hamka\u0142o       <img class=\"ods-a-photo ods-a-photo--background\" src=\"https:\/\/www.europesays.com\/pl\/wp-content\/uploads\/2026\/02\/FEhk9lBaHR0cHM6Ly9vY2RuLmV1L3B1bHNjbXMvTURBXy9mMmFkN2Q4N2MyZTA1NzEwZjg5ZDNmMjYyYWRhNTAzYS5qcGeRkwXNB.jpeg\" height=\"800\" width=\"533\" alt=\"Aleksandra Hamka\u0142o\" loading=\"lazy\" fetchpriority=\"auto\" decoding=\"auto\"\/>    <\/p>\n<p>Andras Szilagyi \/ MW Media<\/p>\n<p>  Aktorka po raz pierwszy terapi\u0119 rozpocz\u0119\u0142a kilka lat temu. W\u00f3wczas us\u0142ysza\u0142a nast\u0119puj\u0105c\u0105 diagnoz\u0119: nawracaj\u0105ce stany depresyjne z nerwic\u0105 l\u0119kow\u0105. &#8222;Stawiaj\u0105c tej chorobie czo\u0142a, krok po kroku odkrywa\u0142am swoje prawdziwe potrzeby i obawy. Leczy\u0142am nie tylko depresj\u0119, ale te\u017c swoj\u0105 relacj\u0119 z ca\u0142ym \u015bwiatem i z sam\u0105 sob\u0105. Moja terapeutka, gdzie\u015b na pocz\u0105tku naszej wsp\u00f3lnej drogi powiedzia\u0142a, \u017ce \u00bbkiedy\u015b b\u0119d\u0119 wdzi\u0119czna za to do\u015bwiadczenie\u00ab&#8221; \u2014 napisa\u0142a na swoim profilu na Instagramie.  <\/p>\n<p>Aktorka po raz pierwszy terapi\u0119 rozpocz\u0119\u0142a kilka lat temu. W\u00f3wczas us\u0142ysza\u0142a nast\u0119puj\u0105c\u0105 diagnoz\u0119: nawracaj\u0105ce stany depresyjne z nerwic\u0105 l\u0119kow\u0105. &#8222;Stawiaj\u0105c tej chorobie czo\u0142a, krok po kroku odkrywa\u0142am swoje prawdziwe potrzeby i obawy. Leczy\u0142am nie tylko depresj\u0119, ale te\u017c swoj\u0105 relacj\u0119 z ca\u0142ym \u015bwiatem i z sam\u0105 sob\u0105. Moja terapeutka, gdzie\u015b na pocz\u0105tku naszej wsp\u00f3lnej drogi powiedzia\u0142a, \u017ce \u00bbkiedy\u015b b\u0119d\u0119 wdzi\u0119czna za to do\u015bwiadczenie\u00ab&#8221; \u2014 napisa\u0142a na swoim profilu na Instagramie.<\/p>\n<p>        27\/28 Ralph Kaminski       <img class=\"ods-a-photo ods-a-photo--background\" src=\"https:\/\/www.europesays.com\/pl\/wp-content\/uploads\/2026\/02\/yU2k9lBaHR0cHM6Ly9vY2RuLmV1L3B1bHNjbXMvTURBXy9iZWRiOGRkZjUyZDRiMzFkZDA2ODU5YTA3YjFiMmZlYy5qcGeRkwXNB.jpeg\" height=\"800\" width=\"532\" alt=\"Ralph Kaminski\" loading=\"lazy\" fetchpriority=\"auto\" decoding=\"auto\"\/>    <\/p>\n<p>MW Media<\/p>\n<p>  Wokalista zachorowa\u0142 na depresj\u0119 w 2017 r. &#8222;Po latach pracy nad sob\u0105 i nabieraniu wiedzy wiem, \u017ce w tej chorobie nie ma lepszych czy gorszych. Kimkolwiek jeste\u015bmy, wszyscy jeste\u015bmy r\u00f3wni i ka\u017cdy tak samo zas\u0142uguje na wsparcie. Ka\u017cdy ma swoje Mount Everest \u2014 dla mnie w trakcie choroby by\u0142y nim wyst\u0119py sceniczne, dla kogo\u015b mo\u017ce to by\u0107, pozornie banalne, wstanie z \u0142\u00f3\u017cka albo odwa\u017cenie si\u0119, by poprosi\u0107 o pomoc. I w\u0142a\u015bnie odwaga, by poprosi\u0107\/si\u0119gn\u0105\u0107 po pomoc jest czym\u015b ogromnie wa\u017cnym. Dlatego m\u00f3wi\u0119 o tym g\u0142o\u015bno&#8221; &#8211; wyzna\u0142 w wywiadzie dla &#8222;Elle&#8221;.  <\/p>\n<p>Wokalista zachorowa\u0142 na depresj\u0119 w 2017 r. &#8222;Po latach pracy nad sob\u0105 i nabieraniu wiedzy wiem, \u017ce w tej chorobie nie ma lepszych czy gorszych. Kimkolwiek jeste\u015bmy, wszyscy jeste\u015bmy r\u00f3wni i ka\u017cdy tak samo zas\u0142uguje na wsparcie. Ka\u017cdy ma swoje Mount Everest \u2014 dla mnie w trakcie choroby by\u0142y nim wyst\u0119py sceniczne, dla kogo\u015b mo\u017ce to by\u0107, pozornie banalne, wstanie z \u0142\u00f3\u017cka albo odwa\u017cenie si\u0119, by poprosi\u0107 o pomoc. I w\u0142a\u015bnie odwaga, by poprosi\u0107\/si\u0119gn\u0105\u0107 po pomoc jest czym\u015b ogromnie wa\u017cnym. Dlatego m\u00f3wi\u0119 o tym g\u0142o\u015bno&#8221; &#8211; wyzna\u0142 w wywiadzie dla &#8222;Elle&#8221;.<\/p>\n<p>   28\/28 Joanna Opozda       <img class=\"ods-a-photo ods-a-photo--background\" src=\"https:\/\/www.europesays.com\/pl\/wp-content\/uploads\/2026\/02\/Pm_k9lBaHR0cHM6Ly9vY2RuLmV1L3B1bHNjbXMvTURBXy9iZDIxYTdmYzg2NTFlZDZhZGQ3YjM4OTRhYWI4YTI3Ny5qcGeRkwXNB.jpeg\" height=\"800\" width=\"533\" alt=\"Joanna Opozda\" loading=\"lazy\" fetchpriority=\"auto\" decoding=\"auto\"\/>    <\/p>\n<p>Andras Szilagyi \/ MW Media<\/p>\n<p>    Joanna Opozda przyzna\u0142a, \u017ce po porodzie zmaga\u0142a si\u0119 z depresj\u0105 i czu\u0142a si\u0119 bardzo samotna. Z trudem radzi\u0142a sobie, gdy jej syn zachorowa\u0142. &#8222;Mimo ogromnego zm\u0119czenia i z\u0142ego samopoczucia, bo okres po\u0142ogu nie by\u0142 dla mnie \u0142askawy, dzia\u0142a\u0142am jak \u017co\u0142nierz. Znalaz\u0142am w sobie resztki si\u0142, by zmierzy\u0107 si\u0119 z depresj\u0105, na kt\u00f3r\u0105 w\u00f3wczas cierpia\u0142am&#8221; &#8211; podkre\u015bli\u0142a w rozmowie z &#8222;Party&#8221;.<br \/>\n<br \/>Je\u015bli czujesz, \u017ce potrzebujesz pomocy, odczuwasz l\u0119k i smutek, masz my\u015bli samob\u00f3jcze \u2014 nie czekaj, zadzwo\u0144 pod jeden z numer\u00f3w pomocowych dost\u0119pnych bezp\u0142atnie i czynnych ca\u0142\u0105 dob\u0119, siedem dni w tygodniu:<br \/>\n<br \/>800 70 22 22 &#8211; Centrum Wsparcia dla Os\u00f3b Doros\u0142ych w Kryzysie Psychicznym<br \/>\n<br \/>800 12 12 12 &#8211; Wsparcie psychologiczne w sytuacji kryzysowej \u2013 infolinia dla dzieci, m\u0142odzie\u017cy i opiekun\u00f3w<br \/>\n<br \/>116 111 &#8211; Telefon Zaufania dla Dzieci i M\u0142odzie\u017cy<br \/>\n<br \/>112 &#8211; W razie bezpo\u015bredniego zagro\u017cenia \u017cycia lub zdrowia<br \/>\n<br \/>Dzi\u0119kujemy, \u017ce przeczyta\u0142a\u015b\/e\u015b nasz artyku\u0142 do ko\u0144ca. W serwisie Plejada.pl ka\u017cdego dnia piszemy o najwa\u017cniejszych wydarzeniach show-biznesowych. B\u0105d\u017a na bie\u017c\u0105co! Obserwuj Plejad\u0119 w <a href=\"&quot;http:\/\/news.google.com\/publications\/CAAiEF0PeAlb7W1llpV_mwV2rL4qFAgKIhBdD3gJW-1tZZaVf5sFdqy-?hl=pl&amp;gl=PL&amp;ceid=PL%3Apl&quot;\">Wiadomo\u015bciach Google<\/a>. Odwied\u017a nas tak\u017ce na <a href=\"&quot;http:\/\/facebook.com\/plejadapl&quot;\">Facebooku<\/a> , <a href=\"&quot;http:\/\/instagram.com\/plejadapl\/&quot;\">Instagramie<\/a>, <a href=\"&quot;http:\/\/youtube.com\/c\/plejada&quot;\">YouTubie<\/a> i <a href=\"&quot;http:\/\/tiktok.com\/@plejada_pl&quot;\">TikToku<\/a>. <br \/>Chcesz podzieli\u0107 si\u0119 ciekawym newsem lub zaproponowa\u0107 temat? Skontaktuj si\u0119 z nami, pisz\u0105c maila na adres: plejada@redakcjaonet.pl.      Joanna Opozda przyzna\u0142a, \u017ce po porodzie zmaga\u0142a si\u0119 z depresj\u0105 i czu\u0142a si\u0119 bardzo samotna. Z trudem radzi\u0142a sobie, gdy jej syn zachorowa\u0142. &#8222;Mimo ogromnego zm\u0119czenia i z\u0142ego samopoczucia, bo okres po\u0142ogu nie by\u0142 dla mnie \u0142askawy, dzia\u0142a\u0142am jak \u017co\u0142nierz. Znalaz\u0142am w sobie resztki si\u0142, by zmierzy\u0107 si\u0119 z depresj\u0105, na kt\u00f3r\u0105 w\u00f3wczas cierpia\u0142am&#8221; &#8211; podkre\u015bli\u0142a w rozmowie z &#8222;Party&#8221;. <\/p>\n<p>Je\u015bli czujesz, \u017ce potrzebujesz pomocy, odczuwasz l\u0119k i smutek, masz my\u015bli samob\u00f3jcze \u2014 nie czekaj, zadzwo\u0144 pod jeden z numer\u00f3w pomocowych dost\u0119pnych bezp\u0142atnie i czynnych ca\u0142\u0105 dob\u0119, siedem dni w tygodniu:\n<\/p>\n<p>800 70 22 22 &#8211; Centrum Wsparcia dla Os\u00f3b Doros\u0142ych w Kryzysie Psychicznym\n<\/p>\n<p>800 12 12 12 &#8211; Wsparcie psychologiczne w sytuacji kryzysowej \u2013 infolinia dla dzieci, m\u0142odzie\u017cy i opiekun\u00f3w\n<\/p>\n<p>116 111 &#8211; Telefon Zaufania dla Dzieci i M\u0142odzie\u017cy\n<\/p>\n<p>112 &#8211; W razie bezpo\u015bredniego zagro\u017cenia \u017cycia lub zdrowia\n<\/p>\n<p>Dzi\u0119kujemy, \u017ce przeczyta\u0142a\u015b\/e\u015b nasz artyku\u0142 do ko\u0144ca. W serwisie Plejada.pl ka\u017cdego dnia piszemy o najwa\u017cniejszych wydarzeniach show-biznesowych. B\u0105d\u017a na bie\u017c\u0105co! Obserwuj Plejad\u0119 w <a href=\"http:\/\/news.google.com\/publications\/CAAiEF0PeAlb7W1llpV_mwV2rL4qFAgKIhBdD3gJW-1tZZaVf5sFdqy-?hl=pl&amp;gl=PL&amp;ceid=PL%3Apl\" rel=\"nofollow noopener\" target=\"_blank\">Wiadomo\u015bciach Google<\/a>. Odwied\u017a nas tak\u017ce na <a href=\"http:\/\/facebook.com\/plejadapl\" rel=\"nofollow noopener\" target=\"_blank\">Facebooku<\/a> , <a href=\"http:\/\/instagram.com\/plejadapl\/\" rel=\"nofollow noopener\" target=\"_blank\">Instagramie<\/a>, <a href=\"http:\/\/youtube.com\/c\/plejada\" rel=\"nofollow noopener\" target=\"_blank\">YouTubie<\/a> i <a href=\"http:\/\/tiktok.com\/@plejada_pl\" rel=\"nofollow noopener\" target=\"_blank\">TikToku<\/a>. <\/p>\n<p>Chcesz podzieli\u0107 si\u0119 ciekawym newsem lub zaproponowa\u0107 temat? Skontaktuj si\u0119 z nami, pisz\u0105c maila na adres: plejada@redakcjaonet.pl.<\/p>\n<p>  <script async src=\"\/\/www.instagram.com\/embed.js\"><\/script><script async src=\"\/\/www.tiktok.com\/embed.js\"><\/script><\/p>\n","protected":false},"excerpt":{"rendered":"&#8222;Wed\u0142ug szacunk\u00f3w \u015awiatowej Organizacji Zdrowia do 2030 r. depresja b\u0119dzie najcz\u0119\u015bciej wyst\u0119puj\u0105c\u0105 chorob\u0105 na \u015bwiecie&#8221; \u2014 przekazuje NFZ,&hellip;\n","protected":false},"author":2,"featured_media":274230,"comment_status":"","ping_status":"","sticky":false,"template":"","format":"standard","meta":{"footnotes":"","_share_on_mastodon":"0"},"categories":[12],"tags":[21219,32,33,1942,32933,7345,22269,36,37,24714,27,5017,7160,9084,34,35,46288,28,31,48,25,46,42,38,40,39,41,21226,47,6866,29,30,45195,26,804,16913],"class_list":["post-274229","post","type-post","status-publish","format-standard","has-post-thumbnail","category-polska","tag-aleksandra_hamkalo","tag-breaking-news","tag-breakingnews","tag-celebryci","tag-choroby_psychiczne","tag-depresja","tag-edyta_pazura","tag-featured-news","tag-featurednews","tag-filip_chajzer","tag-headlines","tag-joanna_opozda","tag-julia_wroblewska","tag-kasia_kowalska_piosenkarka","tag-latest-news","tag-latestnews","tag-michal_malitowski","tag-naglowki","tag-najwazniejsze-artykuly","tag-nat_styl","tag-news","tag-omp","tag-pl","tag-poland","tag-polish","tag-polska","tag-polski","tag-ralph_kaminski","tag-screening_general","tag-sebastian_fabijanski","tag-top-stories","tag-topstories","tag-unifeed_tst0","tag-wiadomosci","tag-zdjecia_gwiazd","tag-zofia_zborowska_wrona"],"share_on_mastodon":{"url":"","error":"Validation failed: Text character limit of 500 exceeded"},"_links":{"self":[{"href":"https:\/\/www.europesays.com\/pl\/wp-json\/wp\/v2\/posts\/274229","targetHints":{"allow":["GET"]}}],"collection":[{"href":"https:\/\/www.europesays.com\/pl\/wp-json\/wp\/v2\/posts"}],"about":[{"href":"https:\/\/www.europesays.com\/pl\/wp-json\/wp\/v2\/types\/post"}],"author":[{"embeddable":true,"href":"https:\/\/www.europesays.com\/pl\/wp-json\/wp\/v2\/users\/2"}],"replies":[{"embeddable":true,"href":"https:\/\/www.europesays.com\/pl\/wp-json\/wp\/v2\/comments?post=274229"}],"version-history":[{"count":0,"href":"https:\/\/www.europesays.com\/pl\/wp-json\/wp\/v2\/posts\/274229\/revisions"}],"wp:featuredmedia":[{"embeddable":true,"href":"https:\/\/www.europesays.com\/pl\/wp-json\/wp\/v2\/media\/274230"}],"wp:attachment":[{"href":"https:\/\/www.europesays.com\/pl\/wp-json\/wp\/v2\/media?parent=274229"}],"wp:term":[{"taxonomy":"category","embeddable":true,"href":"https:\/\/www.europesays.com\/pl\/wp-json\/wp\/v2\/categories?post=274229"},{"taxonomy":"post_tag","embeddable":true,"href":"https:\/\/www.europesays.com\/pl\/wp-json\/wp\/v2\/tags?post=274229"}],"curies":[{"name":"wp","href":"https:\/\/api.w.org\/{rel}","templated":true}]}}