{"id":274432,"date":"2026-02-23T12:19:08","date_gmt":"2026-02-23T12:19:08","guid":{"rendered":"https:\/\/www.europesays.com\/pl\/274432\/"},"modified":"2026-02-23T12:19:08","modified_gmt":"2026-02-23T12:19:08","slug":"nagla-smierc-dwukrotnej-mistrzyni-polski-miala-43-lata","status":"publish","type":"post","link":"https:\/\/www.europesays.com\/pl\/274432\/","title":{"rendered":"Nag\u0142a \u015bmier\u0107 dwukrotnej mistrzyni Polski. Mia\u0142a 43 lata"},"content":{"rendered":"<p>O jej \u015bmierci poinformowa\u0142a ameryka\u0144ska liga zawodowa, nie podaj\u0105c przy tym ani miejsca, ani okoliczno\u015bci \u015bmierci.<\/p>\n<p> Dalszy ci\u0105g artyku\u0142u pod materia\u0142em wideo    <\/p>\n<p> Ile lat mia\u0142a Kara Braxton w momencie \u015bmierci? <\/p>\n<p> Kiedy obchodzi\u0142a urodziny Kara Braxton? <\/p>\n<p> Z jakimi dru\u017cynami zdoby\u0142a mistrzostwo WNBA? <\/p>\n<p> Jakie by\u0142y \u015brednie statystyki Kary Braxton w WNBA? <\/p>\n<p>&#8222;Z g\u0142\u0119bokim smutkiem op\u0142akujemy \u015bmier\u0107 dwukrotnej mistrzyni WNBA, Kary Braxton&#8221; \u2014 poinformowa\u0142a WNBA w o\u015bwiadczeniu zamieszczonym w internecie i przypomnia\u0142a, \u017ce zawodniczka reprezentowa\u0142a barwy Detroit Shock, Tulsa Shock, Phoenix Mercury i New York Liberty.<\/p>\n<p>Nie \u017cyje koszykarka Kara Braxton, dwukrotna mistrzyni Polski z Wis\u0142\u0105 Krak\u00f3w<\/p>\n<p>Do WNBA trafi\u0142a po drafcie w 2005 r., wybrana z numerem si\u00f3dmym przez Detroit Shock. \u015arednie kariery w zawodowej lidze mierz\u0105cej 198 cm wzrostu koszykarki, graj\u0105cej jako skrzyd\u0142owa b\u0105d\u017a \u015brodkowa, to 7,6 punktu, 4,7 zbi\u00f3rki i 16,5 minuty w 297 meczach sezonu zasadniczego. Podobne by\u0142y jej wska\u017aniki w 46 spotkaniach play off.<\/p>\n<p>W 2006 i 2008 r. z Detroit Shock si\u0119gn\u0119\u0142a po mistrzostwo WNBA, a wcze\u015bniej w tych samych latach \u015bwi\u0119towa\u0142a mistrzostwo Polski z Wis\u0142\u0105 Krak\u00f3w. W 2006 r. z ekip\u0105 &#8222;Bia\u0142ej Gwiazdy&#8221; zdoby\u0142a dublet, gdy\u017c triumfowa\u0142a te\u017c w Pucharze Polski.<\/p>\n<p>Pochodz\u0105ca z Jackson w stanie Michigan zawodniczka gra\u0142a w koszyk\u00f3wk\u0119 tak\u017ce w Rosji, Turcji, Izraelu i Chinach do sezonu 2017\/18. Po zako\u0144czeniu kariery pracowa\u0142a w Oregonie dla koncernu Nike, p\u00f3\u017aniej \u2014 wed\u0142ug &#8222;USA Today&#8221; \u2014 przenios\u0142a si\u0119 do Atlanty. 18 lutego obchodzi\u0142a 43. urodziny.<\/p>\n<p>\u0179r\u00f3d\u0142o informacji: Polska Agencja Prasowa<\/p>\n","protected":false},"excerpt":{"rendered":"O jej \u015bmierci poinformowa\u0142a ameryka\u0144ska liga zawodowa, nie podaj\u0105c przy tym ani miejsca, ani okoliczno\u015bci \u015bmierci. Dalszy ci\u0105g&hellip;\n","protected":false},"author":2,"featured_media":274433,"comment_status":"","ping_status":"","sticky":false,"template":"","format":"standard","meta":{"footnotes":"","_share_on_mastodon":"0"},"categories":[24],"tags":[2449,48,46,42,38,40,39,41,47,127,126,45195,130,2354,46304],"class_list":["post-274432","post","type-post","status-publish","format-standard","has-post-thumbnail","category-sport","tag-koszykowka","tag-nat_styl","tag-omp","tag-pl","tag-poland","tag-polish","tag-polska","tag-polski","tag-screening_general","tag-sport","tag-sports","tag-unifeed_tst0","tag-wiadomosci_sportowe","tag-wisla_krakow","tag-wnba"],"share_on_mastodon":{"url":"https:\/\/pubeurope.com\/@pl\/116119913543615721","error":""},"_links":{"self":[{"href":"https:\/\/www.europesays.com\/pl\/wp-json\/wp\/v2\/posts\/274432","targetHints":{"allow":["GET"]}}],"collection":[{"href":"https:\/\/www.europesays.com\/pl\/wp-json\/wp\/v2\/posts"}],"about":[{"href":"https:\/\/www.europesays.com\/pl\/wp-json\/wp\/v2\/types\/post"}],"author":[{"embeddable":true,"href":"https:\/\/www.europesays.com\/pl\/wp-json\/wp\/v2\/users\/2"}],"replies":[{"embeddable":true,"href":"https:\/\/www.europesays.com\/pl\/wp-json\/wp\/v2\/comments?post=274432"}],"version-history":[{"count":0,"href":"https:\/\/www.europesays.com\/pl\/wp-json\/wp\/v2\/posts\/274432\/revisions"}],"wp:featuredmedia":[{"embeddable":true,"href":"https:\/\/www.europesays.com\/pl\/wp-json\/wp\/v2\/media\/274433"}],"wp:attachment":[{"href":"https:\/\/www.europesays.com\/pl\/wp-json\/wp\/v2\/media?parent=274432"}],"wp:term":[{"taxonomy":"category","embeddable":true,"href":"https:\/\/www.europesays.com\/pl\/wp-json\/wp\/v2\/categories?post=274432"},{"taxonomy":"post_tag","embeddable":true,"href":"https:\/\/www.europesays.com\/pl\/wp-json\/wp\/v2\/tags?post=274432"}],"curies":[{"name":"wp","href":"https:\/\/api.w.org\/{rel}","templated":true}]}}