{"id":274449,"date":"2026-02-23T12:31:13","date_gmt":"2026-02-23T12:31:13","guid":{"rendered":"https:\/\/www.europesays.com\/pl\/274449\/"},"modified":"2026-02-23T12:31:13","modified_gmt":"2026-02-23T12:31:13","slug":"koniec-aplikacji-mobywatel-pojawil-sie-nowy-projekt-ustawy-onet","status":"publish","type":"post","link":"https:\/\/www.europesays.com\/pl\/274449\/","title":{"rendered":"Koniec aplikacji mObywatel? Pojawi\u0142 si\u0119 nowy projekt ustawy &#8211; Onet"},"content":{"rendered":"<ol>\n<li><a href=\"https:\/\/news.google.com\/rss\/articles\/CBMiygFBVV95cUxOUkNCek9rNGo3Zm55cHpOOEJFMklYdDUyUDVpOUJ4cEJaMVRhWDlMUEZSby1FSmFnVlNzeDN4c25HM3pNa2NQVTg3RC04SkhjX3VtTzRGT0YwRFlmeU9IMGVKX2NERU1lcUNHckY2bDRNTDhNcGRMU3B4ZDZDVzJqU3A0Y01wcTV0Q0hvQTV4cEtzeGlQTWFPa21BMXZ5LWlZbF9MbzZYOUdPQVNSVzNwT0toRUxrMlpyMlE4UGZPOVJTc3otQlhsd1Vn?oc=5\" target=\"_blank\" rel=\"nofollow noopener\">Koniec aplikacji mObywatel? Pojawi\u0142 si\u0119 nowy projekt ustawy<\/a>&nbsp;&nbsp;Onet<\/li>\n<li><a href=\"https:\/\/news.google.com\/rss\/articles\/CBMivgFBVV95cUxQOUZNdTFidEljTmQ1Y0YwNUFPSUZULXVtTDNZcjBzVFU0TWs4NUxQcU4zV0JhTzlObG5YT3gwYndzQWQxNkxlNFZDbEdNZjhiM2JLOThtVkthQmZtZk9fOEgtQXp4ckRDUVR3SWtYRWxpMnZycWtTa1NDbXVnbjZoQWR6ZVRuRkxqNnJPTE1xU3NuWWpRWXM3VnIwLS1nX3NZVzdEZlk5SkUtZG45dkRZSFJtSHFCbDVRYVFuZ1pR?oc=5\" target=\"_blank\" rel=\"nofollow noopener\">To ju\u017c koniec aplikacji mObywatel? U\u017cywaj\u0105 jej miliony Polak\u00f3w<\/a>&nbsp;&nbsp;Business Insider Polska<\/li>\n<li><a href=\"https:\/\/news.google.com\/rss\/articles\/CBMiqwFBVV95cUxNcnRYRjV1dFI1cFVvVEJkc2dfY0lwbzRxU1FWQVoxVV9weTExY3lsWlo5dGg0eXp4M1dSTTVGb2RzYW9DM3lBYXpVY0p6OFotRGdyc1k1NTA3emxTYkhnUm1NMl9ZWmljZDZ1WEx3SzdpcnhVZHE4YzZFWVFxaUVPNTNxdUswdzUzbnVLQW9ydEk2RmxIa2RScHdHOFhDd3hQTXp3dnd5STl3NDQ?oc=5\" target=\"_blank\" rel=\"nofollow noopener\">To koniec aplikacji mObywatel? Wiceminister odpowiada<\/a>&nbsp;&nbsp;Money.pl<\/li>\n<li><a href=\"https:\/\/news.google.com\/rss\/articles\/CBMiywFBVV95cUxQWGNvUEI0MGtFaVZaRTVOMHNsaE0wNTF5VHYxOHFFbjVFZmExblN6cFNzLXdsaURpWEZLWEdTVGllNmhiSmtlNVV0a0dyNF9EdFVHbUNxWFkwOU5qRTdKZG9TT1E2dzVtVGtCQmVucEVsWlZ2LXJTOThqMTZoRk1sUU9yWnl3anhOdVZMa0s2ZnNLVEhKZkRNeTJSa1NaQWI1QWE1WmxXNEUyZFdWSF9FQ1l2Mk44T2JoQzcyci1nX2w1aGZEUERnZF9mYw?oc=5\" target=\"_blank\" rel=\"nofollow noopener\">To koniec aplikacji mObywatel? Jest odpowied\u017a z Ministerstwa Cyfryzacji<\/a>&nbsp;&nbsp;GazetaPrawna.pl<\/li>\n<li><a href=\"https:\/\/news.google.com\/rss\/articles\/CBMivAFBVV95cUxNNFBCelJNVkhDUENjUHZnN01YY1QyazRsUDJPcW1FdGJGcGx4RkFFcnZ6QmxOMGlOeGdoeHN2ZjRmak5fZ3RGaVRvS2NxTG0tQVd2dWZrX3BNem9uQ2p1My1TcUZTQkVELWZ3VHdTekFnZGhmT3d0LUZRd2o5WEVZdjVqa2NoRkt4WEh0X19Ja1paOWRwOEVYVXZPYl8zbEJkTENHWTU4WDFyMFVIQTJDdW41MmhZMmhYMmprNw?oc=5\" target=\"_blank\" rel=\"nofollow noopener\">Polacy zacz\u0119li masowo instalowa\u0107. Wkr\u00f3tce b\u0119d\u0105 musieli rozsta\u0107 si\u0119 z mObywatelem?<\/a>&nbsp;&nbsp;Wprost<\/li>\n<\/ol>\n","protected":false},"excerpt":{"rendered":"Koniec aplikacji mObywatel? Pojawi\u0142 si\u0119 nowy projekt ustawy&nbsp;&nbsp;Onet To ju\u017c koniec aplikacji mObywatel? U\u017cywaj\u0105 jej miliony Polak\u00f3w&nbsp;&nbsp;Business Insider&hellip;\n","protected":false},"author":2,"featured_media":274450,"comment_status":"","ping_status":"","sticky":false,"template":"","format":"standard","meta":{"footnotes":"","_share_on_mastodon":"0"},"categories":[12],"tags":[5277,32,33,36,37,27,34,35,20736,28,31,53,25,52,68,51,55,42,45363,38,40,39,41,47,39366,1348,29,30,61,65,50,26],"class_list":["post-274449","post","type-post","status-publish","format-standard","has-post-thumbnail","category-polska","tag-aplikacje","tag-breaking-news","tag-breakingnews","tag-featured-news","tag-featurednews","tag-headlines","tag-latest-news","tag-latestnews","tag-mobywatel","tag-naglowki","tag-najwazniejsze-artykuly","tag-new_header","tag-news","tag-onet3","tag-onet3d","tag-onet3d_2i","tag-phx","tag-pl","tag-playerv3_tst0","tag-poland","tag-polish","tag-polska","tag-polski","tag-screening_general","tag-sg_cleanup_tst0","tag-technologia","tag-top-stories","tag-topstories","tag-ue_unia_europejska_komisja_rada_komisarze","tag-update_me","tag-v2021","tag-wiadomosci"],"share_on_mastodon":{"url":"https:\/\/pubeurope.com\/@pl\/116119960608144476","error":""},"_links":{"self":[{"href":"https:\/\/www.europesays.com\/pl\/wp-json\/wp\/v2\/posts\/274449","targetHints":{"allow":["GET"]}}],"collection":[{"href":"https:\/\/www.europesays.com\/pl\/wp-json\/wp\/v2\/posts"}],"about":[{"href":"https:\/\/www.europesays.com\/pl\/wp-json\/wp\/v2\/types\/post"}],"author":[{"embeddable":true,"href":"https:\/\/www.europesays.com\/pl\/wp-json\/wp\/v2\/users\/2"}],"replies":[{"embeddable":true,"href":"https:\/\/www.europesays.com\/pl\/wp-json\/wp\/v2\/comments?post=274449"}],"version-history":[{"count":0,"href":"https:\/\/www.europesays.com\/pl\/wp-json\/wp\/v2\/posts\/274449\/revisions"}],"wp:featuredmedia":[{"embeddable":true,"href":"https:\/\/www.europesays.com\/pl\/wp-json\/wp\/v2\/media\/274450"}],"wp:attachment":[{"href":"https:\/\/www.europesays.com\/pl\/wp-json\/wp\/v2\/media?parent=274449"}],"wp:term":[{"taxonomy":"category","embeddable":true,"href":"https:\/\/www.europesays.com\/pl\/wp-json\/wp\/v2\/categories?post=274449"},{"taxonomy":"post_tag","embeddable":true,"href":"https:\/\/www.europesays.com\/pl\/wp-json\/wp\/v2\/tags?post=274449"}],"curies":[{"name":"wp","href":"https:\/\/api.w.org\/{rel}","templated":true}]}}