{"id":27493,"date":"2025-10-02T08:21:07","date_gmt":"2025-10-02T08:21:07","guid":{"rendered":"https:\/\/www.europesays.com\/pl\/27493\/"},"modified":"2025-10-02T08:21:07","modified_gmt":"2025-10-02T08:21:07","slug":"wszyscy-na-to-czekali-iga-swiatek-zabrala-glos-po-porazce","status":"publish","type":"post","link":"https:\/\/www.europesays.com\/pl\/27493\/","title":{"rendered":"Wszyscy na to czekali. Iga \u015awi\u0105tek zabra\u0142a g\u0142os po pora\u017cce"},"content":{"rendered":"\n<p class=\"contentpart contentpart--default contentpart--text\" data-position=\"0\">\u015aroda (1 pa\u017adziernika) by\u0142a przykrym dniem dla kibic\u00f3w <a href=\"https:\/\/sportowefakty.wp.pl\/tenis\/iga-swiatek\" rel=\"nofollow noopener\" target=\"_blank\">Igi \u015awi\u0105tek<\/a>. Nasza tenisistka by\u0142a zdecydowan\u0105 faworytk\u0105 potyczki z <a href=\"https:\/\/sportowefakty.wp.pl\/tenis\/emma-navarro\" rel=\"nofollow noopener\" target=\"_blank\">Emm\u0105 Navarro<\/a>\u00a0w czwartej rundzie turnieju rangi <a href=\"https:\/\/sportowefakty.wp.pl\/tenis\/wta-pekin\" rel=\"nofollow noopener\" target=\"_blank\">WTA 1000 w Pekinie<\/a>, a ostatecznie nie znalaz\u0142a na ni\u0105 sposobu.<\/p>\n<p class=\"contentpart contentpart--default contentpart--text\" data-position=\"1\">Polka w premierowej ods\u0142onie przegra\u0142a 4:6, by w kolejnej zwyci\u0119\u017cy\u0107 takim wynikiem. Dzi\u0119ki temu doprowadzi\u0142a do decyduj\u0105cej partii, w kt\u00f3rej Amerykanka rozbi\u0142a j\u0105 6:0. \u015awi\u0105tek dopiero po raz drugi w karierze dozna\u0142a takiej pora\u017cki w trzecim secie.<\/p>\n<p class=\"contentpart contentpart--default contentpart--text\" data-position=\"2\">ZOBACZ WIDEO: Kto\u015b podszed\u0142 do niej na pogrzebie. Przykre, co us\u0142ysza\u0142a<\/p>\n<p class=\"contentpart contentpart--default contentpart--text\" data-position=\"4\">Na pierwsz\u0105 wypowied\u017a wiceliderki \u015bwiatowego rankingu <a href=\"https:\/\/sportowefakty.wp.pl\/tenis\/wta\" rel=\"nofollow noopener\" target=\"_blank\">WTA<\/a>\u00a0trzeba by\u0142o poczeka\u0107 do konferencji prasowej. Ju\u017c na starcie otrzyma\u0142a ona pytanie o to, czy w trakcie meczu z Navarro nie dozna\u0142a kontuzji.<\/p>\n<p class=\"contentpart contentpart--default contentpart--text\" data-position=\"5\">&#8211; Nie jestem kontuzjowana. Po prostu zagra\u0142am \u017ale &#8211; odpowiedzia\u0142a Polka.<\/p>\n<p class=\"contentpart contentpart--default contentpart--text\" data-position=\"6\">&#8211; W drugim secie uda\u0142o mi si\u0119 nad tym popracowa\u0107. Potem w trzecim prawdopodobnie wr\u00f3ci\u0142y b\u0142\u0119du, kt\u00f3re pope\u0142nia\u0142am od pocz\u0105tku spotkania. Nie naprawi\u0142am swoich uderze\u0144, kt\u00f3re gra\u0142am \u017ale. Wiedzia\u0142am, co robi\u0119 nie tak, ale tkwi\u0142am w tym zamiast to rozwi\u0105za\u0107 &#8211; doda\u0142a.<\/p>\n<p class=\"contentpart contentpart--default contentpart--text\" data-position=\"7\">Podczas spotkania z Amerykank\u0105 \u015awi\u0105tek pope\u0142ni\u0142a a\u017c 70 niewymuszonych b\u0142\u0119d\u00f3w. Do tej pory tylko raz w karierze zanotowa\u0142a wyst\u0119p, w kt\u00f3rym pobi\u0142a ten wynik, ale w\u00f3wczas wygra\u0142a mecz.<\/p>\n<p class=\"contentpart contentpart--default contentpart--text\" data-position=\"8\">&#8211; Na pewno przez to by\u0142am troch\u0119 bardziej nerwowa i mo\u017ce te\u017c zbyt emocjonalna. Nast\u0119pnym razem postaram si\u0119 zachowa\u0107 wi\u0119kszy spok\u00f3j, \u017ceby mie\u0107 w g\u0142owie wi\u0119cej przestrzeni na rozwi\u0105zywanie problem\u00f3w. Szczerze m\u00f3wi\u0105c mia\u0142am wra\u017cenie, \u017ce nic mi nie wychodzi. Z tego powodu robi\u0142am si\u0119 coraz bardziej zdenerwowana &#8211; zaznaczy\u0142a nasza tenisistka.<\/p>\n<p class=\"contentpart contentpart--default contentpart--text\" data-position=\"9\">Polka nie by\u0142a w stanie wskaza\u0107 jednej konkretnej rzeczy, kt\u00f3ra by\u0142a przyczyn\u0105 pora\u017cki. Jej zdaniem do grona powod\u00f3w takiego, a nie innego wyst\u0119pu nale\u017cy z\u0142e poruszanie si\u0119.<\/p>\n<p class=\"contentpart contentpart--default contentpart--text\" data-position=\"10\">Warto doda\u0107, \u017ce po wyst\u0119pie w Pekinie \u015awi\u0105tek uda si\u0119 w nieznane, a mianowicie do Wuhan. Do tej pory nie mia\u0142a okazji rywalizowa\u0107 tam w turnieju, a teraz czekaj\u0105 j\u0105 treningi przed pocz\u0105tkiem zmaga\u0144.<\/p>\n","protected":false},"excerpt":{"rendered":"\u015aroda (1 pa\u017adziernika) by\u0142a przykrym dniem dla kibic\u00f3w Igi \u015awi\u0105tek. Nasza tenisistka by\u0142a zdecydowan\u0105 faworytk\u0105 potyczki z Emm\u0105&hellip;\n","protected":false},"author":2,"featured_media":27494,"comment_status":"","ping_status":"","sticky":false,"template":"","format":"standard","meta":{"footnotes":""},"categories":[24],"tags":[7433,158,42,38,40,39,41,127,126,156,157,4358],"class_list":{"0":"post-27493","1":"post","2":"type-post","3":"status-publish","4":"format-standard","5":"has-post-thumbnail","7":"category-sport","8":"tag-emma-navarro","9":"tag-iga-swiatek","10":"tag-pl","11":"tag-poland","12":"tag-polish","13":"tag-polska","14":"tag-polski","15":"tag-sport","16":"tag-sports","17":"tag-tenis","18":"tag-wta","19":"tag-wta-pekin"},"share_on_mastodon":{"url":"","error":""},"_links":{"self":[{"href":"https:\/\/www.europesays.com\/pl\/wp-json\/wp\/v2\/posts\/27493","targetHints":{"allow":["GET"]}}],"collection":[{"href":"https:\/\/www.europesays.com\/pl\/wp-json\/wp\/v2\/posts"}],"about":[{"href":"https:\/\/www.europesays.com\/pl\/wp-json\/wp\/v2\/types\/post"}],"author":[{"embeddable":true,"href":"https:\/\/www.europesays.com\/pl\/wp-json\/wp\/v2\/users\/2"}],"replies":[{"embeddable":true,"href":"https:\/\/www.europesays.com\/pl\/wp-json\/wp\/v2\/comments?post=27493"}],"version-history":[{"count":0,"href":"https:\/\/www.europesays.com\/pl\/wp-json\/wp\/v2\/posts\/27493\/revisions"}],"wp:featuredmedia":[{"embeddable":true,"href":"https:\/\/www.europesays.com\/pl\/wp-json\/wp\/v2\/media\/27494"}],"wp:attachment":[{"href":"https:\/\/www.europesays.com\/pl\/wp-json\/wp\/v2\/media?parent=27493"}],"wp:term":[{"taxonomy":"category","embeddable":true,"href":"https:\/\/www.europesays.com\/pl\/wp-json\/wp\/v2\/categories?post=27493"},{"taxonomy":"post_tag","embeddable":true,"href":"https:\/\/www.europesays.com\/pl\/wp-json\/wp\/v2\/tags?post=27493"}],"curies":[{"name":"wp","href":"https:\/\/api.w.org\/{rel}","templated":true}]}}