{"id":275016,"date":"2026-02-23T19:24:16","date_gmt":"2026-02-23T19:24:16","guid":{"rendered":"https:\/\/www.europesays.com\/pl\/275016\/"},"modified":"2026-02-23T19:24:16","modified_gmt":"2026-02-23T19:24:16","slug":"wendzikowska-kayah-doda-chajzer-zmagali-sie-z-depresja-mowili-o-objawach-2","status":"publish","type":"post","link":"https:\/\/www.europesays.com\/pl\/275016\/","title":{"rendered":"Wendzikowska, Kayah, Doda, Chajzer zmagali si\u0119 z depresj\u0105. M\u00f3wili o objawach"},"content":{"rendered":"<p class=\"Paragraph_desktopParagraph__U31Gm\">Joanna Opozda przyzna\u0142a, \u017ce po porodzie zmaga\u0142a si\u0119 z depresj\u0105 i czu\u0142a si\u0119 bardzo samotna. Z trudem radzi\u0142a sobie, gdy jej syn zachorowa\u0142. &#8222;Mimo ogromnego zm\u0119czenia i z\u0142ego samopoczucia, bo okres po\u0142ogu nie by\u0142 dla mnie \u0142askawy, dzia\u0142a\u0142am jak \u017co\u0142nierz. Znalaz\u0142am w sobie resztki si\u0142, by zmierzy\u0107 si\u0119 z depresj\u0105, na kt\u00f3r\u0105 w\u00f3wczas cierpia\u0142am&#8221; &#8211; podkre\u015bli\u0142a w rozmowie z &#8222;Party&#8221;.\n<\/p>\n<p>Je\u015bli czujesz, \u017ce potrzebujesz pomocy, odczuwasz l\u0119k i smutek, masz my\u015bli samob\u00f3jcze \u2014 nie czekaj, zadzwo\u0144 pod jeden z numer\u00f3w pomocowych dost\u0119pnych bezp\u0142atnie i czynnych ca\u0142\u0105 dob\u0119, siedem dni w tygodniu:\n<\/p>\n<p>800 70 22 22 &#8211; Centrum Wsparcia dla Os\u00f3b Doros\u0142ych w Kryzysie Psychicznym\n<\/p>\n<p>800 12 12 12 &#8211; Wsparcie psychologiczne w sytuacji kryzysowej \u2013 infolinia dla dzieci, m\u0142odzie\u017cy i opiekun\u00f3w\n<\/p>\n<p>116 111 &#8211; Telefon Zaufania dla Dzieci i M\u0142odzie\u017cy\n<\/p>\n<p>112 &#8211; W razie bezpo\u015bredniego zagro\u017cenia \u017cycia lub zdrowia\n<\/p>\n<p>Dzi\u0119kujemy, \u017ce przeczyta\u0142a\u015b\/e\u015b nasz artyku\u0142 do ko\u0144ca. W serwisie Plejada.pl ka\u017cdego dnia piszemy o najwa\u017cniejszych wydarzeniach show-biznesowych. B\u0105d\u017a na bie\u017c\u0105co! Obserwuj Plejad\u0119 w <a rel=\"nofollow noopener\" href=\"http:\/\/news.google.com\/publications\/CAAiEF0PeAlb7W1llpV_mwV2rL4qFAgKIhBdD3gJW-1tZZaVf5sFdqy-?hl=pl&amp;gl=PL&amp;ceid=PL%3Apl\" target=\"_blank\">Wiadomo\u015bciach Google<\/a>. Odwied\u017a nas tak\u017ce na <a rel=\"nofollow noopener\" href=\"http:\/\/facebook.com\/plejadapl\" target=\"_blank\">Facebooku<\/a> , <a rel=\"nofollow noopener\" href=\"http:\/\/instagram.com\/plejadapl\/\" target=\"_blank\">Instagramie<\/a>, <a rel=\"nofollow noopener\" href=\"http:\/\/youtube.com\/c\/plejada\" target=\"_blank\">YouTubie<\/a> i <a rel=\"nofollow noopener\" href=\"http:\/\/tiktok.com\/@plejada_pl\" target=\"_blank\">TikToku<\/a>. <\/p>\n<p>Chcesz podzieli\u0107 si\u0119 ciekawym newsem lub zaproponowa\u0107 temat? Skontaktuj si\u0119 z nami, pisz\u0105c maila na adres: plejada@redakcjaonet.pl.<\/p>\n<p><script async src=\"\/\/www.instagram.com\/embed.js\"><\/script><script async src=\"\/\/www.tiktok.com\/embed.js\"><\/script><\/p>\n","protected":false},"excerpt":{"rendered":"Joanna Opozda przyzna\u0142a, \u017ce po porodzie zmaga\u0142a si\u0119 z depresj\u0105 i czu\u0142a si\u0119 bardzo samotna. Z trudem radzi\u0142a&hellip;\n","protected":false},"author":2,"featured_media":275017,"comment_status":"","ping_status":"","sticky":false,"template":"","format":"standard","meta":{"footnotes":"","_share_on_mastodon":"0"},"categories":[12],"tags":[21219,32,33,2118,32933,244,7345,470,22269,2728,36,37,28773,27,67,5017,7160,9084,34,35,46288,28,31,53,25,52,68,51,55,42,2120,38,40,39,41,21225,47,27897,29,30,50,26,253,16913],"class_list":["post-275016","post","type-post","status-publish","format-standard","has-post-thumbnail","category-polska","tag-aleksandra_hamkalo","tag-breaking-news","tag-breakingnews","tag-celebryci_celebryta_celebrytka_celebrytki","tag-choroby_psychiczne","tag-ctr_tst","tag-depresja","tag-educate_me","tag-edyta_pazura","tag-evergreen","tag-featured-news","tag-featurednews","tag-filip_chajzer_dziennikarz_celebryta","tag-headlines","tag-intextvideo_splayer","tag-joanna_opozda","tag-julia_wroblewska","tag-kasia_kowalska_piosenkarka","tag-latest-news","tag-latestnews","tag-michal_malitowski","tag-naglowki","tag-najwazniejsze-artykuly","tag-new_header","tag-news","tag-onet3","tag-onet3d","tag-onet3d_2i","tag-phx","tag-pl","tag-plejada","tag-poland","tag-polish","tag-polska","tag-polski","tag-ralph_kaminski_wokalista","tag-screening_general","tag-sebastian_fabijanski_aktor","tag-top-stories","tag-topstories","tag-v2021","tag-wiadomosci","tag-zdrowie","tag-zofia_zborowska_wrona"],"share_on_mastodon":{"url":"","error":"Validation failed: Text character limit of 500 exceeded"},"_links":{"self":[{"href":"https:\/\/www.europesays.com\/pl\/wp-json\/wp\/v2\/posts\/275016","targetHints":{"allow":["GET"]}}],"collection":[{"href":"https:\/\/www.europesays.com\/pl\/wp-json\/wp\/v2\/posts"}],"about":[{"href":"https:\/\/www.europesays.com\/pl\/wp-json\/wp\/v2\/types\/post"}],"author":[{"embeddable":true,"href":"https:\/\/www.europesays.com\/pl\/wp-json\/wp\/v2\/users\/2"}],"replies":[{"embeddable":true,"href":"https:\/\/www.europesays.com\/pl\/wp-json\/wp\/v2\/comments?post=275016"}],"version-history":[{"count":0,"href":"https:\/\/www.europesays.com\/pl\/wp-json\/wp\/v2\/posts\/275016\/revisions"}],"wp:featuredmedia":[{"embeddable":true,"href":"https:\/\/www.europesays.com\/pl\/wp-json\/wp\/v2\/media\/275017"}],"wp:attachment":[{"href":"https:\/\/www.europesays.com\/pl\/wp-json\/wp\/v2\/media?parent=275016"}],"wp:term":[{"taxonomy":"category","embeddable":true,"href":"https:\/\/www.europesays.com\/pl\/wp-json\/wp\/v2\/categories?post=275016"},{"taxonomy":"post_tag","embeddable":true,"href":"https:\/\/www.europesays.com\/pl\/wp-json\/wp\/v2\/tags?post=275016"}],"curies":[{"name":"wp","href":"https:\/\/api.w.org\/{rel}","templated":true}]}}