{"id":275036,"date":"2026-02-23T19:43:10","date_gmt":"2026-02-23T19:43:10","guid":{"rendered":"https:\/\/www.europesays.com\/pl\/275036\/"},"modified":"2026-02-23T19:43:10","modified_gmt":"2026-02-23T19:43:10","slug":"panattoni-park-katowice-airport-rusza-budowa-nowego-kompleksu-w-polsce","status":"publish","type":"post","link":"https:\/\/www.europesays.com\/pl\/275036\/","title":{"rendered":"Panattoni Park Katowice Airport. Rusza budowa nowego kompleksu w Polsce"},"content":{"rendered":"\n<p>&#13;<br \/>\nPierwszym najemc\u0105 nowego kompleksu jest firma Fiege, kt\u00f3ra zajmie ponad 42 tys. m2 powierzchni logistycznej. &#13;\n<\/p>\n<p>&#13;<br \/>\n&#8222;Rozpocz\u0119cie realizacji Panattoni Park Katowice Airport to\u00a0wa\u017cny etap w\u00a0naszym rozwoju na\u00a0\u015al\u0105sku. Projekt, kt\u00f3ry docelowo obejmie 240 000 m2 nowoczesnej przestrzeni przemys\u0142owej, b\u0119dzie jednym z\u00a0najwi\u0119kszych centr\u00f3w logistycznych w\u00a0regionie. Do\u00a0tej pory dostarczyli\u015bmy tu blisko 3\u00a0mln m2 powierzchni \u2013\u00a0najwi\u0119cej w\u00a0skali kraju&#8221; \u2013\u00a0powiedzia\u0142 partner w\u00a0Panattoni Marek Dobrzycki, cytowany w\u00a0komunikacie. &#13;\n<\/p>\n<p>Najwi\u0119kszy dostawca w\u00a0Europie<\/p>\n<p>&#13;<br \/>\nFirma Fiege zaliczana jest do\u00a0najwi\u0119kszych dostawc\u00f3w us\u0142ug logistycznych w\u00a0Europie, dzia\u0142a w\u00a015 krajach i\u00a0posiada sie\u0107 ponad 130 lokalizacji. W\u00a0Polsce obs\u0142uguje klient\u00f3w m.in. z\u00a0bran\u017cy FMCG, modowej, przemys\u0142owej, handlowej, healthcare oraz\u00a0e-commerce. Nowy magazyn w\u00a0Katowicach pos\u0142u\u017cy operatorowi do\u00a0obs\u0142ugi proces\u00f3w logistycznych i\u00a0magazynowania dla\u00a0jednego z\u00a0partner\u00f3w biznesowych. &#13;\n<\/p>\n<p>&#13;<br \/>\nFiege uzyska wczesny dost\u0119p do\u00a0powierzchni w\u00a0po\u0142owie 2027 roku, a\u00a0w\u00a0styczniu 2028 firma rozpocznie regularn\u0105 dzia\u0142alno\u015b\u0107 z\u00a0nowej siedziby. W\u00a0obiekcie zatrudnienie znajdzie oko\u0142o 120 os\u00f3b, podano tak\u017ce. &#13;\n<\/p>\n<p>&#13;<br \/>\nPanattoni Park Katowice Airport powstaje 3\u00a0km od\u00a0Mi\u0119dzynarodowego Portu Lotniczego Katowice w\u00a0Pyrzowicach, przy w\u0119\u017ale autostrady A1 \u2013\u00a0\u0142\u0105cz\u0105cej p\u00f3\u0142noc i\u00a0po\u0142udnie kraju \u2013\u00a0z\u00a0drog\u0105 ekspresow\u0105 S1. &#13;\n<\/p>\n<p>&#13;<br \/>\nPanattoni jest jednym z\u00a0najwi\u0119kszych na\u00a0\u015bwiecie prywatnych deweloper\u00f3w nieruchomo\u015bci przemys\u0142owych i\u00a0od momentu rozpocz\u0119cia dzia\u0142alno\u015bci w\u00a02005\u00a0r. jest liderem w\u00a0Europie. &#13;\n<\/p>\n<p>Gigant inwestuje w\u00a0Polsce<\/p>\n<p>&#13;<br \/>\n<a href=\"https:\/\/dorzeczy.pl\/ekonomia\/835517\/panattoni-realizuje-inwestycje-w-polsce-projekty-o-wartosci-283-mld-zl.html\" rel=\"nofollow noopener\" target=\"_blank\">Panattoni wystartowa\u0142o w\u00a0Polsce<\/a> z\u00a0realizacj\u0105 projekt\u00f3w o\u00a0\u0142\u0105cznej powierzchni oko\u0142o 840 tys. m2, kt\u00f3rych warto\u015b\u0107 wynios\u0142a blisko 2,83 mld z\u0142 w\u00a02025\u00a0r. \u2013\u00a0poda\u0142a sp\u00f3\u0142ka. &#13;\n<\/p>\n<p>&#13;<br \/>\nDeweloper wynaj\u0105\u0142 blisko 1,5 mln m2 oraz\u00a0sprzeda\u0142 19 projekt\u00f3w mi\u0119dzynarodowym inwestorom. &#13;\n<\/p>\n<p>&#13;<br \/>\nZa wysok\u0105 \u0142\u0105czn\u0105 warto\u015bci\u0105 nowych projekt\u00f3w stoj\u0105 konkretne inwestycje realizowane w\u00a0kluczowych lokalizacjach. W\u00a02025 roku Panattoni rozpocz\u0119\u0142o mi\u0119dzy innymi realizacj\u0119 jednego z\u00a0najwi\u0119kszych projekt\u00f3w typu BTO w\u00a0Polsce \u2013\u00a0centrum logistycznego o\u00a0powierzchni ponad 200 tys. m2 dla\u00a0Media Expert w\u00a0\u0141odzi. Ruszy\u0142y tak\u017ce budowy zak\u0142adu produkcyjnego dla\u00a0BSH w\u00a0Rzeszowie oraz\u00a0ostatniej fazy Wroc\u0142aw Campus 2\u00a0\u2013\u00a0flagowej inwestycji na\u00a0Dolnym \u015al\u0105sku. W\u00a0Warszawie i\u00a0okolicach zainicjowane zosta\u0142y projekty o\u00a0\u0142\u0105cznej powierzchni blisko 200 tys. m2, wymieniono w\u00a0komunikacie. &#13;\n<\/p>\n<p>&#13;<br \/>\nCzytaj te\u017c:<br \/><a href=\"https:\/\/dorzeczy.pl\/ekonomia\/848183\/inwestycja-w-jaworznie-porozumienie-miedzy-emp-a-nfosigw.html\" rel=\"follow nofollow noopener\" data-schema=\"DORZECZY\" data-image=\"https:\/\/img.dorzeczy.pl\/_thumb\/1c\/50\/2af0fd4783edf9f0e0ea3d12c9cf.jpeg\" target=\"_blank\">Wielka inwestycja w\u00a0Polsce. Miliardy z\u0142otych na\u00a0stole<\/a>Czytaj te\u017c:<br \/><a href=\"https:\/\/dorzeczy.pl\/ekonomia\/838955\/pkb-polski-w-2025-roku-tusk-i-domanski-zadowoleni.html\" rel=\"follow nofollow noopener\" data-schema=\"DORZECZY\" data-image=\"https:\/\/img.dorzeczy.pl\/_thumb\/e0\/07\/fdff080f5c881e0edcd44d4a1bf8.jpeg\" target=\"_blank\">&#8222;My naprawd\u0119 ich przegonimy!&#8221;. Tusk zadowolony z\u00a0nowych danych<\/a>&#13;<\/p>\n","protected":false},"excerpt":{"rendered":"&#13; Pierwszym najemc\u0105 nowego kompleksu jest firma Fiege, kt\u00f3ra zajmie ponad 42 tys. m2 powierzchni logistycznej. &#13; &#13;&hellip;\n","protected":false},"author":2,"featured_media":275037,"comment_status":"","ping_status":"","sticky":false,"template":"","format":"standard","meta":{"footnotes":"","_share_on_mastodon":"0"},"categories":[16],"tags":[113,112,46373,1792,98,105,4320,49,46372,46371,42,38,40,39,41,80],"class_list":["post-275036","post","type-post","status-publish","format-standard","has-post-thumbnail","category-biznes","tag-biznes","tag-business","tag-centrum-logistyczne","tag-deweloper","tag-dorzeczy","tag-ekonomia","tag-katowice","tag-kraj","tag-panattoni","tag-panattoni-park-katowice-airport","tag-pl","tag-poland","tag-polish","tag-polska","tag-polski","tag-swiat"],"share_on_mastodon":{"url":"https:\/\/pubeurope.com\/@pl\/116121659346425843","error":""},"_links":{"self":[{"href":"https:\/\/www.europesays.com\/pl\/wp-json\/wp\/v2\/posts\/275036","targetHints":{"allow":["GET"]}}],"collection":[{"href":"https:\/\/www.europesays.com\/pl\/wp-json\/wp\/v2\/posts"}],"about":[{"href":"https:\/\/www.europesays.com\/pl\/wp-json\/wp\/v2\/types\/post"}],"author":[{"embeddable":true,"href":"https:\/\/www.europesays.com\/pl\/wp-json\/wp\/v2\/users\/2"}],"replies":[{"embeddable":true,"href":"https:\/\/www.europesays.com\/pl\/wp-json\/wp\/v2\/comments?post=275036"}],"version-history":[{"count":0,"href":"https:\/\/www.europesays.com\/pl\/wp-json\/wp\/v2\/posts\/275036\/revisions"}],"wp:featuredmedia":[{"embeddable":true,"href":"https:\/\/www.europesays.com\/pl\/wp-json\/wp\/v2\/media\/275037"}],"wp:attachment":[{"href":"https:\/\/www.europesays.com\/pl\/wp-json\/wp\/v2\/media?parent=275036"}],"wp:term":[{"taxonomy":"category","embeddable":true,"href":"https:\/\/www.europesays.com\/pl\/wp-json\/wp\/v2\/categories?post=275036"},{"taxonomy":"post_tag","embeddable":true,"href":"https:\/\/www.europesays.com\/pl\/wp-json\/wp\/v2\/tags?post=275036"}],"curies":[{"name":"wp","href":"https:\/\/api.w.org\/{rel}","templated":true}]}}