{"id":27514,"date":"2025-10-02T08:33:07","date_gmt":"2025-10-02T08:33:07","guid":{"rendered":"https:\/\/www.europesays.com\/pl\/27514\/"},"modified":"2025-10-02T08:33:07","modified_gmt":"2025-10-02T08:33:07","slug":"tragedia-w-hotelu-w-wielkopolsce-nie-zyja-25-latka-i-28-latek-onet","status":"publish","type":"post","link":"https:\/\/www.europesays.com\/pl\/27514\/","title":{"rendered":"Tragedia w hotelu w Wielkopolsce. Nie \u017cyj\u0105 25-latka i 28-latek &#8211; Onet"},"content":{"rendered":"<ol>\n<li><a href=\"https:\/\/news.google.com\/rss\/articles\/CBMizAFBVV95cUxOa09qdXlMRkY3Wk0wOFFSSXo5QWRwZS14TTlGdkVQaEtZUG5rNTJ3R0MzUTB2TndkU2lOWWY1V2JmazExZDlXYkVzYzlBTkstT1kyS1NmTlEtNDNjdUVxR1A5dG5Sc3RtbDhUTXR2WWt0eW1LMGdTeF9fdUVweE1PXzVPdDkzQlR0a3dJakNJTXc2ajh5WDJxMUNMT3dlN1N5elhMc3ZveU43WWo4aFBiYklZVVhDY0RNbklhV05sSG5Nb1lQM1R0TXRrMk8?oc=5\" target=\"_blank\" rel=\"nofollow noopener\">Tragedia w hotelu w Wielkopolsce. Nie \u017cyj\u0105 25-latka i 28-latek<\/a>&nbsp;&nbsp;Onet<\/li>\n<li><a href=\"https:\/\/news.google.com\/rss\/articles\/CBMimwFBVV95cUxPVFdfcXBFYzFCdlRYdVp1aTZPeXR1Zy1RekpxSTZ4dXZTM2tkUHptTVduaTU1SGNRcU5OOE1KU2U5QUtFMnMxX0hOdERCbFJ1ZGJnZW44cnFhYXNaZDhlT3dFTllEVjVtUUpLX0Zpc2MxQk1yUkZxc0FQcDAtdlJSbjlJcHc5QWdaazJWcjk3ZmFqcnpSaDQ1TUdIONIBnwFBVV95cUxNTHRySFdDbEp5OENxYU01WWVBOGlKbXZzZTZyWkJ3QXp3aHRRV3pFdnFZU0MzRUhCUVJzX2tpTjRzUEwydjdxM01FOWQ0aG12ejFsYXJUVVlJS0dYVzJZcFdwZ280ZTM2dEZwWFdlcXVNT1J0UUxYcFY0ZkgwMlRYYkhUZ1paTWdYZlBrb2RmRjJMZEIyTXF4aWlBVnR6NWc?oc=5\" target=\"_blank\" rel=\"nofollow noopener\">Makabryczna zbrodnia w hotelu w Wolsztynie<\/a>&nbsp;&nbsp;RMF24<\/li>\n<li><a href=\"https:\/\/news.google.com\/rss\/articles\/CBMiigFBVV95cUxNMHlYWi1meDJLX0ZrU3lQa2RBbkxRemhIM19jTTBxOVdGcnpReGNQUTlYbTFNSG41eTFPR1kzVWFEbVFrNGVrV2lQLVMyZU5jdjZMUVNLT3hXelFBU0pULVlmOUtkLVdfVUZRUnpWVHlyWTYxNmp5YW80R1BBYnNnaXJWRmF0YU9ma2c?oc=5\" target=\"_blank\" rel=\"nofollow noopener\">Zw\u0142oki 25-latki w pokoju hotelowym. To nie koniec tragedii<\/a>&nbsp;&nbsp;TVP Pozna\u0144<\/li>\n<li><a href=\"https:\/\/news.google.com\/rss\/articles\/CBMilAFBVV95cUxNN1F1c0drbURpZ0NpNmRuT1pYdGpjT0U3blFTSjNhLUVKR0RqYjh0Ul9MZG0xRXF4ZERRdmFBbUZXTVhac0l4QXpvdkUyeHlHcm9aRG9WX2RkMXpQaUFYSzBwRzhxaUZtbEROX2pNdEhjU2hrTzg2VEJ2SDM2Y2NIRkNJdFd6RGhxMkpLOHhvWlA3MzJ00gGaAUFVX3lxTE1HX3lVaW1DaTNVa2NBUXNKOEZOV1l4dWNCdlNYdjNIaXRvVVRkOEd6ektHdjBCdjlEMU1ZTklQVE9FdkJ1cHpsM2p4Mm5peE5VTFRkR09Pb05LUGNyckRGX2x5MHVWVEdzaEhycnMxRFNKeUNac1NxYzdVRHpLXzFVcVZBckRhT1RlckxZbUloVlpXVkZaOGxoVEE?oc=5\" target=\"_blank\" rel=\"nofollow noopener\">Tragedia w hotelu w Wolsztynie. Dwie osoby nie \u017cyj\u0105<\/a>&nbsp;&nbsp;Podr\u00f3\u017ce Wprost<\/li>\n<li><a href=\"https:\/\/news.google.com\/rss\/articles\/CBMijwFBVV95cUxNZThiT25vVy1pUG9pWXMycFNvbWU2RTNNLUpNZ1QxMU5mV191Mm5SaE5vaXZQMFVMYk5Dek1SVVczTTlLV29lRjhpem80ZFNySWFZOXhHYTBCWmdBRDJVc2ZDN2NWM0ZSSmpiWW5sVWRna2ZSU3ZyVzFrb0dqaFZRWk1zVVZGa09ndFcwTWdxdw?oc=5\" target=\"_blank\" rel=\"nofollow noopener\">\u015amier\u0107 w hotelu. Zgin\u0119\u0142a para m\u0142odych ludzi<\/a>&nbsp;&nbsp;Radio Pozna\u0144<\/li>\n<\/ol>\n","protected":false},"excerpt":{"rendered":"Tragedia w hotelu w Wielkopolsce. Nie \u017cyj\u0105 25-latka i 28-latek&nbsp;&nbsp;Onet Makabryczna zbrodnia w hotelu w Wolsztynie&nbsp;&nbsp;RMF24 Zw\u0142oki 25-latki&hellip;\n","protected":false},"author":2,"featured_media":27515,"comment_status":"","ping_status":"","sticky":false,"template":"","format":"standard","meta":{"footnotes":""},"categories":[12],"tags":[32,33,36,37,27,8275,34,35,28,31,53,25,52,68,51,55,42,38,251,40,39,41,47,511,29,30,8277,65,50,26,8276],"class_list":{"0":"post-27514","1":"post","2":"type-post","3":"status-publish","4":"format-standard","5":"has-post-thumbnail","7":"category-polska","8":"tag-breaking-news","9":"tag-breakingnews","10":"tag-featured-news","11":"tag-featurednews","12":"tag-headlines","13":"tag-hotel","14":"tag-latest-news","15":"tag-latestnews","16":"tag-naglowki","17":"tag-najwazniejsze-artykuly","18":"tag-new_header","19":"tag-news","20":"tag-onet3","21":"tag-onet3d","22":"tag-onet3d_2i","23":"tag-phx","24":"tag-pl","25":"tag-poland","26":"tag-policja_policjanci_policjant_policjantka_policjantki","27":"tag-polish","28":"tag-polska","29":"tag-polski","30":"tag-screening_general","31":"tag-smierc","32":"tag-top-stories","33":"tag-topstories","34":"tag-tragedia","35":"tag-update_me","36":"tag-v2021","37":"tag-wiadomosci","38":"tag-zwloki"},"share_on_mastodon":{"url":"","error":""},"_links":{"self":[{"href":"https:\/\/www.europesays.com\/pl\/wp-json\/wp\/v2\/posts\/27514","targetHints":{"allow":["GET"]}}],"collection":[{"href":"https:\/\/www.europesays.com\/pl\/wp-json\/wp\/v2\/posts"}],"about":[{"href":"https:\/\/www.europesays.com\/pl\/wp-json\/wp\/v2\/types\/post"}],"author":[{"embeddable":true,"href":"https:\/\/www.europesays.com\/pl\/wp-json\/wp\/v2\/users\/2"}],"replies":[{"embeddable":true,"href":"https:\/\/www.europesays.com\/pl\/wp-json\/wp\/v2\/comments?post=27514"}],"version-history":[{"count":0,"href":"https:\/\/www.europesays.com\/pl\/wp-json\/wp\/v2\/posts\/27514\/revisions"}],"wp:featuredmedia":[{"embeddable":true,"href":"https:\/\/www.europesays.com\/pl\/wp-json\/wp\/v2\/media\/27515"}],"wp:attachment":[{"href":"https:\/\/www.europesays.com\/pl\/wp-json\/wp\/v2\/media?parent=27514"}],"wp:term":[{"taxonomy":"category","embeddable":true,"href":"https:\/\/www.europesays.com\/pl\/wp-json\/wp\/v2\/categories?post=27514"},{"taxonomy":"post_tag","embeddable":true,"href":"https:\/\/www.europesays.com\/pl\/wp-json\/wp\/v2\/tags?post=27514"}],"curies":[{"name":"wp","href":"https:\/\/api.w.org\/{rel}","templated":true}]}}