{"id":27578,"date":"2025-10-02T09:10:08","date_gmt":"2025-10-02T09:10:08","guid":{"rendered":"https:\/\/www.europesays.com\/pl\/27578\/"},"modified":"2025-10-02T09:10:08","modified_gmt":"2025-10-02T09:10:08","slug":"wta-pekin-eva-lys-coco-gauff-relacja-na-zywo-przeglad-sportowy-onet","status":"publish","type":"post","link":"https:\/\/www.europesays.com\/pl\/27578\/","title":{"rendered":"WTA Pekin: Eva Lys &#8211; Coco Gauff [RELACJA NA \u017bYWO] &#8211; Przegl\u0105d Sportowy Onet"},"content":{"rendered":"<ol>\n<li><a href=\"https:\/\/news.google.com\/rss\/articles\/CBMitgFBVV95cUxNMk9ueGhzNFZCTHJscFFxblV6QWdidk9oUnkzaGRTY0U5SWhiTlVxT2xLdk5sVWUtQnZtRnl6N0xMekxLZDBRcUVEX0V3ZHNscnlYZGRYR1B4R2MzVEVFMUVzNURJQjJOTDF0U043QkYtYXEtOTd1ZTVreWNmTEJMeG9NMDBBSGlmT0tIaGtMMTNEZE1saVpTOEs2TGpwVG1OTUM2ZmV3TDlTZUlmRnY4QnFOX1JKUQ?oc=5\" target=\"_blank\" rel=\"nofollow noopener\">WTA Pekin: Eva Lys &#8211; Coco Gauff [RELACJA NA \u017bYWO]<\/a>&nbsp;&nbsp;Przegl\u0105d Sportowy Onet<\/li>\n<li><a href=\"https:\/\/news.google.com\/rss\/articles\/CBMivAFBVV95cUxPZ0FxREduSE5LYUFydHFEMmZNbkNySXFQWWQ2d0Y0TWJGaXQ3WW42clZmUEt3NXFsdHd2S3NtWXR0YlRfeF9jUmswSnNlVlhTeUJ3RXRSOHFJQlJCMHpEcjZ3OXhPSGRUeFZzZThNR0xEaEI2QmRQcUFoVFF4WGhHdVNla244Z2RJaXRIbXhudkl5VVh3QWltb21Xc2dMcHhIb1RiRGszWDdiZzJSd1BKUWg5MFc4dHFVRjJRWA?oc=5\" target=\"_blank\" rel=\"nofollow noopener\">Coco Gauff w p\u00f3\u0142finale w Pekinie! A to nie s\u0105 dobre wie\u015bci dla Igi \u015awi\u0105tek<\/a>&nbsp;&nbsp;Przegl\u0105d Sportowy Onet<\/li>\n<li><a href=\"https:\/\/news.google.com\/rss\/articles\/CBMirgFBVV95cUxNdkpKSWdUWGh4MnVoQ0stZGxQeHpueUxvbFZmMjQ5a0lwMmNoZzJrS0M0bzA3b3Z0Ny1QbnBnV1NGcDRGN3lxbmhhOG9RNDNLYURpeGtIOXdJNVBETThlV1hGcEgxSHUwd05sU3FudktjbmZFVEctQ0RQQks1UVRfRVk4WWJldVN6bEtnLXdFb2FUSjZzQzBxOFpPWjdkXzJIQXdwWTlKajNzT0dlSWc?oc=5\" target=\"_blank\" rel=\"nofollow noopener\">Gauff spychana do defensywy. Koniec trzysetowych potyczek rewelacji z Pekinu<\/a>&nbsp;&nbsp;Sport Interia<\/li>\n<li><a href=\"https:\/\/news.google.com\/rss\/articles\/CBMiekFVX3lxTFB0MkxOdFZWamo1RU5zcDVyM1dLRjJOaGU0bk8yTkROWThhV1R1ZHg0ejBZUUpmWWV5WVJSLTNFTGdqNmI4VThocXZZTjJoSkVDZFJwVXVBMWZyeFFwdjMxNm9JR2JBb181NldFX29vOXFxUnozRXFsdVN3?oc=5\" target=\"_blank\" rel=\"nofollow noopener\">Coco Gauff &#8211; Eva Lys<\/a>&nbsp;&nbsp;CANAL+<\/li>\n<li><a href=\"https:\/\/news.google.com\/rss\/articles\/CBMiswFBVV95cUxQSmw2akZkOVR5Zi12OUNUMkp1cnZaOXlQNUVvY3pTUVB6RVFlWWhCcDJFLXRZY1MyNU9kZmxFc1dDQjBLRVBoSkZ4d1VLR2x3ZnVhRnFXc3BhRWJQSlNLa0hTTzhOQWFqM0lYdm0zcXNId3hpVUh0VDd3TEFUemgwOWpLTmxiNFV5WnlrcVN2em5IU1JpYm5UYUNQVGRabGVaX193Mjl2SUVwb0NGTUFzOXQ3UQ?oc=5\" target=\"_blank\" rel=\"nofollow noopener\">Niemka nie sprawi\u0142a kolejnej niespodzianki. Gauff pierwsz\u0105 p\u00f3\u0142finalistk\u0105<\/a>&nbsp;&nbsp;SportoweFakty<\/li>\n<\/ol>\n","protected":false},"excerpt":{"rendered":"WTA Pekin: Eva Lys &#8211; Coco Gauff [RELACJA NA \u017bYWO]&nbsp;&nbsp;Przegl\u0105d Sportowy Onet Coco Gauff w p\u00f3\u0142finale w Pekinie!&hellip;\n","protected":false},"author":2,"featured_media":27579,"comment_status":"","ping_status":"","sticky":false,"template":"","format":"standard","meta":{"footnotes":""},"categories":[24],"tags":[5218,6654,188,186,42,38,40,39,41,136,128,47,127,135,126,156,5222],"class_list":{"0":"post-27578","1":"post","2":"type-post","3":"status-publish","4":"format-standard","5":"has-post-thumbnail","7":"category-sport","8":"tag-coco_gauff","9":"tag-eva_lys","10":"tag-liveblog","11":"tag-na_zywo","12":"tag-pl","13":"tag-poland","14":"tag-polish","15":"tag-polska","16":"tag-polski","17":"tag-ps_detal_new","18":"tag-psv2","19":"tag-screening_general","20":"tag-sport","21":"tag-sport_sport","22":"tag-sports","23":"tag-tenis","24":"tag-wta_pekin"},"share_on_mastodon":{"url":"","error":""},"_links":{"self":[{"href":"https:\/\/www.europesays.com\/pl\/wp-json\/wp\/v2\/posts\/27578","targetHints":{"allow":["GET"]}}],"collection":[{"href":"https:\/\/www.europesays.com\/pl\/wp-json\/wp\/v2\/posts"}],"about":[{"href":"https:\/\/www.europesays.com\/pl\/wp-json\/wp\/v2\/types\/post"}],"author":[{"embeddable":true,"href":"https:\/\/www.europesays.com\/pl\/wp-json\/wp\/v2\/users\/2"}],"replies":[{"embeddable":true,"href":"https:\/\/www.europesays.com\/pl\/wp-json\/wp\/v2\/comments?post=27578"}],"version-history":[{"count":0,"href":"https:\/\/www.europesays.com\/pl\/wp-json\/wp\/v2\/posts\/27578\/revisions"}],"wp:featuredmedia":[{"embeddable":true,"href":"https:\/\/www.europesays.com\/pl\/wp-json\/wp\/v2\/media\/27579"}],"wp:attachment":[{"href":"https:\/\/www.europesays.com\/pl\/wp-json\/wp\/v2\/media?parent=27578"}],"wp:term":[{"taxonomy":"category","embeddable":true,"href":"https:\/\/www.europesays.com\/pl\/wp-json\/wp\/v2\/categories?post=27578"},{"taxonomy":"post_tag","embeddable":true,"href":"https:\/\/www.europesays.com\/pl\/wp-json\/wp\/v2\/tags?post=27578"}],"curies":[{"name":"wp","href":"https:\/\/api.w.org\/{rel}","templated":true}]}}