{"id":276233,"date":"2026-02-24T13:28:07","date_gmt":"2026-02-24T13:28:07","guid":{"rendered":"https:\/\/www.europesays.com\/pl\/276233\/"},"modified":"2026-02-24T13:28:07","modified_gmt":"2026-02-24T13:28:07","slug":"konflikt-w-azji-tajlandia-oskarza-kambodze-o-zlamanie-rozejmu","status":"publish","type":"post","link":"https:\/\/www.europesays.com\/pl\/276233\/","title":{"rendered":"Konflikt w Azji. Tajlandia oskar\u017ca Kambod\u017c\u0119 o z\u0142amanie rozejmu"},"content":{"rendered":"<p>Rzecznik tajlandzkiej armii genera\u0142 Winthai Suvaree o\u015bwiadczy\u0142, \u017ce we wtorek rano czasu lokalnego si\u0142y kambod\u017ca\u0144skie &#8222;wystrzeli\u0142y pojedynczy granat (&#8230;) w pobli\u017cu tajlandzkiego patrolu&#8221;. W odpowiedzi \u017co\u0142nierze te\u017c u\u017cyli granatnika, dzia\u0142aj\u0105c \u2014 jak podkre\u015blono \u2014 w samoobronie.<\/p>\n<p> Co dok\u0142adnie wydarzy\u0142o si\u0119 przy granicy Tajlandii i Kambod\u017cy? <\/p>\n<p> Jakie zarzuty Tajlandia wysun\u0119\u0142a wobec Kambod\u017cy? <\/p>\n<p> Jak Kambod\u017ca zareagowa\u0142a na oskar\u017cenia Tajlandii? <\/p>\n<p> Jak d\u0142ugo trwa konflikt mi\u0119dzy Tajlandi\u0105 a Kambod\u017c\u0105? <\/p>\n<p>&#8222;Wst\u0119pna ocena sugeruje, \u017ce incydent mo\u017ce wynika\u0107 z rotacji wojsk kambod\u017ca\u0144skich i braku znajomo\u015bci przepis\u00f3w przez nowy personel&#8221; \u2014 przekaza\u0142 genera\u0142 Winthai, cytowany przez portal dziennika &#8222;The Nation&#8221;. Jak zaznaczono po stronie tajlandzkiej nie odnotowano ofiar.<\/p>\n<p>   Konflikt trwa prawie 100 lat<\/p>\n<p>Minister informacji Kambod\u017cy Neth Pheaktra w rozmowie z AFP okre\u015bli\u0142 zarzuty jako &#8222;ca\u0142kowicie fa\u0142szywe&#8221;. &#8222;Zosta\u0142y wymy\u015blone (&#8230;) w celowym zamiarze wprowadzenia w b\u0142\u0105d opinii publicznej i wywo\u0142ania napi\u0119\u0107 na granicy&#8221; \u2014 o\u015bwiadczy\u0142 minister. Resort obrony Kambod\u017cy odm\u00f3wi\u0142 komentarza.<\/p>\n<p>Konflikt o przebieg 800-kilometrowej granicy, wytyczonej jeszcze w czasach kolonialnych przez Francj\u0119, trwa od ponad wieku. W ubieg\u0142ym roku sp\u00f3r eskalowa\u0142 do serii krwawych star\u0107, <a href=\"https:\/\/wiadomosci.onet.pl\/swiat\/konflikt-kambodzy-z-tajlandia-jest-zawieszenie-broni\/m2qhm8x\" id=\"937d5eae-5eff-4e5d-a109-dd1ed39fd950\" rel=\"nofollow noopener\" target=\"_blank\">w wyniku kt\u00f3rych zgin\u0119\u0142y dziesi\u0105tki os\u00f3b, a ponad milion cywil\u00f3w musia\u0142o opu\u015bci\u0107 swoje domy.<\/a>   <\/p>\n<p>Wtorkowy incydent jest pierwszym powa\u017cnym naruszeniem zawieszenia broni podpisanego 27 grudnia 2025 r.<\/p>\n","protected":false},"excerpt":{"rendered":"Rzecznik tajlandzkiej armii genera\u0142 Winthai Suvaree o\u015bwiadczy\u0142, \u017ce we wtorek rano czasu lokalnego si\u0142y kambod\u017ca\u0144skie &#8222;wystrzeli\u0142y pojedynczy granat&hellip;\n","protected":false},"author":2,"featured_media":276234,"comment_status":"","ping_status":"","sticky":false,"template":"","format":"standard","meta":{"footnotes":"","_share_on_mastodon":"0"},"categories":[14],"tags":[32,33,27,17491,34,35,28,31,48,25,46,40,41,47,80,15848,29,30,26,892,82,83,84],"class_list":["post-276233","post","type-post","status-publish","format-standard","has-post-thumbnail","category-swiat","tag-breaking-news","tag-breakingnews","tag-headlines","tag-kambodza","tag-latest-news","tag-latestnews","tag-naglowki","tag-najwazniejsze-artykuly","tag-nat_styl","tag-news","tag-omp","tag-polish","tag-polski","tag-screening_general","tag-swiat","tag-tajlandia","tag-top-stories","tag-topstories","tag-wiadomosci","tag-wojna","tag-world","tag-world-news","tag-worldnews"],"share_on_mastodon":{"url":"https:\/\/pubeurope.com\/@pl\/116125846935193960","error":""},"_links":{"self":[{"href":"https:\/\/www.europesays.com\/pl\/wp-json\/wp\/v2\/posts\/276233","targetHints":{"allow":["GET"]}}],"collection":[{"href":"https:\/\/www.europesays.com\/pl\/wp-json\/wp\/v2\/posts"}],"about":[{"href":"https:\/\/www.europesays.com\/pl\/wp-json\/wp\/v2\/types\/post"}],"author":[{"embeddable":true,"href":"https:\/\/www.europesays.com\/pl\/wp-json\/wp\/v2\/users\/2"}],"replies":[{"embeddable":true,"href":"https:\/\/www.europesays.com\/pl\/wp-json\/wp\/v2\/comments?post=276233"}],"version-history":[{"count":0,"href":"https:\/\/www.europesays.com\/pl\/wp-json\/wp\/v2\/posts\/276233\/revisions"}],"wp:featuredmedia":[{"embeddable":true,"href":"https:\/\/www.europesays.com\/pl\/wp-json\/wp\/v2\/media\/276234"}],"wp:attachment":[{"href":"https:\/\/www.europesays.com\/pl\/wp-json\/wp\/v2\/media?parent=276233"}],"wp:term":[{"taxonomy":"category","embeddable":true,"href":"https:\/\/www.europesays.com\/pl\/wp-json\/wp\/v2\/categories?post=276233"},{"taxonomy":"post_tag","embeddable":true,"href":"https:\/\/www.europesays.com\/pl\/wp-json\/wp\/v2\/tags?post=276233"}],"curies":[{"name":"wp","href":"https:\/\/api.w.org\/{rel}","templated":true}]}}