{"id":276607,"date":"2026-02-24T17:44:10","date_gmt":"2026-02-24T17:44:10","guid":{"rendered":"https:\/\/www.europesays.com\/pl\/276607\/"},"modified":"2026-02-24T17:44:10","modified_gmt":"2026-02-24T17:44:10","slug":"muzycy-przeciwko-trumpowi-protesty-w-rytmie-rocka-i-popu","status":"publish","type":"post","link":"https:\/\/www.europesays.com\/pl\/276607\/","title":{"rendered":"Muzycy przeciwko Trumpowi. Protesty w rytmie rocka i popu"},"content":{"rendered":"<ul class=\"UnorderedList_container__nmfSl\">\n<li class=\"UnorderedList_listElement__Py7xi UnorderedList_listElementDefault__oEOOV\">U2 wyda\u0142o minialbum &#8222;Days of Ash&#8221; po\u015bwi\u0119cony wydarzeniom w Ukrainie, Iranie, Palestynie i USA<\/li>\n<li class=\"UnorderedList_listElement__Py7xi UnorderedList_listElementDefault__oEOOV\">Bruce Springsteen i inni arty\u015bci protestuj\u0105 przeciwko polityce Donalda Trumpa<\/li>\n<li class=\"UnorderedList_listElement__Py7xi UnorderedList_listElementDefault__oEOOV\">Philip Glass wycofa\u0142 premier\u0119 swojej symfonii z Trump Kennedy Center<\/li>\n<li class=\"UnorderedList_listElement__Py7xi UnorderedList_listElementDefault__oEOOV\">Bad Bunny skrytykowa\u0142 USA podczas wyst\u0119pu na Super Bowl<\/li>\n<\/ul>\n<p class=\"Paragraph_desktopParagraph__U31Gm\">Grupa U2 wyda\u0142a minialbum, kt\u00f3ry po\u015bwi\u0119ci\u0142a wydarzeniom w Ukrainie, Iranie, Palestynie i USA. &#8222;W\u0142adza ludu jest silniejsza od ludzi u w\u0142adzy&#8221; \u2014 \u015bpiewa Bono. &#8222;\u017byjemy w mrocznych czasach&#8221; \u2014 zauwa\u017ca Springsteen. Przeciwko sytuacji na \u015bwiecie, zw\u0142aszcza Donaldowi Trumpowi, protestuj\u0105 te\u017c Bad Bunny i Philip Glass.<\/p>\n<p>Nowe utwory U2 i ich przes\u0142anie <\/p>\n<p class=\"Paragraph_desktopParagraph__U31Gm\">&#8222;To wyraz buntu i przera\u017cenia, lament&#8221; \u2014 t\u0142umaczy\u0142 Bono, wokalista U2, m\u00f3wi\u0105c o minialbumie &#8222;Days of Ash&#8221;, kt\u00f3ry ukaza\u0142 si\u0119 18 lutego i sk\u0142ada si\u0119 z pi\u0119ciu nowych piosenek. Pierwszych nowych utwor\u00f3w grupy od 2017 r. &#8222;Cho\u0107 na naszych ma\u0142ych ekranach codziennie widzimy znormalizowane okropie\u0144stwa, nie ma nic normalnego w tych osza\u0142amiaj\u0105cych czasach i musimy si\u0119 im przeciwstawi\u0107, zanim zn\u00f3w nabierzemy wiary w przysz\u0142o\u015b\u0107&#8221; \u2014 napisa\u0142 Bono.<\/p>\n<ul class=\"OchatFollowUps_wrapper__1ry7X\">\n<li class=\"OchatFollowUps_item__Dhyly OchatFollowUps_itemDesktop__R6aBv\">Kiedy U2 wyda\u0142o minialbum 'Days of Ash&#8217;?<\/li>\n<li class=\"OchatFollowUps_item__Dhyly OchatFollowUps_itemDesktop__R6aBv\">Jakie wydarzenia zosta\u0142y poruszone w nowych utworach U2?<\/li>\n<li class=\"OchatFollowUps_item__Dhyly OchatFollowUps_itemDesktop__R6aBv\">Kto skrytykowa\u0142 USA podczas Super Bowl?<\/li>\n<li class=\"OchatFollowUps_item__Dhyly OchatFollowUps_itemDesktop__R6aBv\">Dlaczego Philip Glass wycofa\u0142 premier\u0119 swojej symfonii?<\/li>\n<\/ul>\n<p class=\"Paragraph_desktopParagraph__U31Gm\">W czwart\u0105 rocznic\u0119 rosyjskiej pe\u0142noskalowej inwazji na Ukrain\u0119 ukaza\u0142 si\u0119 4,5-minutowy film dokumentalny w re\u017cyserii Ilii Michajlusa, towarzysz\u0105cy utworowi &#8222;Yours Eternally&#8221; z najnowszego wydawnictwa U2. Nakr\u0119cony zosta\u0142 w grudniu 2025 r., gdy re\u017cyser i ekipa filmowa stacjonowali u boku 2. Korpusu Gwardii Narodowej Ukrainy &#8222;Chartija&#8221;, ukazuje codzienno\u015b\u0107 Aliny i jej towarzyszy broni walcz\u0105cych na froncie w obwodzie charkowskim. Stanowi cz\u0119\u015b\u0107 pe\u0142nometra\u017cowego filmu dokumentalnego, kt\u00f3rego premiera odb\u0119dzie si\u0119 pod koniec 2026 roku.<\/p>\n<p>Bohaterowie piosenek i ich historie <\/p>\n<p class=\"Paragraph_desktopParagraph__U31Gm\">Bohaterami nowych piosenek U2 s\u0105 Sarina Esmailzadeh, ira\u0144ska nastolatka pobita na \u015bmier\u0107 przez policj\u0119 (&#8222;Song of the Future&#8221;), pisz\u0105cy list z frontu ukrai\u0144ski \u017co\u0142nierz (&#8222;Yours Eternally&#8221;), palesty\u0144ski nauczyciel Awdah Hathaleen zabity przez izraelskiego osadnika (&#8222;One Life At A Time&#8221;). &#8222;American Obituary&#8221; po\u015bwi\u0119cona Renee Good, zastrzelonej przez agenta imigracyjnego mieszkanki Mineapolis, to pie\u015b\u0144 o gniewie i smutku. &#8222;Nie tylko z powodu \u015bmierci Renee, ale \u015bmierci tej Ameryki, kt\u00f3ra przeprowadzi\u0142aby dochodzenie w sprawie jej zab\u00f3jstwa&#8221; \u2014 t\u0142umaczy\u0142 Bono na \u0142amach &#8222;Propagandy&#8221;, fanzinu zespo\u0142u.<\/p>\n<p class=\"Paragraph_desktopParagraph__U31Gm\">Wydarzeniom tym piosenk\u0119 po\u015bwi\u0119ci\u0142 tak\u017ce Bruce Springsteen, jedna z najwi\u0119kszych gwiazd muzyki rockowej. &#8222;Streets of Minneapolis&#8221; tytu\u0142em nawi\u0105zuje do &#8222;Streets of Philadelphia&#8221; z 1993 r., pie\u015bni, za kt\u00f3r\u0105 artysta otrzyma\u0142 Oscara. &#8222;Napisa\u0142em ten utw\u00f3r w odpowiedzi na pa\u0144stwowy terror, jaki dotkn\u0105\u0142 Minneapolis. Dedykuj\u0119 go mieszka\u0144com miasta, naszym imigranckim s\u0105siadom oraz pami\u0119ci Alexa Prettiego (to kolejny Amerykanin zastrzelony w styczniu przez funkcjonariuszy ICE \u2014 red.) i Renee Good&#8221; \u2014 t\u0142umaczy\u0142 muzyk.<\/p>\n<p>Reakcje polityczne i artystyczne <\/p>\n<p class=\"Paragraph_desktopParagraph__U31Gm\">Bia\u0142y Dom w odwecie uderzy\u0142 w Bruce\u2019a Springsteena, zarzucaj\u0105c mu szerzenie &#8222;niedok\u0142adnych informacji&#8221;. Artysta znany jest z bezkompromisowo\u015bci, od dekad nie szcz\u0119dzi krytyki politykom. Ju\u017c w latach 80. nie pozwoli\u0142 Ronaldowi Reaganowi na u\u017cycie utworu &#8222;Born in the U.S.A.&#8221; w kampanii wyborczej. Zupe\u0142nie inne relacje \u0142\u0105czy\u0142y go z Barackiem Obam\u0105, kt\u00f3rego w 2008 r. wspiera\u0142 podczas walki o prezydentur\u0119. Teraz Springsteen og\u0142oszenie dodatkowych koncert\u00f3w podczas aktualnej trasy opatrzy\u0142 s\u0142owami: &#8222;\u017byjemy w mrocznych czasach, ale nie l\u0119kajcie si\u0119 \u2014 nadci\u0105ga kawaleria!&#8221;.<\/p>\n<p class=\"Paragraph_desktopParagraph__U31Gm\">To kolejna ods\u0142ona sporu administracji ameryka\u0144skiego prezydenta Donalda Trumpa z muzykami. Arty\u015bci od lat protestuj\u0105 przeciwko eksploatowaniu ich pracy podczas wydarze\u0144 politycznych bez uzyskania zgody. Wcze\u015bniej oficjalne sprzeciwy, a niejednokrotnie i kroki prawne podejmowali tacy tw\u00f3rcy, jak Neil Young, Elton John, Celine Dion, spadkobiercy Toma Petty&#8217;ego i Isaaca Hayesa.<\/p>\n<p>Konflikty wok\u00f3\u0142 Trump Kennedy Center <\/p>\n<p class=\"Paragraph_desktopParagraph__U31Gm\">Niedawno re\u017cyser Paul Thomas Anderson i kompozytor Jonny Greenwood zwr\u00f3cili si\u0119 do tw\u00f3rc\u00f3w filmu &#8222;Melania&#8221; o pierwszej damie Stan\u00f3w Zjednoczonych z pro\u015bb\u0105 o usuni\u0119cie z tej produkcji muzyki pochodz\u0105cej z ich filmu &#8222;Ni\u0107 widmo&#8221;. Tw\u00f3rcy podkre\u015blaj\u0105, \u017ce wytw\u00f3rnia udost\u0119pni\u0142a muzyk\u0119 bez wcze\u015bniejszej konsultacji z autorem.<\/p>\n<p class=\"Paragraph_desktopParagraph__U31Gm\">Konflikt z muzykami przybra\u0142 na sile, gdy prezydent przej\u0105\u0142 kontrol\u0119 nad sal\u0105 koncertow\u0105 John F. Kennedy Center for the Performing Arts, mianuj\u0105c si\u0119 jej prezesem, dodaj\u0105c swoje nazwisko do nazwy i dymisjonuj\u0105c dotychczasowy zarz\u0105d. W odpowiedzi na te kroki z udzia\u0142u w wydarzeniach organizowanych przez Centrum zrezygnowali m.in. Bela Fleck, The Martha Graham Dance Company, Sonia De Los Santos, jazzowa supergrupa The Cookers, folkowy duet Magpie oraz portoryka\u0144ska formacja Balun.<\/p>\n<p>Philip Glass i jego decyzja <\/p>\n<p class=\"Paragraph_desktopParagraph__U31Gm\">Najg\u0142o\u015bniejszym echem odbi\u0142a si\u0119 jednak decyzja Philipa Glassa. S\u0142ynny kompozytor wycofa\u0142 \u015bwiatow\u0105 premier\u0119 swojej XV Symfonii (&#8222;Symfonii Lincolna&#8221;), kt\u00f3ra mia\u0142a si\u0119 odby\u0107 w\u0142a\u015bnie w Trump Kennedy Center. &#8222;Symfonia jest portretem Abrahama Lincolna, a warto\u015bci reprezentowane dzi\u015b przez Kennedy Center s\u0105 wprost sprzeczne z przes\u0142aniem mojego dzie\u0142a. Pod obecnym kierownictwem nie widz\u0119 mo\u017cliwo\u015bci zrealizowania tej premiery&#8221; \u2014 argumentowa\u0142 Glass.<\/p>\n<p>Super Bowl i wyst\u0119p Bad Bunny&#8217;ego <\/p>\n<p class=\"Paragraph_desktopParagraph__U31Gm\">O Trumpie by\u0142o te\u017c g\u0142o\u015bno podczas Super Bowl \u2014 fina\u0142u ligi futbolu ameryka\u0144skiego. Komentatorzy wielokrotnie wymieniali jego nazwisko w czasie oceniania wyst\u0119pu Benita Antonio Mart\u00edneza Ocasio, rapera wyst\u0119puj\u0105cego pod pseudonimem Bad Bunny, kt\u00f3ry w ostatnich latach sta\u0142 si\u0119 jedn\u0105 z najwi\u0119kszych gwiazd pop na \u015bwiecie. Pochodz\u0105cy z Portoryko artysta wyst\u0105pi\u0142 w przerwie meczu na zaproszenie NFL.<\/p>\n<p class=\"Paragraph_desktopParagraph__U31Gm\">Artysta skrytykowa\u0142 Stany Zjednoczone i pa\u0144stwowe s\u0142u\u017cby ju\u017c 1 lutego, gdy odbiera\u0142 statuetk\u0119 Grammy w kategorii najlepsza muzyka latynoska. &#8222;Nie jeste\u015bmy dzikusami, nie jeste\u015bmy zwierz\u0119tami, nie jeste\u015bmy kosmitami. Jeste\u015bmy lud\u017ami i jeste\u015bmy Amerykanami&#8221; \u2014 m\u00f3wi\u0142 wtedy ze sceny. &#8222;Jedyne, co jest silniejsze od nienawi\u015bci, to mi\u0142o\u015b\u0107&#8221; \u2014 zaznaczy\u0142. To w\u0142a\u015bnie przes\u0142anie zosta\u0142o umieszczone na telebimie podczas Supr Bowl. W finale wyst\u0119pu piosenkarz wymieni\u0142 nazwy kraj\u00f3w tworz\u0105cych Ameryk\u0119 P\u00f3\u0142nocn\u0105 i Po\u0142udniow\u0105, pokaza\u0142 do kamery pi\u0142k\u0119 z has\u0142em: &#8222;Razem jeste\u015bmy Ameryk\u0105&#8221;.<\/p>\n<p>Kontrowersje wok\u00f3\u0142 wyst\u0119pu i reakcje <\/p>\n<p class=\"Paragraph_desktopParagraph__U31Gm\">Randy Fine, republika\u0144ski kongresmen z Florydy, napisa\u0142, \u017ce &#8222;to, co Amerykanie zobaczyli podczas wyst\u0119pu Bad Bunny&#8217;ego na Super Bowl, by\u0142o odra\u017caj\u0105ce i nigdy wi\u0119cej nie powinno zosta\u0107 pokazane w telewizji&#8221;. Kontrola Federalnej Komisji \u0141\u0105czno\u015bci nie stwierdzi\u0142a jednak nieobyczajnych tre\u015bci, zauwa\u017cy\u0142a nawet, \u017ce z tekst\u00f3w niekt\u00f3rych piosenek specjalnie usuni\u0119to kontrowersyjne fragmenty.<\/p>\n<p class=\"Paragraph_desktopParagraph__U31Gm\">Trump na stadionie si\u0119 nie pojawi\u0142, skomentowa\u0142 jednak wydarzenie na swojej platformie Truth Social. Napisa\u0142, \u017ce muzyczny spektakl Bunny&#8217;ego to &#8222;obraza dla wielko\u015bci Ameryki&#8221;. Tym samym 15-minutowy wyst\u0119p rapera ur\u00f3s\u0142 do rangi bitwy w kulturowej wojnie. Wpisa\u0142 si\u0119 te\u017c w szerszy kontekst wydarze\u0144 politycznych \u2014 Bad Bunny zrezygnowa\u0142 po nim z wyst\u0119p\u00f3w w Stanach podczas trasy koncertowej, z obawy o to, \u017ce jego koncerty mog\u0105 si\u0119 sta\u0107 okazj\u0105 dla dzia\u0142a\u0144 ameryka\u0144skich s\u0142u\u017cb imigracyjnych.<\/p>\n<p>Alternatywne koncerty i reakcje artyst\u00f3w <\/p>\n<p class=\"Paragraph_desktopParagraph__U31Gm\">Ju\u017c samo og\u0142oszenie Bad Bunny&#8217;ego gwiazd\u0105 przerwy Super Bowl zosta\u0142o uznane przez niekt\u00f3rych za antyameryka\u0144skie \u2014 np. za\u0142o\u017cona przez Charliego Kirka konserwatywna organizacja Turning Point USA w reakcji na nie zorganizowa\u0142a w\u0142asny koncert &#8222;All American Half-Time Show&#8221;. Jego gwiazd\u0105 zosta\u0142 Kid Rock, poza nim w programie znale\u017ali si\u0119 nieznani szerokiej publiczno\u015bci muzycy country. Koncert odby\u0142 si\u0119 w zamkni\u0119tym studiu, a wyst\u0119p Kid Rocka zosta\u0142 odtworzony z ta\u015bmy. W efekcie zarzucono mu \u015bpiew z playbacku, wy\u015bmiewano nieudolne zsynchronizowanie z nagraniem, kpiono z samej idei alternatywnego show &#8222;dla prawdziwych Amerykan\u00f3w&#8221;. &#8222;Niewa\u017cne, po kt\u00f3rej stronie politycznego sporu jeste\u015b, doro\u015bli ludzie wpadaj\u0105cy w histeri\u0119 i organizuj\u0105cy w\u0142asny koncert w przerwie to straszny obciach&#8221; \u2014 oceni\u0142 Zach Bryan, gwiazda country.<\/p>\n<p class=\"Paragraph_desktopParagraph__U31Gm\">Podczas tej samej gali Grammy g\u0142os zabra\u0142a tak\u017ce Billie Eilish. Ameryka\u0144ska artystka, odbieraj\u0105c statuetk\u0119 za piosenk\u0119 roku, podkre\u015bli\u0142a, \u017ce &#8222;nikt nie jest nielegalny na tej skradzionej ziemi&#8221;. Apelowa\u0142a o dalsze protesty wobec dzia\u0142a\u0144 ICE (Immigration and Customs Enforcement).<\/p>\n<p>Protesty muzyk\u00f3w przeciwko ICE <\/p>\n<p class=\"Paragraph_desktopParagraph__U31Gm\">Wymierzone w ICE piosenki \u015bpiewali w ostatnim czasie tak\u017ce Dave Matthews Band, Dropkick Murphys, a tak\u017ce gwiazda muzyki country Zach Bryan. Gitarzysta Tom Morello \u2014 wsp\u00f3\u0142tw\u00f3rca grupy Rage Against the Machine \u2014 wyst\u0105pi\u0142 w Minneapolis podczas koncertu solidarno\u015bci &#8222;Defend Minnesota&#8221;, na kt\u00f3rym zagrali tak\u017ce Bruce Springsteen, cz\u0142onkowie grupy Rise Against i wirtuoz gitary Al Di Meola. Springsteen i Morello wsp\u00f3lnie wykonali &#8222;The Ghost of Tom Joad&#8221;, a w finale wieczoru \u2014 &#8222;Power to the People&#8221;, s\u0142ynny protest-song Johna Lennona z 1971 r.<\/p>\n","protected":false},"excerpt":{"rendered":"U2 wyda\u0142o minialbum &#8222;Days of Ash&#8221; po\u015bwi\u0119cony wydarzeniom w Ukrainie, Iranie, Palestynie i USA Bruce Springsteen i inni&hellip;\n","protected":false},"author":2,"featured_media":276608,"comment_status":"","ping_status":"","sticky":false,"template":"","format":"standard","meta":{"footnotes":"","_share_on_mastodon":"0"},"categories":[22],"tags":[122,261,1816,53,52,68,51,55,42,38,40,39,41,6477,123,47,39366,50],"class_list":["post-276607","post","type-post","status-publish","format-standard","has-post-thumbnail","category-rozrywka","tag-entertainment","tag-kultura","tag-mm","tag-new_header","tag-onet3","tag-onet3d","tag-onet3d_2i","tag-phx","tag-pl","tag-poland","tag-polish","tag-polska","tag-polski","tag-ppo_aipap","tag-rozrywka","tag-screening_general","tag-sg_cleanup_tst0","tag-v2021"],"share_on_mastodon":{"url":"https:\/\/pubeurope.com\/@pl\/116126853838186296","error":""},"_links":{"self":[{"href":"https:\/\/www.europesays.com\/pl\/wp-json\/wp\/v2\/posts\/276607","targetHints":{"allow":["GET"]}}],"collection":[{"href":"https:\/\/www.europesays.com\/pl\/wp-json\/wp\/v2\/posts"}],"about":[{"href":"https:\/\/www.europesays.com\/pl\/wp-json\/wp\/v2\/types\/post"}],"author":[{"embeddable":true,"href":"https:\/\/www.europesays.com\/pl\/wp-json\/wp\/v2\/users\/2"}],"replies":[{"embeddable":true,"href":"https:\/\/www.europesays.com\/pl\/wp-json\/wp\/v2\/comments?post=276607"}],"version-history":[{"count":0,"href":"https:\/\/www.europesays.com\/pl\/wp-json\/wp\/v2\/posts\/276607\/revisions"}],"wp:featuredmedia":[{"embeddable":true,"href":"https:\/\/www.europesays.com\/pl\/wp-json\/wp\/v2\/media\/276608"}],"wp:attachment":[{"href":"https:\/\/www.europesays.com\/pl\/wp-json\/wp\/v2\/media?parent=276607"}],"wp:term":[{"taxonomy":"category","embeddable":true,"href":"https:\/\/www.europesays.com\/pl\/wp-json\/wp\/v2\/categories?post=276607"},{"taxonomy":"post_tag","embeddable":true,"href":"https:\/\/www.europesays.com\/pl\/wp-json\/wp\/v2\/tags?post=276607"}],"curies":[{"name":"wp","href":"https:\/\/api.w.org\/{rel}","templated":true}]}}