{"id":277416,"date":"2026-02-25T07:06:08","date_gmt":"2026-02-25T07:06:08","guid":{"rendered":"https:\/\/www.europesays.com\/pl\/277416\/"},"modified":"2026-02-25T07:06:08","modified_gmt":"2026-02-25T07:06:08","slug":"pis-zapowiada-manewr-ktory-zablokuje-zmiany-w-krs-minister-zurek-zapewnia-mam-plan-c","status":"publish","type":"post","link":"https:\/\/www.europesays.com\/pl\/277416\/","title":{"rendered":"PiS zapowiada manewr, kt\u00f3ry zablokuje zmiany w KRS. Minister \u017burek zapewnia: mam plan C"},"content":{"rendered":"<p>\u2014 Sprawd\u017amy to. Niech TK zbada, czy ustawa o KRS z 2017 r. jest konstytucyjna. Nasi oponenci wielokrotnie m\u00f3wili, \u017ce jest podobno bezprawna, ale sami skargi do trybuna\u0142u nie z\u0142o\u017cyli. Widocznie s\u0105 takimi leniami, no to ich wyr\u0119czamy \u2014 m\u00f3wi Onetowi pose\u0142 PiS Micha\u0142 W\u00f3jcik, by\u0142y wiceminister sprawiedliwo\u015bci u Zbigniewa Ziobry. We wtorek politycy tej partii zapowiedzieli, \u017ce zaskar\u017c\u0105 do TK przepisy ustawy o KRS.<\/p>\n<p>Nie przeszkadza im to, \u017ce skar\u017c\u0105 do TK przepisy w\u0142asnej ustawy, kt\u00f3r\u0105 PiS zmieni\u0142 w 2017 r. Na jej podstawie <a href=\"https:\/\/wiadomosci.onet.pl\/kraj\/kim-sa-czlonkowie-nowej-krs-bis-czesc-z-nich-moze-byc-zamieszana-w-afere\/rehq582\" id=\"a75b6e07-b78a-4784-bb8a-fb73cb6dd101\" rel=\"nofollow noopener\" target=\"_blank\">przez osiem lat ludzie bliscy Ziobrze &#8222;dzielili i rz\u0105dzili&#8221; w KRS<\/a>, kt\u00f3r\u0105 obsadzili swoimi lud\u017ami, s\u0119dziami bliskimi w\u0142adzy.    Dalszy ci\u0105g artyku\u0142u pod materia\u0142em wideo    <\/p>\n<p> Dlaczego PiS zaskar\u017ca przepisy ustawy o KRS? <\/p>\n<p> Jakie mog\u0105 by\u0107 konsekwencje dla KRS? <\/p>\n<p> Co zamierza zrobi\u0107 koalicja rz\u0105dz\u0105ca z KRS? <\/p>\n<p> Kto ma decydowa\u0107 o wyborze kandydat\u00f3w do KRS? <\/p>\n<p>  <a href=\"https:\/\/wiadomosci.onet.pl\/kraj\/byli-prezesi-trybunalu-konstytucyjnego-wzywaja-do-sprzeciwu-wobec-dzialan-poslow-pis\/eby949g\" id=\"de3f269a-f1d8-4129-96ea-53b43c17fce5\" rel=\"nofollow noopener\" target=\"_blank\">Dok\u0142adnie ten sam manewr, skarg\u0119 do TK na w\u0142asn\u0105 ustaw\u0119, PiS zastosowa\u0142 ostatnio <\/a>w zwi\u0105zku z przepisami dotycz\u0105cymi trybuna\u0142u. Wszystko po to, by przy pomocy sprzyjaj\u0105cych PiS s\u0119dzi\u00f3w trybuna\u0142u zablokowa\u0107 zmiany osobowe w obu tych instytucjach, KRS i TK.\u017burek: mam plan CKoalicja rz\u0105dz\u0105ca zamierza\u0142a wkr\u00f3tce dokona\u0107 tych zmian, bo nie mo\u017ce zmieni\u0107 przepis\u00f3w dotycz\u0105cych trybuna\u0142u i Krajowej Rady S\u0105downictwa \u2014 nie zgadza si\u0119 na to prezydent Karol Nawrocki, kt\u00f3ry ostatnio zawetowa\u0142 now\u0105 ustaw\u0119 o KRS. Obowi\u0105zuje wi\u0119c stara, ta autorstwa PiS, i na jej podstawie <a href=\"https:\/\/wiadomosci.onet.pl\/tylko-w-onecie\/sadne-dni-przed-polakami-czy-prezydent-sparalizuje-sady\/vdvlkt3\" id=\"69077e93-7a7c-45ef-b298-c18ce39888cc\" rel=\"nofollow noopener\" target=\"_blank\">rz\u0105dz\u0105cy chcieli dokona\u0107 zmian w KRS. Takich, by t\u0119 instytucj\u0119, dzi\u015b upolitycznion\u0105 i dzia\u0142aj\u0105c\u0105 wbrew konstytucji, naprawi\u0107<\/a>.   <\/p>\n<p>Politycy koalicji rz\u0105dz\u0105cej planowali, by kandydat\u00f3w do KRS wskaza\u0142 nie wy\u0142\u0105cznie Sejm \u2014 jak to robi\u0142 PiS \u2014 ale by Sejm sprowadzi\u0107 do roli notariusza, kt\u00f3ry &#8222;przyklepie&#8221; wyb\u00f3r kandydat\u00f3w dokonany najpierw oddolnie, przez \u015brodowiska s\u0119dziowskie.<\/p>\n<p>Nic z tego najpewniej jednak nie b\u0119dzie, bo ruch PiS ze skarg\u0105 do TK na w\u0142asne przepisy mo\u017ce plany rz\u0105dz\u0105cych uniemo\u017cliwi\u0107.<\/p>\n<p>\u2014 Mam plan C \u2014 tak, kr\u00f3tko, manewr PiS komentuje w Onecie minister Waldemar \u017burek. Nie precyzuje, na czym ten plan mia\u0142by polega\u0107.<\/p>\n<p>Upolityczniona, obecna KRS b\u0119dzie trwa\u0107 latami? &#8222;Ko\u0142ysz\u0105 \u0142\u00f3dk\u0105, \u017ceby s\u0105dy zdestabilizowa\u0107&#8221;<\/p>\n<p>\u2014 Osobom, kt\u00f3re dzi\u015b m\u00f3wi\u0105 o konieczno\u015bci zbadania konstytucyjno\u015bci regulacji dotycz\u0105cych KRS, przez osiem lat jako\u015b te przepisy nie przeszkadza\u0142y \u2014 m\u00f3wi Onetowi mec. Przemys\u0142aw Rosati, prezes Naczelnej Rady Adwokackiej. \u2014 Dzi\u015b trudno to okre\u015bli\u0107 inaczej, ni\u017c jeszcze mocniejsze ko\u0142ysanie \u0142\u00f3dk\u0105, \u017ceby destabilizowa\u0107 wymiar sprawiedliwo\u015bci \u2014 wskazuje. \u2014 Nie mo\u017cna wykluczy\u0107, \u017ce ta operacja, kt\u00f3ra dzieje si\u0119 na naszych oczach, ma na celu to, \u017ceby zapewni\u0107 ci\u0105g\u0142o\u015b\u0107 dzia\u0142ania obecnego sk\u0142adu KRS, wskazanego przez PiS i wybranego w Sejmie przez Zjednoczon\u0105 Prawic\u0119 \u2014 m\u00f3wi mec. Rosati.<\/p>\n<p>Wygl\u0105da\u0107 to mo\u017ce tak, \u017ce je\u015bli nie wypali rz\u0105dowy plan, zak\u0142adaj\u0105cy napraw\u0119 Rady i je\u015bli TK \u2014 co jest niemal pewne \u2014 wyda w sprawie KRS zabezpieczenie, to prezydent w \u017cadnym wypadku nie uzna tej Rady nowej, naprawionej. Co oznacza, \u017ce b\u0119dzie odmawia\u0142 powo\u0142ania wszystkich s\u0119dzi\u00f3w, kt\u00f3rych ta naprawiona KRS b\u0119dzie chcia\u0142a awansowa\u0107. B\u0119dzie wi\u0119c ca\u0142kowity parali\u017c w s\u0105dach.<\/p>\n<p>To jednak nie koniec, bo cz\u0142onkowie obecnej, niekonstytucyjnej i upolitycznionej KRS pozostan\u0105 na swoich funkcjach, odm\u00f3wi\u0105 rozwi\u0105zania Rady, mimo up\u0142ywu ich kadencji. I dzia\u0142a\u0107 b\u0119d\u0105 w Polsce dwie, r\u00f3wnoleg\u0142e KRS \u2014 jedna uznawana przez rz\u0105d i instytucje europejskie, a druga przez PiS i prezydenta. Zapanuje ca\u0142kowity chaos w wymiarze sprawiedliwo\u015bci, kt\u00f3ry finalnie czeka zapa\u015b\u0107.<\/p>\n","protected":false},"excerpt":{"rendered":"\u2014 Sprawd\u017amy to. Niech TK zbada, czy ustawa o KRS z 2017 r. jest konstytucyjna. Nasi oponenci wielokrotnie&hellip;\n","protected":false},"author":2,"featured_media":277417,"comment_status":"","ping_status":"","sticky":false,"template":"","format":"standard","meta":{"footnotes":"","_share_on_mastodon":"0"},"categories":[12],"tags":[32,33,36,37,27,43,1381,34,35,26879,28,31,48,25,46,42,38,40,39,41,412,794,47,29,30,4423,341,793,26],"class_list":["post-277416","post","type-post","status-publish","format-standard","has-post-thumbnail","category-polska","tag-breaking-news","tag-breakingnews","tag-featured-news","tag-featurednews","tag-headlines","tag-karol_nawrocki","tag-krs","tag-latest-news","tag-latestnews","tag-michal_wojcik_polityk","tag-naglowki","tag-najwazniejsze-artykuly","tag-nat_styl","tag-news","tag-omp","tag-pl","tag-poland","tag-polish","tag-polska","tag-polski","tag-prawo_sady_prawnicy","tag-przemyslaw_rosati","tag-screening_general","tag-top-stories","tag-topstories","tag-trybunal_konstytucyjny_tk","tag-tylko_w_onecie","tag-waldemar_zurek","tag-wiadomosci"],"share_on_mastodon":{"url":"https:\/\/pubeurope.com\/@pl\/116130007420077328","error":""},"_links":{"self":[{"href":"https:\/\/www.europesays.com\/pl\/wp-json\/wp\/v2\/posts\/277416","targetHints":{"allow":["GET"]}}],"collection":[{"href":"https:\/\/www.europesays.com\/pl\/wp-json\/wp\/v2\/posts"}],"about":[{"href":"https:\/\/www.europesays.com\/pl\/wp-json\/wp\/v2\/types\/post"}],"author":[{"embeddable":true,"href":"https:\/\/www.europesays.com\/pl\/wp-json\/wp\/v2\/users\/2"}],"replies":[{"embeddable":true,"href":"https:\/\/www.europesays.com\/pl\/wp-json\/wp\/v2\/comments?post=277416"}],"version-history":[{"count":0,"href":"https:\/\/www.europesays.com\/pl\/wp-json\/wp\/v2\/posts\/277416\/revisions"}],"wp:featuredmedia":[{"embeddable":true,"href":"https:\/\/www.europesays.com\/pl\/wp-json\/wp\/v2\/media\/277417"}],"wp:attachment":[{"href":"https:\/\/www.europesays.com\/pl\/wp-json\/wp\/v2\/media?parent=277416"}],"wp:term":[{"taxonomy":"category","embeddable":true,"href":"https:\/\/www.europesays.com\/pl\/wp-json\/wp\/v2\/categories?post=277416"},{"taxonomy":"post_tag","embeddable":true,"href":"https:\/\/www.europesays.com\/pl\/wp-json\/wp\/v2\/tags?post=277416"}],"curies":[{"name":"wp","href":"https:\/\/api.w.org\/{rel}","templated":true}]}}