{"id":27750,"date":"2025-10-02T11:02:06","date_gmt":"2025-10-02T11:02:06","guid":{"rendered":"https:\/\/www.europesays.com\/pl\/27750\/"},"modified":"2025-10-02T11:02:06","modified_gmt":"2025-10-02T11:02:06","slug":"legia-warszawa-samsunspor-gdzie-ogladac-o-ktorej-mecz-przeglad-sportowy-onet","status":"publish","type":"post","link":"https:\/\/www.europesays.com\/pl\/27750\/","title":{"rendered":"Legia Warszawa &#8211; Samsunspor. Gdzie ogl\u0105da\u0107? O kt\u00f3rej mecz? &#8211; Przegl\u0105d Sportowy Onet"},"content":{"rendered":"<ol>\n<li><a href=\"https:\/\/news.google.com\/rss\/articles\/CBMiygFBVV95cUxPaXZILXdoQmlTWG82RXdZeFpMcEw0OTFVOXZ1b3cxTUJ6dGZyWHo3dGxHVS0yTWlCcHJucXN1N1J2a3pvOXZ2ZmlFblJKODdtZG1EYUtsMnhiS3Z0MmJCcEpVMV80QXJjQUIzSXZzSkJhMmRBUzdLdkM0QzkzdXJsNzFNOUxSRlZ4ZmlJblh1eTJybS11NUFHRzFQbTVmNS13cnBKX0k2R2FXY1hNV2VubFRSVEttVWRXZzZLUVJncHZIWnlsMVJHLWJn?oc=5\" target=\"_blank\" rel=\"nofollow noopener\">Legia Warszawa &#8211; Samsunspor. Gdzie ogl\u0105da\u0107? O kt\u00f3rej mecz?<\/a>&nbsp;&nbsp;Przegl\u0105d Sportowy Onet<\/li>\n<li><a href=\"https:\/\/news.google.com\/rss\/articles\/CBMivgFBVV95cUxQQk1GbVF6aExiY3dPaGkydm9JNTl5eUZ1cjZCTWlvTnU5VXRqQVd6V1RhbDFVQ0hka1FKdHYyc0h4T1NrZkgtb0tYdV93WURVWlRyUmFWS0lGVmZ4TURpR2tWX0lZeW5PQjNMT2VQOWRPWWZrSy1TOEg1UG9JMWhRMU5HMDRGQ3BLeTJjNTNBMnpueGZLZlBTcDFBNzhRMVRfX0s2UC1uVElkN3kzVnJnVXFFTDE3SlIzWmtidlpR?oc=5\" target=\"_blank\" rel=\"nofollow noopener\">Legia &#8211; Samsunspor: Wojskowi rozpoczynaj\u0105 walk\u0119 w Lidze Konferencji &#8211; typujemy!<\/a>&nbsp;&nbsp;SportoweFakty<\/li>\n<li><a href=\"https:\/\/news.google.com\/rss\/articles\/CBMi1gFBVV95cUxNQWVNY1hoN0x6SjZsdjE5aDFrb0VRb004bzNVZExONE93WHdWaExsRkJsSGVUa01tczd5SXM2U3d4RkMzQlp4dzc4TFU0NE1ZT29SMHlfZWh5bWZESlJ2SGJVSFpCa3EyMTQzdy1OY3FUSEQ1YzJMc29tZ2VwNjB0LTRLQlpTQTBha3VUMUF1cVhPMDV6UlBCajNKMk1TdFhXaFZHRmtDNEZ6cEx1QXd5TFRsMW80RjFwRVZEOHpwbDFDd1B6WVRyMWVUUl81ajhOTXBVb3JR?oc=5\" target=\"_blank\" rel=\"nofollow noopener\">Mocny rywal Legii Warszawa. Ale s\u0142owa trenera Turk\u00f3w o Polakach<\/a>&nbsp;&nbsp;Przegl\u0105d Sportowy Onet<\/li>\n<li><a href=\"https:\/\/news.google.com\/rss\/articles\/CBMizAFBVV95cUxNVHgwZEl1THp2Z1UzSXhWNi1CY003MEZHU1g3MEJJbzFQSDQzUWNBdHpxVnRuMVFUTVNxWFFaVkxsZndNd1hFQlRKcnVaVDUtVHBLbHpCTHRtVnBOX0dSYU83UVlmeGd4TER1SlQ2akRJZEgwalkxVkZzV1ZTYml1SXh0dE1HTXhPeDBTNFc5SGFuUVdTNXdFZUstZ0dUdzhJMVp6NXRuSGNVRHluYjdGQnRmTThDbXFjQk9ab0dSckU2UDB1bTNIU2lkWWU?oc=5\" target=\"_blank\" rel=\"nofollow noopener\">Tego rywale Legii bali si\u0119 przed przyjazdem do Polski. Prawda wysz\u0142a na jaw<\/a>&nbsp;&nbsp;Sport Interia<\/li>\n<li><a href=\"https:\/\/news.google.com\/rss\/articles\/CBMisAFBVV95cUxQREdtZ1VHWTJ6MW92S2ZtVUlsX09OaDR1Tmk0czlDT0wtamgycWVHb29lcDBoSi1COEUtSWpxeGdvLVl4UGdGSzFKVmhDaTU3MmZFUVo2ZWZCRVpvaS1LdXo0WnIydFJVaFpONUR5WXRzeWpBenRnY1hkTl9QRDZORHZ5YzRRS1htb2hJZUV4UFlXZXc3ZWNEYl9zUVRQTEJxRng2V3JOMERFZkhHYXRtSQ?oc=5\" target=\"_blank\" rel=\"nofollow noopener\">Pi\u0142karz Samsunsporu ju\u017c wygrywa\u0142 z Legi\u0105. &#8222;Wspania\u0142e wspomnienia&#8221;<\/a>&nbsp;&nbsp;www.polsatsport.pl<\/li>\n<\/ol>\n","protected":false},"excerpt":{"rendered":"Legia Warszawa &#8211; Samsunspor. Gdzie ogl\u0105da\u0107? O kt\u00f3rej mecz?&nbsp;&nbsp;Przegl\u0105d Sportowy Onet Legia &#8211; Samsunspor: Wojskowi rozpoczynaj\u0105 walk\u0119 w&hellip;\n","protected":false},"author":2,"featured_media":27751,"comment_status":"","ping_status":"","sticky":false,"template":"","format":"standard","meta":{"footnotes":""},"categories":[24],"tags":[67,2563,7713,948,42,38,40,39,41,136,128,7959,47,127,135,126,130],"class_list":{"0":"post-27750","1":"post","2":"type-post","3":"status-publish","4":"format-standard","5":"has-post-thumbnail","7":"category-sport","8":"tag-intextvideo_splayer","9":"tag-legia_warszawa","10":"tag-liga_konferencji_europy","11":"tag-pilka_nozna","12":"tag-pl","13":"tag-poland","14":"tag-polish","15":"tag-polska","16":"tag-polski","17":"tag-ps_detal_new","18":"tag-psv2","19":"tag-samsunspor","20":"tag-screening_general","21":"tag-sport","22":"tag-sport_sport","23":"tag-sports","24":"tag-wiadomosci_sportowe"},"share_on_mastodon":{"url":"","error":""},"_links":{"self":[{"href":"https:\/\/www.europesays.com\/pl\/wp-json\/wp\/v2\/posts\/27750","targetHints":{"allow":["GET"]}}],"collection":[{"href":"https:\/\/www.europesays.com\/pl\/wp-json\/wp\/v2\/posts"}],"about":[{"href":"https:\/\/www.europesays.com\/pl\/wp-json\/wp\/v2\/types\/post"}],"author":[{"embeddable":true,"href":"https:\/\/www.europesays.com\/pl\/wp-json\/wp\/v2\/users\/2"}],"replies":[{"embeddable":true,"href":"https:\/\/www.europesays.com\/pl\/wp-json\/wp\/v2\/comments?post=27750"}],"version-history":[{"count":0,"href":"https:\/\/www.europesays.com\/pl\/wp-json\/wp\/v2\/posts\/27750\/revisions"}],"wp:featuredmedia":[{"embeddable":true,"href":"https:\/\/www.europesays.com\/pl\/wp-json\/wp\/v2\/media\/27751"}],"wp:attachment":[{"href":"https:\/\/www.europesays.com\/pl\/wp-json\/wp\/v2\/media?parent=27750"}],"wp:term":[{"taxonomy":"category","embeddable":true,"href":"https:\/\/www.europesays.com\/pl\/wp-json\/wp\/v2\/categories?post=27750"},{"taxonomy":"post_tag","embeddable":true,"href":"https:\/\/www.europesays.com\/pl\/wp-json\/wp\/v2\/tags?post=27750"}],"curies":[{"name":"wp","href":"https:\/\/api.w.org\/{rel}","templated":true}]}}