{"id":277595,"date":"2026-02-25T09:06:08","date_gmt":"2026-02-25T09:06:08","guid":{"rendered":"https:\/\/www.europesays.com\/pl\/277595\/"},"modified":"2026-02-25T09:06:08","modified_gmt":"2026-02-25T09:06:08","slug":"oto-plan-sejmu-na-wybor-skladu-krs-pojawil-sie-projekt-uchwaly","status":"publish","type":"post","link":"https:\/\/www.europesays.com\/pl\/277595\/","title":{"rendered":"Oto plan Sejmu na wyb\u00f3r sk\u0142adu KRS. Pojawi\u0142 si\u0119 projekt uchwa\u0142y"},"content":{"rendered":"<p>Pierwsze czytanie poselskiego projektu uchwa\u0142y, pod kt\u00f3rym podpisali si\u0119 parlamentarzy\u015bci klub\u00f3w koalicji rz\u0105dowej, w sprawie przywr\u00f3cenia konstytucyjnych standard\u00f3w wyboru cz\u0142onk\u00f3w-s\u0119dzi\u00f3w KRS zaplanowano w sejmowej komisji sprawiedliwo\u015bci.<\/p>\n<p> Dalszy ci\u0105g artyku\u0142u pod materia\u0142em wideo    <\/p>\n<p> Jakie jest stanowisko Sejmu dotycz\u0105ce sk\u0142adu KRS? <\/p>\n<p> Kt\u00f3re organy s\u0105dowe maj\u0105 by\u0107 reprezentowane w KRS? <\/p>\n<p> Co planuje robi\u0107 rz\u0105dz\u0105ca koalicja w zwi\u0105zku z KRS? <\/p>\n<p> Jakie zmiany w ustawie o KRS zawetowa\u0142 prezydent Nawrocki? <\/p>\n<p>  KRS ma by\u0107 ukszta\u0142towany przez s\u0119dzi\u00f3w<\/p>\n<p>&#8222;W zwi\u0105zku ze zbli\u017caj\u0105cym si\u0119 up\u0142ywem kadencji obecnego sk\u0142adu Krajowej Rady S\u0105downictwa, Sejm Rzeczypospolitej Polskiej wyra\u017ca stanowisko, \u017ce sk\u0142ad tego organu powinien obejmowa\u0107 przedstawicieli s\u0119dzi\u00f3w S\u0105du Najwy\u017cszego, s\u0105d\u00f3w powszechnych, s\u0105d\u00f3w administracyjnych oraz s\u0105d\u00f3w wojskowych, wy\u0142anianych przez \u015brodowiska s\u0119dziowskie w spos\u00f3b zapewniaj\u0105cy reprezentatywno\u015b\u0107 wszystkich rodzaj\u00f3w i szczebli s\u0105downictwa&#8221; \u2014 g\u0142osi projekt. Dodano, \u017ce takie ukszta\u0142towanie KRS najpe\u0142niej realizuje warto\u015bci konstytucyjne.<\/p>\n<p>W projekcie uchwa\u0142y czytamy te\u017c, \u017ce Sejm zapewnia, \u017ce w przypadku kszta\u0142towania KRS na podstawie obowi\u0105zuj\u0105cej ustawy o Radzie, &#8222;uwzgl\u0119dni w swoich decyzjach wyniki wybor\u00f3w dokonanych przez polskich s\u0119dzi\u00f3w w wyborach powszechnych i transparentnych&#8221;.<\/p>\n<p>Ponadto zapisano, \u017ce obecnie funkcjonuj\u0105ca Krajowa Rada S\u0105downictwa nie jest organem niezale\u017cnym od innych w\u0142adz, gdy\u017c wybrani do jej sk\u0142adu s\u0119dziowie nie s\u0105 reprezentantami \u015brodowiska s\u0119dziowskiego, jak r\u00f3wnie\u017c nie reprezentuj\u0105 s\u0119dzi\u00f3w wszystkich rodzaj\u00f3w s\u0105d\u00f3w.<\/p>\n<p>Plany rz\u0105dz\u0105cej koalicji mo\u017ce pokrzy\u017cowa\u0107 PiS. Politycy tej partii zamierzaj\u0105 zaskar\u017cy\u0107 do Trybuna\u0142u Konstytucyjnego w\u0142asne przepisy ustawy o KRS. Trybuna\u0142 za\u015b, opanowany przez ludzi PiS, najpewniej wyda w tej sprawie zabezpieczenie blokuj\u0105ce zmian\u0119 sk\u0142adu KRS i prezydent zyska podstaw\u0119, by nie uzna\u0107 tej nowej Rady. <a href=\"https:\/\/wiadomosci.onet.pl\/tylko-w-onecie\/pis-zapowiada-manewr-ktory-zablokuje-zmiany-w-krs-minister-zurek-zapewnia-mam-plan-c\/206twgh\" id=\"0dc3bed0-9827-4c15-8300-c78a2f8116bb\" rel=\"nofollow noopener\" target=\"_blank\">\u2014 Mam plan C \u2014 zapewnia w Onecie minister Waldemar \u017burek, komentuj\u0105c ruch polityk\u00f3w PiS<\/a>.   Karol Nawrocki zawetowa\u0142 ustaw\u0119 o KRS<\/p>\n<p>W miniony czwartek prezydent Karol Nawrocki poinformowa\u0142 o zawetowaniu nowelizacji ustawy o KRS i powi\u0105zanej z ni\u0105 noweli kodeksu wyborczego. Zmiany w ustawie zak\u0142ada\u0142y wyb\u00f3r s\u0119dziowskich cz\u0142onk\u00f3w Rady przez wszystkich s\u0119dzi\u00f3w, a nie \u2014 tak jak na mocy obecnych przepis\u00f3w \u2014 przez Sejm. <\/p>\n<p><a href=\"https:\/\/wiadomosci.onet.pl\/tylko-w-onecie\/waldemar-zurek-reaguje-po-wecie-karola-nawrockiego-bedziemy-stosowac-plan-b\/dl2bckb\" id=\"9ed551f5-8eb2-4a54-89b1-06f03a0068ed\" rel=\"nofollow noopener\" target=\"_blank\">W rozmowie z Onetem Waldemar \u017burek m\u00f3wi\u0142, \u017ce w obliczu weta prezydenta b\u0119dzie stosowany plan B<\/a>. \u2014 B\u0119d\u0105 oddolne wybory przez s\u0119dzi\u00f3w najlepszych kandydat\u00f3w i pro\u015bba do wi\u0119kszo\u015bci sejmowej, aby uszanowa\u0142a ten wyb\u00f3r. To zajmie wi\u0119cej czasu, ale zrobimy to. Je\u015bli wtedy prezydent b\u0119dzie kwestionowa\u0142 wyb\u00f3r nowej KRS, to narazi si\u0119 na odpowiedzialno\u015b\u0107 konstytucyjn\u0105 \u2014 oceni\u0142 minister \u017burek.<\/p>\n","protected":false},"excerpt":{"rendered":"Pierwsze czytanie poselskiego projektu uchwa\u0142y, pod kt\u00f3rym podpisali si\u0119 parlamentarzy\u015bci klub\u00f3w koalicji rz\u0105dowej, w sprawie przywr\u00f3cenia konstytucyjnych standard\u00f3w&hellip;\n","protected":false},"author":2,"featured_media":277596,"comment_status":"","ping_status":"","sticky":false,"template":"","format":"standard","meta":{"footnotes":"","_share_on_mastodon":"0"},"categories":[5],"tags":[32,33,36,37,27,43,49,1381,34,35,28,31,48,25,46,42,38,40,39,41,412,47,5485,29,30,26],"class_list":["post-277595","post","type-post","status-publish","format-standard","has-post-thumbnail","category-naglowki","tag-breaking-news","tag-breakingnews","tag-featured-news","tag-featurednews","tag-headlines","tag-karol_nawrocki","tag-kraj","tag-krs","tag-latest-news","tag-latestnews","tag-naglowki","tag-najwazniejsze-artykuly","tag-nat_styl","tag-news","tag-omp","tag-pl","tag-poland","tag-polish","tag-polska","tag-polski","tag-prawo_sady_prawnicy","tag-screening_general","tag-sejm_rp","tag-top-stories","tag-topstories","tag-wiadomosci"],"share_on_mastodon":{"url":"https:\/\/pubeurope.com\/@pl\/116130479035816605","error":""},"_links":{"self":[{"href":"https:\/\/www.europesays.com\/pl\/wp-json\/wp\/v2\/posts\/277595","targetHints":{"allow":["GET"]}}],"collection":[{"href":"https:\/\/www.europesays.com\/pl\/wp-json\/wp\/v2\/posts"}],"about":[{"href":"https:\/\/www.europesays.com\/pl\/wp-json\/wp\/v2\/types\/post"}],"author":[{"embeddable":true,"href":"https:\/\/www.europesays.com\/pl\/wp-json\/wp\/v2\/users\/2"}],"replies":[{"embeddable":true,"href":"https:\/\/www.europesays.com\/pl\/wp-json\/wp\/v2\/comments?post=277595"}],"version-history":[{"count":0,"href":"https:\/\/www.europesays.com\/pl\/wp-json\/wp\/v2\/posts\/277595\/revisions"}],"wp:featuredmedia":[{"embeddable":true,"href":"https:\/\/www.europesays.com\/pl\/wp-json\/wp\/v2\/media\/277596"}],"wp:attachment":[{"href":"https:\/\/www.europesays.com\/pl\/wp-json\/wp\/v2\/media?parent=277595"}],"wp:term":[{"taxonomy":"category","embeddable":true,"href":"https:\/\/www.europesays.com\/pl\/wp-json\/wp\/v2\/categories?post=277595"},{"taxonomy":"post_tag","embeddable":true,"href":"https:\/\/www.europesays.com\/pl\/wp-json\/wp\/v2\/tags?post=277595"}],"curies":[{"name":"wp","href":"https:\/\/api.w.org\/{rel}","templated":true}]}}