{"id":277658,"date":"2026-02-25T09:41:07","date_gmt":"2026-02-25T09:41:07","guid":{"rendered":"https:\/\/www.europesays.com\/pl\/277658\/"},"modified":"2026-02-25T09:41:07","modified_gmt":"2026-02-25T09:41:07","slug":"akcja-abw-szesc-osob-zatrzymanych-w-sprawie-nielegalnego-przerzutu-do-rosji","status":"publish","type":"post","link":"https:\/\/www.europesays.com\/pl\/277658\/","title":{"rendered":"Akcja ABW. Sze\u015b\u0107 os\u00f3b zatrzymanych w sprawie nielegalnego przerzutu do Rosji"},"content":{"rendered":"<p>O zatrzymaniach poinformowa\u0142 na platformie X Jacek Dobrzy\u0144ski. Rzecznik koordynatora s\u0142u\u017cb specjalnych poda\u0142 najpierw, \u017ce chodzi o pi\u0119\u0107 os\u00f3b \u2014 czterech Bia\u0142orusin\u00f3w i jedn\u0105 Polk\u0119.<\/p>\n<p> Ile os\u00f3b zosta\u0142o zatrzymanych w tej sprawie? <\/p>\n<p> Jakie urz\u0105dzenia by\u0142y przedmiotem przemytu? <\/p>\n<p> Kto by\u0142 odpowiedzialny za akcj\u0119 zatrzymania? <\/p>\n<p> Jakie zarzuty postawiono zatrzymanym? <\/p>\n<p>   Akcja s\u0142u\u017cb, sze\u015b\u0107 os\u00f3b zatrzymanych. Komunikaty prokuratury i ABW<\/p>\n<p>Prokuratura Krajowa doprecyzowa\u0142a w komunikacie, \u017ce &#8222;w wyniku dzia\u0142a\u0144 zatrzymano czterech obywateli Republiki Bia\u0142orusi oraz dw\u00f3ch obywateli polskich, podejrzanych o pr\u00f3b\u0119 nielegalnego przemytu do Rosji \u2014 przez terytorium Bia\u0142orusi \u2014 urz\u0105dze\u0144 s\u0142u\u017c\u0105cych do automatyzacji produkcji uk\u0142ad\u00f3w scalonych, wykorzystywanych m.in. przy monta\u017cu dron\u00f3w bojowych&#8221;.<\/p>\n<p>ABW przekaza\u0142a natomiast, \u017ce do akcji dosz\u0142o 18 lutego. Funkcjonariusze Agencji dzia\u0142ali wsp\u00f3lnie z Krajow\u0105 Administracj\u0105 Skarbow\u0105 na polecenie \u0141\u00f3dzkiego Wydzia\u0142u Zamiejscowego Prokuratury Krajowej.<\/p>\n<p>Prokuratura przedstawi\u0142a zatrzymanym szereg zarzut\u00f3w zwi\u0105zanych z obowi\u0105zuj\u0105c\u0105 ustaw\u0105 sankcyjn\u0105, kt\u00f3ra &#8222;wprowadza szczeg\u00f3lne ograniczenia i zakazy maj\u0105ce na celu przeciwdzia\u0142anie wspieraniu agresji Rosji na Ukrain\u0119 oraz ochron\u0119 bezpiecze\u0144stwa narodowego&#8221;.<\/p>\n<p>&#8222;Przepisy te obejmuj\u0105 m.in. zakaz eksportu urz\u0105dze\u0144 o znaczeniu strategicznym, kt\u00f3re mog\u0105 zosta\u0107 wykorzystane w produkcji technologii wojskowych. Ustawodawca zakwalifikowa\u0142 naruszenie przepis\u00f3w ustawy sankcyjnej jako zbrodni\u0119, za kt\u00f3r\u0105 przewidziana jest kara pozbawienia wolno\u015bci na czas nie kr\u00f3tszy ni\u017c trzy lata&#8221; \u2014 czytamy.<\/p>\n<p>ABW wskazuje, \u017ce udaremnienie przerzutu maszyny s\u0142u\u017c\u0105cej do produkcji uk\u0142ad\u00f3w scalonych, &#8222;spowodowa\u0142o zak\u0142\u00f3cenia ci\u0105gu dostaw sprz\u0119tu militarnego dla wojsk Federacji Rosyjskiej operuj\u0105cych na obszarze wschodniej Ukrainy&#8221;.<\/p>\n<p>Trzech podejrzanych zosta\u0142o aresztowanych na trzy miesi\u0105ce. Wobec pozosta\u0142ych zastosowano por\u0119czenie maj\u0105tkowe, doz\u00f3r policji i zakaz opuszczania kraju.<\/p>\n","protected":false},"excerpt":{"rendered":"O zatrzymaniach poinformowa\u0142 na platformie X Jacek Dobrzy\u0144ski. Rzecznik koordynatora s\u0142u\u017cb specjalnych poda\u0142 najpierw, \u017ce chodzi o pi\u0119\u0107&hellip;\n","protected":false},"author":2,"featured_media":244520,"comment_status":"","ping_status":"","sticky":false,"template":"","format":"standard","meta":{"footnotes":"","_share_on_mastodon":"0"},"categories":[5],"tags":[145,699,32,33,36,37,27,76,15714,49,16839,34,35,28,31,48,25,46,42,38,40,39,41,87,47,29,30,415,26],"class_list":["post-277658","post","type-post","status-publish","format-standard","has-post-thumbnail","category-naglowki","tag-abw","tag-bialorus","tag-breaking-news","tag-breakingnews","tag-featured-news","tag-featurednews","tag-headlines","tag-inwazja_rosji_na_ukraine","tag-jacek_dobrzynski","tag-kraj","tag-krajowa_administracja_skarbowa","tag-latest-news","tag-latestnews","tag-naglowki","tag-najwazniejsze-artykuly","tag-nat_styl","tag-news","tag-omp","tag-pl","tag-poland","tag-polish","tag-polska","tag-polski","tag-rosja","tag-screening_general","tag-top-stories","tag-topstories","tag-ukraina","tag-wiadomosci"],"share_on_mastodon":{"url":"https:\/\/pubeurope.com\/@pl\/116130616687013355","error":""},"_links":{"self":[{"href":"https:\/\/www.europesays.com\/pl\/wp-json\/wp\/v2\/posts\/277658","targetHints":{"allow":["GET"]}}],"collection":[{"href":"https:\/\/www.europesays.com\/pl\/wp-json\/wp\/v2\/posts"}],"about":[{"href":"https:\/\/www.europesays.com\/pl\/wp-json\/wp\/v2\/types\/post"}],"author":[{"embeddable":true,"href":"https:\/\/www.europesays.com\/pl\/wp-json\/wp\/v2\/users\/2"}],"replies":[{"embeddable":true,"href":"https:\/\/www.europesays.com\/pl\/wp-json\/wp\/v2\/comments?post=277658"}],"version-history":[{"count":0,"href":"https:\/\/www.europesays.com\/pl\/wp-json\/wp\/v2\/posts\/277658\/revisions"}],"wp:featuredmedia":[{"embeddable":true,"href":"https:\/\/www.europesays.com\/pl\/wp-json\/wp\/v2\/media\/244520"}],"wp:attachment":[{"href":"https:\/\/www.europesays.com\/pl\/wp-json\/wp\/v2\/media?parent=277658"}],"wp:term":[{"taxonomy":"category","embeddable":true,"href":"https:\/\/www.europesays.com\/pl\/wp-json\/wp\/v2\/categories?post=277658"},{"taxonomy":"post_tag","embeddable":true,"href":"https:\/\/www.europesays.com\/pl\/wp-json\/wp\/v2\/tags?post=277658"}],"curies":[{"name":"wp","href":"https:\/\/api.w.org\/{rel}","templated":true}]}}