{"id":277883,"date":"2026-02-25T11:39:07","date_gmt":"2026-02-25T11:39:07","guid":{"rendered":"https:\/\/www.europesays.com\/pl\/277883\/"},"modified":"2026-02-25T11:39:07","modified_gmt":"2026-02-25T11:39:07","slug":"prezydent-czestochowy-zatrzymany-przez-cba-prowadzone-sa-przeszukania-onet","status":"publish","type":"post","link":"https:\/\/www.europesays.com\/pl\/277883\/","title":{"rendered":"Prezydent Cz\u0119stochowy zatrzymany przez CBA. &quot;Prowadzone s\u0105 przeszukania&quot; &#8211; Onet"},"content":{"rendered":"<ol>\n<li><a href=\"https:\/\/news.google.com\/rss\/articles\/CBMizAFBVV95cUxNdjFLNXZ0UGlwUHl4VEUwb1ByUjBCTmItU1pzOTRjaERSNmt1RlY4TmdMbnp4R0RBMXUtNDVzam54QlZ5MEc5NVhoZHF3V2tqZHlCbEVUWElWbDRZbl90WFEzMHlEWG0xS2NIUF9hbUg2Q1dUWlVwc1Z2amZ1ZkhuT1ljMXBfdFdVYnZEbE9lcVM3aDJaUDRlQ2loVnZ0Ykc3dU1fM2JoSDR0cXhreDh0UkVFQ2Nhdk9UN1ZSdS1uQ3YtN1NCTFM2aGtqRDE?oc=5\" target=\"_blank\" rel=\"nofollow noopener\">Prezydent Cz\u0119stochowy zatrzymany przez CBA. &#8222;Prowadzone s\u0105 przeszukania&#8221;<\/a>&nbsp;&nbsp;Onet<\/li>\n<li><a href=\"https:\/\/news.google.com\/rss\/articles\/CBMiwAFBVV95cUxPZzhnRkhKYlB4VnMzaUVqbzBrb2UxU0REMklGaU9vdU10Si05c3czaVNWeTA2T1Vrczk5T3R6SVdtNXNtWmQ0X0J2azM5cDFSSnNjRWhmdm9WSGN3a2MzWkhhNEoyXzlIV09DOTk5QWpuME8zV0F0ZmhhN01rdFNoNDA2MmlVZFRCSDVGQ2JGTUJKWmN0U3hFbVhOdVRHdml1U3pFZzZBSmJia0xpak5NRkt3ZWsyR09HbG5UclVscDc?oc=5\" target=\"_blank\" rel=\"nofollow noopener\">CBA zatrzyma\u0142o prezydenta Cz\u0119stochowy. &#8222;Prowadzone s\u0105 przeszukania&#8221;<\/a>&nbsp;&nbsp;Gazeta<\/li>\n<li><a href=\"https:\/\/news.google.com\/rss\/articles\/CBMirwFBVV95cUxPVVU0b3kyZEp3MElOTnF2MGt0emRidkFkMHlObVEwTDN5OWdXTTZ0WDgyRFNESFFlZ2ZaZDJzeF9Xb0pGMU5xbFRTdWVIVTN1NGRmdHcwSlJZWkoxbzJsR0M4azRxVlBkaEFmVW80TEkxd0llTFFGRk4tckpFeHZFODdFWHYtTVlZME1lQ05BTkNTc3pDVDRDOXRoaVlTYkhvTHMwYVhpbkhuSENtQ1hz?oc=5\" target=\"_blank\" rel=\"nofollow noopener\">ABW zatrzyma\u0142a prezydenta Cz\u0119stochowy. W tle podejrzenie korupcji<\/a>&nbsp;&nbsp;Bankier.pl<\/li>\n<li><a href=\"https:\/\/news.google.com\/rss\/articles\/CBMinwFBVV95cUxPa212STRVSTRxMzE1aHphZWV2MU5va2d0MkFaZzlEWGZaTmhxZ24xdTB3Y2d3SUlrWkpYMjVnaUtha0dSa1hFM21vcVo2dk5GaHpvc19tMkhLWGp2Xzl0blk2MmNkQm5Yb2gyOWx6SDJMaV9iYVF2cHNVYmVEMlNNQXZlOUlEbEVkMXVMWnNQR2dXMk9DYjlxczhxLXR5dXM?oc=5\" target=\"_blank\" rel=\"nofollow noopener\">Prezydent Cz\u0119stochowy zatrzymany. Akcja CBA<\/a>&nbsp;&nbsp;Wydarzenia w INTERIA.PL<\/li>\n<li><a href=\"https:\/\/news.google.com\/rss\/articles\/CBMid0FVX3lxTE85TVdFMGx6aUl4N0R6cE1LZDJqME9vVW53VU1QOS1saGlMNWRCTzcxNmgzSk0wMlo5aFpVZ0t2MFcxenJZWjE4NE82MkJSQlA1azVNcmZLUzFTa2RlbHM3ZGt1ekhNNUpqcEJ1T1B5OG5ZdlE5WVYw?oc=5\" target=\"_blank\" rel=\"nofollow noopener\">Prezydent Cz\u0119stochowy zatrzymany<\/a>&nbsp;&nbsp;TVN24<\/li>\n<\/ol>\n","protected":false},"excerpt":{"rendered":"Prezydent Cz\u0119stochowy zatrzymany przez CBA. &#8222;Prowadzone s\u0105 przeszukania&#8221;&nbsp;&nbsp;Onet CBA zatrzyma\u0142o prezydenta Cz\u0119stochowy. &#8222;Prowadzone s\u0105 przeszukania&#8221;&nbsp;&nbsp;Gazeta ABW zatrzyma\u0142a prezydenta&hellip;\n","protected":false},"author":2,"featured_media":75234,"comment_status":"","ping_status":"","sticky":false,"template":"","format":"standard","meta":{"footnotes":"","_share_on_mastodon":"0"},"categories":[12],"tags":[32,33,2368,36,37,27,15714,7871,34,35,28,31,53,25,52,68,51,55,42,38,40,39,41,349,47,29,30,65,50,26],"class_list":["post-277883","post","type-post","status-publish","format-standard","has-post-thumbnail","category-polska","tag-breaking-news","tag-breakingnews","tag-czestochowa","tag-featured-news","tag-featurednews","tag-headlines","tag-jacek_dobrzynski","tag-korupcja_lapowka_lapowki","tag-latest-news","tag-latestnews","tag-naglowki","tag-najwazniejsze-artykuly","tag-new_header","tag-news","tag-onet3","tag-onet3d","tag-onet3d_2i","tag-phx","tag-pl","tag-poland","tag-polish","tag-polska","tag-polski","tag-prokuratura_prokurator_prokuratorzy","tag-screening_general","tag-top-stories","tag-topstories","tag-update_me","tag-v2021","tag-wiadomosci"],"share_on_mastodon":{"url":"https:\/\/pubeurope.com\/@pl\/116131080716863129","error":""},"_links":{"self":[{"href":"https:\/\/www.europesays.com\/pl\/wp-json\/wp\/v2\/posts\/277883","targetHints":{"allow":["GET"]}}],"collection":[{"href":"https:\/\/www.europesays.com\/pl\/wp-json\/wp\/v2\/posts"}],"about":[{"href":"https:\/\/www.europesays.com\/pl\/wp-json\/wp\/v2\/types\/post"}],"author":[{"embeddable":true,"href":"https:\/\/www.europesays.com\/pl\/wp-json\/wp\/v2\/users\/2"}],"replies":[{"embeddable":true,"href":"https:\/\/www.europesays.com\/pl\/wp-json\/wp\/v2\/comments?post=277883"}],"version-history":[{"count":0,"href":"https:\/\/www.europesays.com\/pl\/wp-json\/wp\/v2\/posts\/277883\/revisions"}],"wp:featuredmedia":[{"embeddable":true,"href":"https:\/\/www.europesays.com\/pl\/wp-json\/wp\/v2\/media\/75234"}],"wp:attachment":[{"href":"https:\/\/www.europesays.com\/pl\/wp-json\/wp\/v2\/media?parent=277883"}],"wp:term":[{"taxonomy":"category","embeddable":true,"href":"https:\/\/www.europesays.com\/pl\/wp-json\/wp\/v2\/categories?post=277883"},{"taxonomy":"post_tag","embeddable":true,"href":"https:\/\/www.europesays.com\/pl\/wp-json\/wp\/v2\/tags?post=277883"}],"curies":[{"name":"wp","href":"https:\/\/api.w.org\/{rel}","templated":true}]}}