{"id":277922,"date":"2026-02-25T12:00:09","date_gmt":"2026-02-25T12:00:09","guid":{"rendered":"https:\/\/www.europesays.com\/pl\/277922\/"},"modified":"2026-02-25T12:00:09","modified_gmt":"2026-02-25T12:00:09","slug":"prezydent-czestochowy-zatrzymany-akcja-cba","status":"publish","type":"post","link":"https:\/\/www.europesays.com\/pl\/277922\/","title":{"rendered":"Prezydent Cz\u0119stochowy zatrzymany. Akcja CBA"},"content":{"rendered":"<p>Wi\u0119cej informacji wkr\u00f3tce.<\/p>\n<p> Kto zosta\u0142 zatrzymany przez CBA? <\/p>\n<p> Czego dotyczy sprawa prezydenta Cz\u0119stochowy? <\/p>\n<p> Kiedy dosz\u0142o do zatrzymania Krzysztofa M.? <\/p>\n<p> Od kiedy Krzysztof M. pe\u0142ni funkcj\u0119 prezydenta Cz\u0119stochowy? <\/p>\n<p>Dobrzy\u0144ski przekaza\u0142 na platformie X, \u017ce prezydent Cz\u0119stochowy zosta\u0142 zatrzymany na polecenie prokuratora \u015al\u0105skiego Wydzia\u0142u Prokuratury Krajowej.<\/p>\n<p>&#8222;Obecnie prowadzone s\u0105 przeszukania i zabezpieczania dokument\u00f3w w kilku miejscach na terenie Cz\u0119stochowy. Sprawa dotyczy podejrzenia pope\u0142nienia przest\u0119pstwa korupcyjnego. Po zako\u0144czeniu tych czynno\u015bci zatrzymany m\u0119\u017cczyzna zostanie przewieziony do katowickiej prokuratury&#8221; \u2014 poinformowa\u0142 rzecznik prasowy ministra koordynatora s\u0142u\u017cb specjalnych.<\/p>\n<p> Prezydent Cz\u0119stochowy zatrzymany. Na razie nie ma zarzut\u00f3w<\/p>\n<p>W rozmowie z dziennikarzami w Sejmie Dobrzy\u0144ski doda\u0142, \u017ce do zatrzymania Krzysztofa M. dosz\u0142o przed godz. 9.00 w Cz\u0119stochowie w pobli\u017cu jego miejsca zamieszkania.<\/p>\n<p>\u2014 Zarzut\u00f3w jeszcze nie ma. To prokurator zdecyduje o tym, kiedy i jakie zarzuty us\u0142yszy zatrzymany m\u0119\u017cczyzna \u2014 wskaza\u0142.<\/p>\n<p>Krzysztof M. obowi\u0105zki prezydenta Cz\u0119stochowy pe\u0142ni nieprzerwanie od 2010 r. Wcze\u015bniej by\u0142 m.in. radnym miasta, a tak\u017ce pos\u0142em na Sejm VI kadencji (2007-2010).<\/p>\n","protected":false},"excerpt":{"rendered":"Wi\u0119cej informacji wkr\u00f3tce. Kto zosta\u0142 zatrzymany przez CBA? Czego dotyczy sprawa prezydenta Cz\u0119stochowy? Kiedy dosz\u0142o do zatrzymania Krzysztofa&hellip;\n","protected":false},"author":2,"featured_media":74474,"comment_status":"","ping_status":"","sticky":false,"template":"","format":"standard","meta":{"footnotes":"","_share_on_mastodon":"0"},"categories":[12],"tags":[32,33,2368,36,37,27,15714,2882,49,34,35,28,31,48,25,46,42,38,40,39,41,1627,47,29,30,26],"class_list":["post-277922","post","type-post","status-publish","format-standard","has-post-thumbnail","category-polska","tag-breaking-news","tag-breakingnews","tag-czestochowa","tag-featured-news","tag-featurednews","tag-headlines","tag-jacek_dobrzynski","tag-korupcja","tag-kraj","tag-latest-news","tag-latestnews","tag-naglowki","tag-najwazniejsze-artykuly","tag-nat_styl","tag-news","tag-omp","tag-pl","tag-poland","tag-polish","tag-polska","tag-polski","tag-prokuratura","tag-screening_general","tag-top-stories","tag-topstories","tag-wiadomosci"],"share_on_mastodon":{"url":"https:\/\/pubeurope.com\/@pl\/116131163170158761","error":""},"_links":{"self":[{"href":"https:\/\/www.europesays.com\/pl\/wp-json\/wp\/v2\/posts\/277922","targetHints":{"allow":["GET"]}}],"collection":[{"href":"https:\/\/www.europesays.com\/pl\/wp-json\/wp\/v2\/posts"}],"about":[{"href":"https:\/\/www.europesays.com\/pl\/wp-json\/wp\/v2\/types\/post"}],"author":[{"embeddable":true,"href":"https:\/\/www.europesays.com\/pl\/wp-json\/wp\/v2\/users\/2"}],"replies":[{"embeddable":true,"href":"https:\/\/www.europesays.com\/pl\/wp-json\/wp\/v2\/comments?post=277922"}],"version-history":[{"count":0,"href":"https:\/\/www.europesays.com\/pl\/wp-json\/wp\/v2\/posts\/277922\/revisions"}],"wp:featuredmedia":[{"embeddable":true,"href":"https:\/\/www.europesays.com\/pl\/wp-json\/wp\/v2\/media\/74474"}],"wp:attachment":[{"href":"https:\/\/www.europesays.com\/pl\/wp-json\/wp\/v2\/media?parent=277922"}],"wp:term":[{"taxonomy":"category","embeddable":true,"href":"https:\/\/www.europesays.com\/pl\/wp-json\/wp\/v2\/categories?post=277922"},{"taxonomy":"post_tag","embeddable":true,"href":"https:\/\/www.europesays.com\/pl\/wp-json\/wp\/v2\/tags?post=277922"}],"curies":[{"name":"wp","href":"https:\/\/api.w.org\/{rel}","templated":true}]}}