{"id":278195,"date":"2026-02-25T14:28:07","date_gmt":"2026-02-25T14:28:07","guid":{"rendered":"https:\/\/www.europesays.com\/pl\/278195\/"},"modified":"2026-02-25T14:28:07","modified_gmt":"2026-02-25T14:28:07","slug":"afera-pegasusa-byli-szefowie-abw-i-skw-z-zarzutami","status":"publish","type":"post","link":"https:\/\/www.europesays.com\/pl\/278195\/","title":{"rendered":"Afera Pegasusa. Byli szefowie ABW i SKW z zarzutami"},"content":{"rendered":"<p>Piotr P. us\u0142ysza\u0142 zarzut niedope\u0142nienia obowi\u0105zk\u00f3w s\u0142u\u017cbowych. Wed\u0142ug prokuratury od jesieni 2018 r. do lutego 2020 r. jako szef ABW mia\u0142 zgadza\u0107 si\u0119 na u\u017cywanie Pegasusa, mimo \u017ce system nie posiada\u0142 wymaganej prawem akredytacji bezpiecze\u0144stwa teleinformatycznego. Co wi\u0119cej, jak wynika z ustale\u0144 \u015bledczych, by\u0142y szef ABW nie sprawdzi\u0142, czy narz\u0119dzie spe\u0142nia standardy ochrony informacji niejawnych oznaczonych klauzulami &#8222;tajne&#8221; i &#8222;\u015bci\u015ble tajne&#8221;.<\/p>\n<p>Podczas przes\u0142uchania Piotr P. nie przyzna\u0142 si\u0119 do zarzucanych mu czyn\u00f3w i odm\u00f3wi\u0142 sk\u0142adania wyja\u015bnie\u0144.<\/p>\n<p> Dalszy ci\u0105g artyku\u0142u pod materia\u0142em wideo    <\/p>\n<p> Jakie zarzuty postawiono Piotrowi P.? <\/p>\n<p> Jakie zarzuty postawiono Maciejowi M.? <\/p>\n<p> W jakim celu stworzono system Pegasus? <\/p>\n<p> Kiedy Polska kupi\u0142a Pegasusa? <\/p>\n<p>Zbli\u017cone zarzuty przedstawiono Maciejowi M. Wed\u0142ug prokuratury, od czerwca 2018 r. do lutego 2022 r. jako szef SKW mia\u0142 on dopuszcza\u0107 i utrzymywa\u0107 wykorzystywanie Pegasusa w dzia\u0142aniach s\u0142u\u017cby, mimo \u017ce system nie posiada\u0142 akredytacji bezpiecze\u0144stwa, a sam podejrzany, jak wskazuj\u0105 \u015bledczy, nie dysponowa\u0142 podstawow\u0105 wiedz\u0105, czy aplikacja zapewnia ochron\u0119 informacji niejawnych w najwy\u017cszych klauzulach.<\/p>\n<p>Maciej M., podobnie jak jego by\u0142y odpowiednik w ABW, nie przyzna\u0142 si\u0119 do zarzut\u00f3w i odm\u00f3wi\u0142 sk\u0142adania wyja\u015bnie\u0144.<\/p>\n<p>Prokuratura poinformowa\u0142a, \u017ce nie by\u0142o konieczne zastosowanie wobec podejrzanych \u015brodk\u00f3w zapobiegawczych, takich jak por\u0119czenie, doz\u00f3r policji czy zakaz opuszczania kraju. Obaj podejrzani pozostaj\u0105 na wolno\u015bci.<\/p>\n<p>   Czym jest afera Pegasusa?<\/p>\n<p>Pegasus to system, kt\u00f3ry zosta\u0142 stworzony przez izraelsk\u0105 firm\u0119 NSO Group do walki z terroryzmem i zorganizowan\u0105 przest\u0119pczo\u015bci\u0105. Przy jego pomocy mo\u017cna nie tylko pods\u0142uchiwa\u0107 rozmowy z zainfekowanego smartfona, ale te\u017c uzyska\u0107 dost\u0119p do przechowywanych w nim innych danych, np. e-maili, zdj\u0119\u0107 czy nagra\u0144 wideo oraz kamer i mikrofon\u00f3w. Polska kupi\u0142a Pegasusa w 2017 r. dla Centralnego Biura Antykorupcyjnego, ze \u015brodk\u00f3w w zasadniczej cz\u0119\u015bci z Funduszu Sprawiedliwo\u015bci.<\/p>\n<p>   W kolejnych latach okaza\u0142o si\u0119, \u017ce Pegasus by\u0142 wykorzystywany do pods\u0142uchiwania polityk\u00f3w i dzia\u0142aczy opozycji, m.in. wobec <a href=\"https:\/\/wiadomosci.onet.pl\/kraj\/lista-ofiar-pegasusa-krzysztof-brejza-zbierali-haki-tez-na-swoich\/k1en179\" id=\"5a700da0-f0e9-4464-a53b-87a6b917751d\" rel=\"nofollow noopener\" target=\"_blank\">Krzysztofa Brejzy<\/a>, Romana Giertycha, Micha\u0142a Ko\u0142odziejczaka, Jacka Karnowskiego i Ewy Wrzosek.W Sejmie afer\u0105 Pegasusa zajmuje si\u0119 komisja \u015bledcza. Opr\u00f3cz tego prokuratura prowadzi \u015bledztwo, a w jego toku zarzuty przekroczenia uprawnie\u0144 przedstawiono dw\u00f3m by\u0142ym funkcjonariuszom CBA, <a href=\"https:\/\/wiadomosci.onet.pl\/kraj\/byly-wiceszef-cba-z-zarzutami-w-tle-afera-pegasusa\/cl2tnkn\" id=\"3e92d702-e6c5-40cd-b569-902eb858b18a\" rel=\"nofollow noopener\" target=\"_blank\">by\u0142emu zast\u0119pcy szefa CBA<\/a> i <a href=\"https:\/\/wiadomosci.onet.pl\/kraj\/byly-szef-cba-ernest-bejda-uslyszal-zarzut-komunikat-prokuratury\/hbmexp5\" id=\"429fc232-33b7-4419-85f0-1346d3a52bf7\" rel=\"nofollow noopener\" target=\"_blank\">by\u0142emu szefowi CBA<\/a>.<\/p>\n","protected":false},"excerpt":{"rendered":"Piotr P. us\u0142ysza\u0142 zarzut niedope\u0142nienia obowi\u0105zk\u00f3w s\u0142u\u017cbowych. Wed\u0142ug prokuratury od jesieni 2018 r. do lutego 2020 r. jako&hellip;\n","protected":false},"author":2,"featured_media":244520,"comment_status":"","ping_status":"","sticky":false,"template":"","format":"standard","meta":{"footnotes":"","_share_on_mastodon":"0"},"categories":[5],"tags":[145,32,33,36,37,27,49,34,35,28,31,48,25,46,2039,42,38,40,39,41,47,14119,842,29,30,26],"class_list":["post-278195","post","type-post","status-publish","format-standard","has-post-thumbnail","category-naglowki","tag-abw","tag-breaking-news","tag-breakingnews","tag-featured-news","tag-featurednews","tag-headlines","tag-kraj","tag-latest-news","tag-latestnews","tag-naglowki","tag-najwazniejsze-artykuly","tag-nat_styl","tag-news","tag-omp","tag-pegasus_oprogramowanie","tag-pl","tag-poland","tag-polish","tag-polska","tag-polski","tag-screening_general","tag-skw_kontrwywiad_wojskowy","tag-szpiedzy_sluzby_wywiadowcze","tag-top-stories","tag-topstories","tag-wiadomosci"],"share_on_mastodon":{"url":"https:\/\/pubeurope.com\/@pl\/116131745260921839","error":""},"_links":{"self":[{"href":"https:\/\/www.europesays.com\/pl\/wp-json\/wp\/v2\/posts\/278195","targetHints":{"allow":["GET"]}}],"collection":[{"href":"https:\/\/www.europesays.com\/pl\/wp-json\/wp\/v2\/posts"}],"about":[{"href":"https:\/\/www.europesays.com\/pl\/wp-json\/wp\/v2\/types\/post"}],"author":[{"embeddable":true,"href":"https:\/\/www.europesays.com\/pl\/wp-json\/wp\/v2\/users\/2"}],"replies":[{"embeddable":true,"href":"https:\/\/www.europesays.com\/pl\/wp-json\/wp\/v2\/comments?post=278195"}],"version-history":[{"count":0,"href":"https:\/\/www.europesays.com\/pl\/wp-json\/wp\/v2\/posts\/278195\/revisions"}],"wp:featuredmedia":[{"embeddable":true,"href":"https:\/\/www.europesays.com\/pl\/wp-json\/wp\/v2\/media\/244520"}],"wp:attachment":[{"href":"https:\/\/www.europesays.com\/pl\/wp-json\/wp\/v2\/media?parent=278195"}],"wp:term":[{"taxonomy":"category","embeddable":true,"href":"https:\/\/www.europesays.com\/pl\/wp-json\/wp\/v2\/categories?post=278195"},{"taxonomy":"post_tag","embeddable":true,"href":"https:\/\/www.europesays.com\/pl\/wp-json\/wp\/v2\/tags?post=278195"}],"curies":[{"name":"wp","href":"https:\/\/api.w.org\/{rel}","templated":true}]}}