{"id":27821,"date":"2025-10-02T11:41:14","date_gmt":"2025-10-02T11:41:14","guid":{"rendered":"https:\/\/www.europesays.com\/pl\/27821\/"},"modified":"2025-10-02T11:41:14","modified_gmt":"2025-10-02T11:41:14","slug":"czarnobyl-bez-pradu-rosjanie-uszkodzili-linie-energetyczne","status":"publish","type":"post","link":"https:\/\/www.europesays.com\/pl\/27821\/","title":{"rendered":"Czarnobyl bez pr\u0105du. Rosjanie uszkodzili linie energetyczne"},"content":{"rendered":"<p>W Czarnobylu blackout <\/p>\n<p class=\"Paragraph_desktopParagraph__U31Gm\">Moskwa nie przestaje atakowa\u0107 infrastruktury energetycznej Ukrainy. 1 pa\u017adziernika ich celem sta\u0142y si\u0119 linie w pobli\u017cu granic z Bia\u0142orusi\u0105. Z tego powodu dosz\u0142o do przerw w dostarczaniu napi\u0119cia do element\u00f3w nieczynnej elektrowni pod Czarnobylem, w kt\u00f3rej dosz\u0142o do katastrofy w 1986 r. Nie dzia\u0142a ona od kilkunastu lat, wi\u0119c zagro\u017cenia wybuchem nie ma, ale jak podaje IAEA, nadal nie uda\u0142o si\u0119 przywr\u00f3ci\u0107 g\u0142\u00f3wnego zasilania arce, chroni\u0105cej betonowy sarkofag, wylany nad ruinami zniszczonego 40 lat temu bloku czarnobylskiej elektrowni. W zast\u0119pstwie pracuj\u0105 generatory diesla.<\/p>\n<p class=\"Paragraph_desktopParagraph__U31Gm\">&#8222;W przypadku Czarnobylskiej Elektrowni J\u0105drowej nie istnieje ryzyko przegrzania pr\u0119t\u00f3w paliwowych, poniewa\u017c te zosta\u0142y ju\u017c lata temu zabezpieczone i sch\u0142odzone. Same reaktory RBMK-1000 s\u0105 ju\u017c cz\u0119\u015bciowo zdemontowane, a ostatni z nich zosta\u0142 wy\u0142\u0105czony 25 lat temu (15 grudnia 2000). Nie ma wi\u0119c powod\u00f3w do obaw. Apelujemy o to, by zachowa\u0107 spok\u00f3j. W kolejnych godzinach mo\u017cna spodziewa\u0107 si\u0119 wyp\u0142ywu wielu r\u00f3\u017cnych sensacyjnych news\u00f3w pisanych przez strony bazuj\u0105ce na strachu. Nie dajcie si\u0119 manipulowa\u0107 i ufajcie tylko w sprawdzone i rzetelne \u017ar\u00f3d\u0142a informacji&#8221; \u2014 wyja\u015bniaj\u0105 autorzy bloga napromieniowani.pl.<\/p>\n<p class=\"Paragraph_desktopParagraph__U31Gm\">[REKLAMA]<\/p>\n<p class=\"Paragraph_desktopParagraph__U31Gm\"><a rel=\"nofollow noopener\" href=\"https:\/\/uafuture-pl.org\/wesprzyj-uaf\/\" id=\"da5e7d14-fb85-45fd-83ed-89f1bc78042d\" target=\"_blank\">Mo\u017cesz wesprze\u0107 walk\u0119 z dezinformacj\u0105, pomagaj\u0105c Fundacji UA Future, kt\u00f3ra stworzy\u0142a projekt PostPravda.Info.<\/a><\/p>\n<p>Co si\u0119 dzieje w elektrowni atomowej pod Zaporo\u017cem [UPDATE] <\/p>\n<p class=\"Paragraph_desktopParagraph__U31Gm\">Awaryjna sytuacja przed\u0142u\u017ca si\u0119 pod Zaporo\u017cem, w najwi\u0119kszej elektrowni atomowej w Europie, gdzie zasilania nie ma od kilku dni. Ch\u0142odzenie nieczynnych blok\u00f3w r\u00f3wnie\u017c jest podtrzymywane dzi\u0119ki agregatom. Rezerwy paliwa obs\u0142uga elektrowni ma jeszcze na 10 dni. Na razie udaje si\u0119 wyr\u00f3wnywa\u0107 zu\u017cycie diesla, ale sytuacja militarna nie pozwala na napraw\u0119 uszkodzonej sieci przesy\u0142u.<\/p>\n<p class=\"Paragraph_desktopParagraph__U31Gm\">Specjali\u015bci z Mi\u0119dzynarodowej Agencji Energii Atomowej zapewniaj\u0105, \u017ce sytuacja w obu elektrowniach jest pod kontrol\u0105, ale przed\u0142u\u017caj\u0105ce si\u0119 problemy z zasilaniem i kolejne ataki na infrastruktur\u0119 energetyczn\u0105 Ukrainy zwi\u0119kszaj\u0105 zagro\u017cenie.<\/p>\n<p class=\"Paragraph_desktopParagraph__U31Gm\">\u2014 Najwi\u0119ksza elektrownia j\u0105drowa w Europie jest pozbawiona zewn\u0119trznego zasilania od ponad tygodnia, co jest zdecydowanie najd\u0142u\u017cszym okresem tego typu w ci\u0105gu ponad trzech i p\u00f3\u0142 roku wojny. Jestem w sta\u0142ym kontakcie z obiema stronami, aby umo\u017cliwi\u0107 szybkie ponowne pod\u0142\u0105czenie elektrowni do sieci elektroenergetycznej \u2014 powiedzia\u0142 dyrektor generalny IAEA Rafael Mariano Grossi.<\/p>\n<p class=\"Paragraph_desktopParagraph__U31Gm\">\u2014 Chocia\u017c elektrownia obecnie radzi sobie dzi\u0119ki awaryjnym generatorom diesla \u2014 ostatniej linii obrony \u2014 i dop\u00f3ki one dzia\u0142aj\u0105, nie ma bezpo\u015bredniego zagro\u017cenia, to jednak z pewno\u015bci\u0105 nie jest to sytuacja trwa\u0142a z punktu widzenia bezpiecze\u0144stwa j\u0105drowego. \u017badna ze stron nie odnios\u0142aby korzy\u015bci z awarii j\u0105drowej \u2014 doda\u0142 Grossi.<\/p>\n<ul class=\"OchatFollowUps_wrapper__1ry7X\">\n<li class=\"OchatFollowUps_item__Dhyly OchatFollowUps_itemDesktop__R6aBv\">Co spowodowa\u0142o problemy z zasilaniem w Czarnobylu?<\/li>\n<li class=\"OchatFollowUps_item__Dhyly OchatFollowUps_itemDesktop__R6aBv\">Jakie dzia\u0142ania podejmuje Mi\u0119dzynarodowa Agencja Energii Atomowej?<\/li>\n<li class=\"OchatFollowUps_item__Dhyly OchatFollowUps_itemDesktop__R6aBv\">Jakie s\u0105 aktualne warunki bezpiecze\u0144stwa w elektrowni w Zaporo\u017cu?<\/li>\n<li class=\"OchatFollowUps_item__Dhyly OchatFollowUps_itemDesktop__R6aBv\">Czy istnieje ryzyko przegrzania w Czarnobylskiej Elektrowni J\u0105drowej?<\/li>\n<\/ul>\n<p>Ile reaktor\u00f3w dzia\u0142a w Zaporo\u017cu i ile wytrzymaj\u0105? <\/p>\n<p class=\"Paragraph_desktopParagraph__U31Gm\">Wed\u0142ug ZNPP ostatnia przerwa w dostawie pr\u0105du nast\u0105pi\u0142a w ostatnim tygodniu wrze\u015bnia, kiedy jedyna pozosta\u0142a linia energetyczna zosta\u0142a uszkodzona przez dzia\u0142ania wojskowe w odleg\u0142o\u015bci oko\u0142o 1,5 km od elektrowni. Po tym zdarzeniu automatycznie zacz\u0119\u0142y dzia\u0142a\u0107 awaryjne generatory diesla (EDG), kt\u00f3re dostarcza\u0142y energi\u0119 potrzebn\u0105 systemom bezpiecze\u0144stwa elektrowni oraz do ch\u0142odzenia sze\u015bciu reaktor\u00f3w i zu\u017cytego paliwa.<\/p>\n<p class=\"Paragraph_desktopParagraph__U31Gm\">W elektrowni j\u0105drowej ZNPP pracuje obecnie osiem reaktor\u00f3w EDG, dziewi\u0119\u0107 kolejnych jest w trybie gotowo\u015bci, a trzy w konserwacji. W ci\u0105gu ostatniego tygodnia elektrownia pracowa\u0142a rotacyjnie, aby obs\u0142u\u017cy\u0107 niekt\u00f3re z nieczynnych reaktor\u00f3w i zapewni\u0107 ci\u0105g\u0142\u0105 dost\u0119pno\u015b\u0107.<\/p>\n<p class=\"Paragraph_desktopParagraph__U31Gm\">ZNPP o\u015bwiadczy\u0142o, \u017ce dysponuje personelem i cz\u0119\u015bciami zamiennymi potrzebnymi do naprawy uszkodzonej linii 750 kilowoltowej (kV), ale do tej pory nie uda\u0142o si\u0119 tego zrobi\u0107 ze wzgl\u0119du na dzia\u0142ania wojenne na tym obszarze. Ukraina ze swojej strony o\u015bwiadczy\u0142a, \u017ce \u200b\u200bjest gotowa naprawi\u0107 rezerwow\u0105 lini\u0119 energetyczn\u0105 o napi\u0119ciu 330 kV, kt\u00f3ra zosta\u0142a od\u0142\u0105czona na pocz\u0105tku maja, ale doda\u0142a, \u017ce \u200b\u200bjak dot\u0105d nie pozwala na to sytuacja militarna.<\/p>\n<p class=\"Paragraph_desktopParagraph__U31Gm\">[REKLAMA]<\/p>\n<p class=\"Paragraph_desktopParagraph__U31Gm\"><a rel=\"nofollow noopener\" href=\"https:\/\/uafuture-pl.org\/wesprzyj-uaf\/\" id=\"95a4dbdf-d963-44c4-a451-21304ab81e2f\" target=\"_blank\">Mo\u017cesz wesprze\u0107 walk\u0119 z dezinformacj\u0105, pomagaj\u0105c Fundacji UA Future, kt\u00f3ra stworzy\u0142a projekt PostPravda.Info.<\/a><\/p>\n<p class=\"Paragraph_desktopParagraph__U31Gm\">Poniewa\u017c reaktory elektrowni j\u0105drowej ZNPP s\u0105 wy\u0142\u0105czone od ponad trzech lat \u2014 co skutkuje sch\u0142odzeniem paliwa j\u0105drowego i zmniejszeniem ilo\u015bci materia\u0142\u00f3w radioaktywnych w paliwie \u2014 sytuacja bezpiecze\u0144stwa j\u0105drowego nie jest tak niebezpieczna, jak by\u0142aby, gdyby elektrownia nadal wytwarza\u0142a energi\u0119 elektryczn\u0105. Jednak w przypadku ca\u0142kowitej awarii zasilania, bez zewn\u0119trznego \u017ar\u00f3d\u0142a zasilania i bez dzia\u0142aj\u0105cych generator\u00f3w EDG, paliwo j\u0105drowe mog\u0142oby si\u0119 stopi\u0107, gdyby nie uda\u0142o si\u0119 przywr\u00f3ci\u0107 zasilania na czas. Z tego powodu elektrownia j\u0105drowa ZNPP dysponuje r\u00f3wnie\u017c mobilnymi generatorami diesla.<\/p>\n<p class=\"Paragraph_desktopParagraph__U31Gm\">\u2014 Obecny stan blok\u00f3w reaktora i wypalonego paliwa jest stabilny, pod warunkiem, \u017ce awaryjne generatory diesla b\u0119d\u0105 w stanie zapewni\u0107 wystarczaj\u0105c\u0105 moc do utrzymania podstawowych funkcji bezpiecze\u0144stwa i ch\u0142odzenia \u2014 powiedzia\u0142 dyrektor generalny IAEA.<\/p>\n<p class=\"Paragraph_desktopParagraph__U31Gm\">\u2014 Niemniej jednak niezwykle wa\u017cne jest przywr\u00f3cenie zasilania poza terenem elektrowni. Gor\u0105co zach\u0119cam obie strony do wsp\u00f3\u0142pracy z nami i umo\u017cliwienia przeprowadzenia niezb\u0119dnych napraw. Jak wielokrotnie powtarza\u0142em, awaria j\u0105drowa nie le\u017cy w niczyim interesie i nale\u017cy do\u0142o\u017cy\u0107 wszelkich stara\u0144, aby jej zapobiec \u2014 wyja\u015bni\u0142.<\/p>\n<p class=\"Paragraph_desktopParagraph__U31Gm\">\u2014 Na podstawie informacji z elektrowni mo\u017cemy stwierdzi\u0107, \u017ce awaryjne generatory diesla niezawodnie dostarczaj\u0105 energi\u0119 potrzebn\u0105 do ch\u0142odzenia paliwa j\u0105drowego w rdzeniach reaktor\u00f3w i basenach wypalonego paliwa \u2014 doda\u0142 Grossi.<\/p>\n<p class=\"Paragraph_desktopParagraph__U31Gm\">&#8222;ZNPP poinformowa\u0142 zesp\u00f3\u0142 IAEA, \u017ce w obiekcie wci\u0105\u017c znajduj\u0105 si\u0119 rezerwy paliwa pozwalaj\u0105ce na eksploatacj\u0119 przez ponad 10 dni, a regularne dostawy spoza obiektu utrzymuj\u0105 ten poziom&#8221; \u2014 czytamy w komunikacie Mi\u0119dzynarodowej Agencji Energii Atomowej.<\/p>\n<p class=\"Paragraph_desktopParagraph__U31Gm\">W ostatnich dniach cz\u0142onkowie zespo\u0142u IAEA przebywaj\u0105cy na miejscu zdarzenia mieli okazj\u0119 zaobserwowa\u0107 pracuj\u0105ce generatory EDG i potwierdzi\u0107, \u017ce zbiorniki zraszaj\u0105ce, kt\u00f3re zapewniaj\u0105 wod\u0119 ch\u0142odz\u0105c\u0105 bloki reaktora i zu\u017cyte paliwo, pozostaj\u0105 pe\u0142ne.<\/p>\n<p class=\"Paragraph_desktopParagraph__U31Gm\">Monitoring promieniowania prowadzony przez elektrowni\u0119 j\u0105drow\u0105 ZNPP, a tak\u017ce pomiary przeprowadzone przez IAEA nie wykaza\u0142y wzrostu promieniowania ponad poziom normalny w ci\u0105gu ostatniego tygodnia, ani na terenie elektrowni, ani poza ni\u0105.<\/p>\n<p class=\"Paragraph_desktopParagraph__U31Gm\">Czym jest PostPravda.Info?<\/p>\n<p class=\"Paragraph_desktopParagraph__U31Gm\">PostPravda.Info to projekt stworzony w lutym 2024 r., kt\u00f3rego celem jest obrona przed rosyjskimi dzia\u0142aniami propagandowymi i dezinformacyjnymi. Stworzyli go eksperci z kilku kraj\u00f3w: Polski, Ukrainy, USA, Wielkiej Brytanii oraz Litwy. Projekt finansuje mi\u0119dzynarodowa <a rel=\"nofollow noopener\" href=\"https:\/\/uafuture-pl.org\/wesprzyj-uaf\/\" id=\"a50027a8-8e99-4bfb-bdde-3835bad1a73c\" target=\"_blank\">Fundacja UA Future<\/a>.<\/p>\n","protected":false},"excerpt":{"rendered":"W Czarnobylu blackout Moskwa nie przestaje atakowa\u0107 infrastruktury energetycznej Ukrainy. 1 pa\u017adziernika ich celem sta\u0142y si\u0119 linie w&hellip;\n","protected":false},"author":2,"featured_media":27822,"comment_status":"","ping_status":"","sticky":false,"template":"","format":"standard","meta":{"footnotes":""},"categories":[14],"tags":[32,33,105,27,369,34,35,28,31,53,25,52,68,51,55,40,41,560,47,80,29,30,50,26,82,83,84],"class_list":{"0":"post-27821","1":"post","2":"type-post","3":"status-publish","4":"format-standard","5":"has-post-thumbnail","7":"category-swiat","8":"tag-breaking-news","9":"tag-breakingnews","10":"tag-ekonomia","11":"tag-headlines","12":"tag-kk","13":"tag-latest-news","14":"tag-latestnews","15":"tag-naglowki","16":"tag-najwazniejsze-artykuly","17":"tag-new_header","18":"tag-news","19":"tag-onet3","20":"tag-onet3d","21":"tag-onet3d_2i","22":"tag-phx","23":"tag-polish","24":"tag-polski","25":"tag-postpravda","26":"tag-screening_general","27":"tag-swiat","28":"tag-top-stories","29":"tag-topstories","30":"tag-v2021","31":"tag-wiadomosci","32":"tag-world","33":"tag-world-news","34":"tag-worldnews"},"share_on_mastodon":{"url":"","error":""},"_links":{"self":[{"href":"https:\/\/www.europesays.com\/pl\/wp-json\/wp\/v2\/posts\/27821","targetHints":{"allow":["GET"]}}],"collection":[{"href":"https:\/\/www.europesays.com\/pl\/wp-json\/wp\/v2\/posts"}],"about":[{"href":"https:\/\/www.europesays.com\/pl\/wp-json\/wp\/v2\/types\/post"}],"author":[{"embeddable":true,"href":"https:\/\/www.europesays.com\/pl\/wp-json\/wp\/v2\/users\/2"}],"replies":[{"embeddable":true,"href":"https:\/\/www.europesays.com\/pl\/wp-json\/wp\/v2\/comments?post=27821"}],"version-history":[{"count":0,"href":"https:\/\/www.europesays.com\/pl\/wp-json\/wp\/v2\/posts\/27821\/revisions"}],"wp:featuredmedia":[{"embeddable":true,"href":"https:\/\/www.europesays.com\/pl\/wp-json\/wp\/v2\/media\/27822"}],"wp:attachment":[{"href":"https:\/\/www.europesays.com\/pl\/wp-json\/wp\/v2\/media?parent=27821"}],"wp:term":[{"taxonomy":"category","embeddable":true,"href":"https:\/\/www.europesays.com\/pl\/wp-json\/wp\/v2\/categories?post=27821"},{"taxonomy":"post_tag","embeddable":true,"href":"https:\/\/www.europesays.com\/pl\/wp-json\/wp\/v2\/tags?post=27821"}],"curies":[{"name":"wp","href":"https:\/\/api.w.org\/{rel}","templated":true}]}}