{"id":278255,"date":"2026-02-25T15:05:19","date_gmt":"2026-02-25T15:05:19","guid":{"rendered":"https:\/\/www.europesays.com\/pl\/278255\/"},"modified":"2026-02-25T15:05:19","modified_gmt":"2026-02-25T15:05:19","slug":"nie-zyje-robert-carradine-aktor-odebral-sobie-zycie-w-wieku-71-lat-rmf-fm","status":"publish","type":"post","link":"https:\/\/www.europesays.com\/pl\/278255\/","title":{"rendered":"Nie \u017cyje Robert Carradine. Aktor odebra\u0142 sobie \u017cycie w wieku 71 lat :: RMF FM"},"content":{"rendered":"<p>Robert Carradine, ameryka\u0144ski aktor znany z film\u00f3w \u201eZemsta frajer\u00f3w\u201d, \u201eWielka czerwona jedynka\u201d oraz serialu \u201eLizzie McGuire\u201d, zmar\u0142 w wieku 71 lat. Informacj\u0119 o jego \u015bmierci potwierdzi\u0142a rodzina. Jak przekazano w o\u015bwiadczeniu, artysta odebra\u0142 sobie \u017cycie po niemal dwudziestoletniej walce z ci\u0119\u017ck\u0105 chorob\u0105 psychiczn\u0105.<\/p>\n<p><img decoding=\"async\" alt=\"\" src=\"https:\/\/www.europesays.com\/pl\/wp-content\/uploads\/2026\/02\/c3ae629972fe6699bdf470df39669ee5.jpg\" class=\"w-100\"\/><\/p>\n<p>Nie \u017cyje Robert Carradine, fot. Terry Straehley\/Shutterstock<\/p>\n<ul>&#13;<\/p>\n<li>&#13;<br \/>\n\t\tRobert Carradine, znany z filmu \u201eZemsta frajer\u00f3w\u201d i serialu \u201eLizzie McGuire\u201d, zmar\u0142 w wieku 71 lat.<\/li>\n<p>&#13;<\/p>\n<li>&#13;<br \/>\n\t\tRodzina potwierdzi\u0142a, \u017ce aktor odebra\u0142 sobie \u017cycie po niemal 20-letniej walce z chorob\u0105 afektywn\u0105 dwubiegunow\u0105.<\/li>\n<p>&#13;<\/p>\n<li>&#13;<br \/>\n\t\tBliscy podkre\u015blili w o\u015bwiadczeniu, \u017ce Carradine by\u0142 \u201epromieniem \u015bwiat\u0142a\u201d dla bliskich i otwarcie m\u00f3wi\u0142a o jego zmaganiach, by prze\u0142ama\u0107 tabu wok\u00f3\u0142 chor\u00f3b psychicznych.<\/li>\n<p>&#13;\n<\/ul>\n<p>&#13;<br \/>\n\t<a href=\"https:\/\/www.rmf.fm\/magazyn\/tag,Nie%20%C5%BCyje.html\" rel=\"nofollow noopener\" target=\"_blank\">Nie \u017cyje<\/a> Robert Carradine. Aktor z \u201eZemsty frajer\u00f3w\u201d i \u201eLizzie McGuire\u201d mia\u0142 71 lat<\/p>\n<p>&#13;<br \/>\n\tRobert Carradine zmar\u0142 w poniedzia\u0142ek, 23 lutego 2026 roku. Aktor pope\u0142ni\u0142 samob\u00f3jstwo w wieku 71 lat, po wieloletniej walce z chorob\u0105. Informacj\u0119 o jego \u015bmierci potwierdzili bliscy w poruszaj\u0105cym o\u015bwiadczeniu przekazanym serwisowi \u201eDeadline\u201d:<\/p>\n<blockquote><p>&#13;<\/p>\n<p>&#13;<br \/>\n\t\tZ g\u0142\u0119bokim smutkiem musimy przekaza\u0107 wiadomo\u015b\u0107 o \u015bmierci naszego ukochanego ojca, dziadka, wujka i brata, Roberta Carradine\u2019a. W \u015bwiecie, kt\u00f3ry potrafi wydawa\u0107 si\u0119 tak mroczny, Bobby zawsze by\u0142 dla wszystkich wok\u00f3\u0142 promieniem \u015bwiat\u0142a.<\/p>\n<p>&#13;\n<\/p><\/blockquote>\n<p>&#13;<br \/>\n\tRodzina podkre\u015bli\u0142a, \u017ce przez niemal dwie dekady zmaga\u0142 si\u0119 z chorob\u0105 afektywn\u0105 dwubiegunow\u0105.<\/p>\n<blockquote><p>&#13;<\/p>\n<p>&#13;<br \/>\n\t\tJeste\u015bmy zdruzgotani strat\u0105 tej pi\u0119knej duszy i chcemy odda\u0107 ho\u0142d jego dzielnej walce z chorob\u0105 afektywn\u0105 dwubiegunow\u0105, z kt\u00f3r\u0105 zmaga\u0142 si\u0119 przez niemal dwie dekady. Mamy nadziej\u0119, \u017ce jego droga rzuci \u015bwiat\u0142o na ten temat i pomo\u017ce w walce ze stygmatyzacj\u0105 chor\u00f3b psychicznych \u2013 przekazano.<\/p>\n<p>&#13;\n<\/p><\/blockquote>\n<blockquote class=\"instagram-media\" data-instgrm-captioned=\"\" data-instgrm-permalink=\"https:\/\/www.instagram.com\/p\/DVIRqaiDghb\/?utm_source=ig_embed&amp;utm_campaign=loading\" data-instgrm-version=\"14\" style=\" background:#FFF; border:0; border-radius:3px; box-shadow:0 0 1px 0 rgba(0,0,0,0.5),0 1px 10px 0 rgba(0,0,0,0.15); margin: 1px; max-width:540px; min-width:326px; padding:0; width:99.375%; width:-webkit-calc(100% - 2px); width:calc(100% - 2px);\"\/><p>\n&#13;<br \/>\n\tRobert Carradine odebra\u0142 sobie \u017cycie po latach walki z chorob\u0105 afektywn\u0105 dwubiegunow\u0105<\/p>\n<p>&#13;<br \/>\n\tRodzina Carradine\u2019a zdecydowa\u0142a si\u0119 ujawni\u0107 przyczyn\u0119 \u015bmierci aktora, by prze\u0142ama\u0107 tabu zwi\u0105zane z chorobami psychicznymi.<\/p>\n<blockquote><p>&#13;<\/p>\n<p>&#13;<br \/>\n\t\tChcemy, \u017ceby ludzie o tym wiedzieli i nie ma w tym \u017cadnego wstydu. To by\u0142a choroba, kt\u00f3ra ostatecznie go pokona\u0142a, ale ja chc\u0119 doceni\u0107 jego walk\u0119 z ni\u0105 i to, jak niezwyk\u0142\u0105 by\u0142 osob\u0105. By\u0142 ogromnie utalentowany i b\u0119dziemy za nim t\u0119skni\u0107 ka\u017cdego dnia \u2013 podkre\u015bli\u0142 brat aktora, Keith Carradine.<\/p>\n<p>&#13;\n<\/p><\/blockquote>\n<p>&#13;<br \/>\n\tChoroba afektywna dwubiegunowa to przewlek\u0142e zaburzenie psychiczne charakteryzuj\u0105ce si\u0119 naprzemiennym wyst\u0119powaniem epizod\u00f3w depresji oraz manii lub hipomanii. W fazie depresyjnej pojawia si\u0119 obni\u017cony nastr\u00f3j, utrata energii, poczucie beznadziei i trudno\u015bci w codziennym funkcjonowaniu. Z kolei epizody maniakalne mog\u0105 wi\u0105za\u0107 si\u0119 z nadmiernym pobudzeniem, eufori\u0105, impulsywno\u015bci\u0105, zmniejszon\u0105 potrzeb\u0105 snu czy podejmowaniem ryzykownych decyzji. Zaburzenie ma charakter nawrotowy i wymaga sta\u0142ej opieki specjalistycznej \u2013 farmakoterapii, psychoterapii oraz wsparcia bliskich.<\/p>\n<p>&#13;<br \/>\n\tRobert Carradine zagra\u0142 w blisko 150 filmach i serialach. Pochodzi\u0142 ze s\u0142ynnej rodziny aktorskiej<\/p>\n<p>&#13;<br \/>\n\tRobert Carradine urodzi\u0142 si\u0119 24 marca 1954 roku jako najm\u0142odszy syn legendarnego aktora Johna Carradine\u2019a. By\u0142 bratem Davida i Keitha Carradine\u2019\u00f3w, kt\u00f3rzy r\u00f3wnie\u017c odnie\u015bli sukcesy w Hollywood. Na ekranie zadebiutowa\u0142 w 1972 roku w filmie \u201eKowboje\u201d u boku Johna Wayne\u2019a. Szybko wypracowa\u0142 w\u0142asn\u0105 pozycj\u0119, graj\u0105c m.in. w \u201eUlicach n\u0119dzy\u201d Martina Scorsese i nagrodzonym trzema Oscarami \u201ePowrocie do domu\u201d Hala Ashby\u2019ego.<\/p>\n<p>&#13;<br \/>\n\tPrze\u0142omem w karierze Carradine\u2019a by\u0142a rola Lewisa Skolnicka w komedii \u201eZemsta frajer\u00f3w\u201d z 1984 roku. Posta\u0107 ta sta\u0142a si\u0119 symbolem outsider\u00f3w i na trwa\u0142e wpisa\u0142a si\u0119 w popkultur\u0119 lat 80. W kolejnych latach aktor zdoby\u0142 sympati\u0119 m\u0142odszych widz\u00f3w jako ojciec tytu\u0142owej bohaterki w serialu Disneya \u201eLizzie McGuire\u201d.<\/p>\n<p>&#13;<br \/>\n\tEkranowa c\u00f3rka Hilary Duff po\u017cegna\u0142a go w mediach spo\u0142eczno\u015bciowych, pisz\u0105c: \u201eTo naprawd\u0119 boli. Trudno pogodzi\u0107 si\u0119 z tak\u0105 rzeczywisto\u015bci\u0105, gdy chodzi o starego przyjaciela. Zawsze czu\u0142am, \u017ce moja serialowa rodzina si\u0119 mn\u0105 opiekuje. Bardzo mi smutno, \u017ce Bobby cierpia\u0142. Serce mi si\u0119 kraje na my\u015bl o nim i jego rodzinie i wszystkich, kt\u00f3rzy go kochali\u201d.<\/p>\n<blockquote class=\"instagram-media\" data-instgrm-captioned=\"\" data-instgrm-permalink=\"https:\/\/www.instagram.com\/p\/DVIXwNGDtIW\/?utm_source=ig_embed&amp;utm_campaign=loading\" data-instgrm-version=\"14\" style=\" background:#FFF; border:0; border-radius:3px; box-shadow:0 0 1px 0 rgba(0,0,0,0.5),0 1px 10px 0 rgba(0,0,0,0.15); margin: 1px; max-width:540px; min-width:326px; padding:0; width:99.375%; width:-webkit-calc(100% - 2px); width:calc(100% - 2px);\"\/><p>\n&#13;<br \/>\n\tRodzina i przyjaciele \u017cegnaj\u0105 Roberta Carradine\u2019a<\/p>\n<p>&#13;<br \/>\n\tPoza aktorstwem Carradine pasjonowa\u0142 si\u0119 muzyk\u0105 i wy\u015bcigami samochodowymi. Gra\u0142 na gitarze, koncertowa\u0142 z bra\u0107mi, a w latach 80. wsp\u00f3\u0142tworzy\u0142 zesp\u00f3\u0142 The Waybacks. Jako kierowca wy\u015bcigowy w latach 90. startowa\u0142 na poziomie Grand Prix, b\u0119d\u0105c cz\u0142onkiem zespo\u0142u Lotus wraz z Paulem Newmanem.<\/p>\n<p>&#13;<br \/>\n\tPrywatnie by\u0142 oddanym ojcem i dziadkiem. Pozostawi\u0142 tr\u00f3jk\u0119 dzieci: c\u00f3rk\u0119 Ever (r\u00f3wnie\u017c aktork\u0119) oraz Marik\u0119 i Iana. Rodzina podkre\u015bla, \u017ce by\u0142 osob\u0105 niezwykle rodzinn\u0105, ciep\u0142\u0105 i pe\u0142n\u0105 \u017cyczliwo\u015bci. \u201eBy\u0142 oddany rodzinie ca\u0142ym sercem, przyjazny dla ka\u017cdego, kogo spotka\u0142 na swojej drodze, nie chowa\u0142 urazy, \u017cyczliwy, zabawny\u201d \u2013 wspominaj\u0105. Jego c\u00f3rka, aktorka Ever Carradine, napisa\u0142a w mediach spo\u0142eczno\u015bciowych: \u201eOdszed\u0142 m\u00f3j kochany, zabawny tata, kt\u00f3ry nigdy nie przegapi\u0142 okazji, by powiedzie\u0107 mi, jak bardzo mnie kocha. Zawsze wiedzia\u0142am, \u017ce mog\u0119 na niego liczy\u0107\u201d.<\/p>\n<p>&#13;<br \/>\n\tNachodz\u0105 ci\u0119 my\u015bli samob\u00f3jcze? Wydaje Ci si\u0119, \u017ce znajdujesz si\u0119 w sytuacji bez wyj\u015bcia? Pami\u0119taj, \u017ce s\u0105 osoby, kt\u00f3re chc\u0105 i mog\u0105 Ci pom\u00f3c. Dy\u017curuj\u0105 telefonicznie lub on-line:<br \/>&#13;<br \/>\n\t116 123 &#8211; kryzysowy telefon zaufania dla doros\u0142ych<br \/>&#13;<br \/>\n\t116 111 &#8211; telefon zaufania dla dzieci i m\u0142odzie\u017cy<br \/>&#13;<br \/>\n\t800 12 12 12 &#8211; Dzieci\u0119cy Telefon Zaufania Rzecznika Praw Dziecka<br \/>&#13;<br \/>\n\t800 70 2222 &#8211; Centrum Wsparcia dla Os\u00f3b Doros\u0142ych w Kryzysie Psychicznym<\/p>\n<p>&#13;<br \/>\n\t\u00a0<\/p>\n<p>\t\t\t\t\t\t<script async src=\"\/\/www.instagram.com\/embed.js\"><\/script><\/p>\n","protected":false},"excerpt":{"rendered":"Robert Carradine, ameryka\u0144ski aktor znany z film\u00f3w \u201eZemsta frajer\u00f3w\u201d, \u201eWielka czerwona jedynka\u201d oraz serialu \u201eLizzie McGuire\u201d, zmar\u0142 w&hellip;\n","protected":false},"author":2,"featured_media":278256,"comment_status":"","ping_status":"","sticky":false,"template":"","format":"standard","meta":{"footnotes":"","_share_on_mastodon":"0"},"categories":[22],"tags":[122,10773,42,38,40,39,41,46654,123],"class_list":["post-278255","post","type-post","status-publish","format-standard","has-post-thumbnail","category-rozrywka","tag-entertainment","tag-nie-zyje","tag-pl","tag-poland","tag-polish","tag-polska","tag-polski","tag-robert-carradine","tag-rozrywka"],"share_on_mastodon":{"url":"https:\/\/pubeurope.com\/@pl\/116131890638478350","error":""},"_links":{"self":[{"href":"https:\/\/www.europesays.com\/pl\/wp-json\/wp\/v2\/posts\/278255","targetHints":{"allow":["GET"]}}],"collection":[{"href":"https:\/\/www.europesays.com\/pl\/wp-json\/wp\/v2\/posts"}],"about":[{"href":"https:\/\/www.europesays.com\/pl\/wp-json\/wp\/v2\/types\/post"}],"author":[{"embeddable":true,"href":"https:\/\/www.europesays.com\/pl\/wp-json\/wp\/v2\/users\/2"}],"replies":[{"embeddable":true,"href":"https:\/\/www.europesays.com\/pl\/wp-json\/wp\/v2\/comments?post=278255"}],"version-history":[{"count":0,"href":"https:\/\/www.europesays.com\/pl\/wp-json\/wp\/v2\/posts\/278255\/revisions"}],"wp:featuredmedia":[{"embeddable":true,"href":"https:\/\/www.europesays.com\/pl\/wp-json\/wp\/v2\/media\/278256"}],"wp:attachment":[{"href":"https:\/\/www.europesays.com\/pl\/wp-json\/wp\/v2\/media?parent=278255"}],"wp:term":[{"taxonomy":"category","embeddable":true,"href":"https:\/\/www.europesays.com\/pl\/wp-json\/wp\/v2\/categories?post=278255"},{"taxonomy":"post_tag","embeddable":true,"href":"https:\/\/www.europesays.com\/pl\/wp-json\/wp\/v2\/tags?post=278255"}],"curies":[{"name":"wp","href":"https:\/\/api.w.org\/{rel}","templated":true}]}}