{"id":278606,"date":"2026-02-25T19:42:08","date_gmt":"2026-02-25T19:42:08","guid":{"rendered":"https:\/\/www.europesays.com\/pl\/278606\/"},"modified":"2026-02-25T19:42:08","modified_gmt":"2026-02-25T19:42:08","slug":"nalot-strazy-granicznej-na-hostele-w-warszawie-szesc-osob-zatrzymanych-onet","status":"publish","type":"post","link":"https:\/\/www.europesays.com\/pl\/278606\/","title":{"rendered":"Nalot Stra\u017cy Granicznej na hostele w Warszawie. Sze\u015b\u0107 os\u00f3b zatrzymanych &#8211; Onet"},"content":{"rendered":"<ol>\n<li><a href=\"https:\/\/news.google.com\/rss\/articles\/CBMixAFBVV95cUxPd21BbEJDRk1PWUlWdVlLaF9KMk1ZT2JzdXgtR2dmNWt4R1MwSXo2SDhYNUoxTWQ4dnFCT1E5Zy12UkNNTThLb0t5TlZLaXQ2Y0drVFM3QUdsMWpyay02TXNzU3BvWmZCaVJmWEhTQko2MkU2MHBhSWpzaTBvVHoxUF84VzRYN1NlTDE0amdEdHlwSzRXVk9EWC15cGtPYWNtMHRnc2QwREhXOWt6d0J6UU9pbGJHb0JfQTVxcDN3YTZEYWFQ?oc=5\" target=\"_blank\" rel=\"nofollow noopener\">Nalot Stra\u017cy Granicznej na hostele w Warszawie. Sze\u015b\u0107 os\u00f3b zatrzymanych<\/a>&nbsp;&nbsp;Onet<\/li>\n<li><a href=\"https:\/\/news.google.com\/rss\/articles\/CBMiogFBVV95cUxNSzVhWGdWWXBaYjBndEgySEJBRHA0cEM1dW9kMG9mMGpzN05Jd05BUkw1TWZobC1RU2lPaEF2WEF2OW44RTAyb21UcTJzdHgwUEpqTUlrNG80amoyVjdsVUhWRFpjZHNoQXJTTTRDSkJ2VEZtQ0RRUnBjaHVuRzdmWjFqejc4SlNNRVJESlNLWVkxUm50UFFnN1B5bjhlXzhybUE?oc=5\" target=\"_blank\" rel=\"nofollow noopener\">Lotnisko Chopina. Ich podr\u00f3\u017c zako\u0144czy\u0142a si\u0119 na lotnisku | TVN Warszawa<\/a>&nbsp;&nbsp;TVN24<\/li>\n<li><a href=\"https:\/\/news.google.com\/rss\/articles\/CBMivgFBVV95cUxOWkZ3Mjl3SWllclVmRDN4WlMxNEZQVUx4U1pJYklnbHdoaVpwb2paR0d4ZGdmcnhjZzY2RlNQOTJ3T1A3X1lLYk9KclpYdUh3VzcwQ0VOSGdFem9leWtfVEJyWlN1TXVJQ1RNZDk2QjUyaWVLRE15eG5XSXFZU0pCN3FuX0thb3luUFhNdmJ2Yk5EdHJ1bkNCQUJDWjVoMERKc0RiNXFXYjhGdXlPX0JhZkhBRUpYcEpZVUZfWC1R?oc=5\" target=\"_blank\" rel=\"nofollow noopener\">Gruzin, Uzbecy i Wenezuelczyk wydaleni z Polski. Warszawskie hostele pod okiem s\u0142u\u017cb<\/a>&nbsp;&nbsp;Warszawa.Wyborcza.pl<\/li>\n<li><a href=\"https:\/\/news.google.com\/rss\/articles\/CBMiugFBVV95cUxOWHdZQ3djQlpHLVZUN3JFWnRDeUdBdWdVU1c0Y3ZqeWZaZ3poUWlGaFZnTTlxbDlyUmI3OURBNW1HYjZRb056RGw2cDJxWlRnNWdLaUJKbHd5MDltdEtBbWFQbk5NY3UxZXNtc0pUNzJOQnhUQzZJSXlTd182TmNwTWF1THozQ2piMi1sc2JKYmJVN21CZ3p2aXVXWXU2U2tPblRjUHFETWlMeXcycHRDcjNndVczTURTcVE?oc=5\" target=\"_blank\" rel=\"nofollow noopener\">Skontrolowali kilka hosteli w Warszawie. Zatrzymali sze\u015bciu cudzoziemc\u00f3w<\/a>&nbsp;&nbsp;o2<\/li>\n<li><a href=\"https:\/\/news.google.com\/rss\/articles\/CBMitAFBVV95cUxNQzNwMlMzaHZCOWVqVmNHUk1MNE5yczM2TUlLQUJfcU1lODVuUU84TGxOWTdfdkZmSmNTUEVGcXYxTG5oQVpyajU3UllwTnF2cUJnblRaVW1XMGVmOVpzaG9IME14TXJ3cmtZcVBaVEZrSDJtRzI5YV9WbmNUN0d3bzJlMkFWbDdweDRUSE52NExQTHJsakJwcnFGV0R2TWVVaFBoLWoyc3VoYXRHQlN1ZmFlY18?oc=5\" target=\"_blank\" rel=\"nofollow noopener\">Weekend na Ok\u0119ciu. O\u015bmiu cudzoziemc\u00f3w nie zosta\u0142o wpuszczonych do Polski<\/a>&nbsp;&nbsp;WP Wiadomo\u015bci<\/li>\n<\/ol>\n","protected":false},"excerpt":{"rendered":"Nalot Stra\u017cy Granicznej na hostele w Warszawie. Sze\u015b\u0107 os\u00f3b zatrzymanych&nbsp;&nbsp;Onet Lotnisko Chopina. Ich podr\u00f3\u017c zako\u0144czy\u0142a si\u0119 na lotnisku&hellip;\n","protected":false},"author":2,"featured_media":278607,"comment_status":"","ping_status":"","sticky":false,"template":"","format":"standard","meta":{"footnotes":"","_share_on_mastodon":"0"},"categories":[12],"tags":[32,33,36,37,27,67,34,35,28,31,53,25,52,68,51,55,42,38,40,39,41,47,515,29,30,65,50,424,26],"class_list":["post-278606","post","type-post","status-publish","format-standard","has-post-thumbnail","category-polska","tag-breaking-news","tag-breakingnews","tag-featured-news","tag-featurednews","tag-headlines","tag-intextvideo_splayer","tag-latest-news","tag-latestnews","tag-naglowki","tag-najwazniejsze-artykuly","tag-new_header","tag-news","tag-onet3","tag-onet3d","tag-onet3d_2i","tag-phx","tag-pl","tag-poland","tag-polish","tag-polska","tag-polski","tag-screening_general","tag-straz_graniczna","tag-top-stories","tag-topstories","tag-update_me","tag-v2021","tag-warszawa_miasto","tag-wiadomosci"],"share_on_mastodon":{"url":"https:\/\/pubeurope.com\/@pl\/116132979901784046","error":""},"_links":{"self":[{"href":"https:\/\/www.europesays.com\/pl\/wp-json\/wp\/v2\/posts\/278606","targetHints":{"allow":["GET"]}}],"collection":[{"href":"https:\/\/www.europesays.com\/pl\/wp-json\/wp\/v2\/posts"}],"about":[{"href":"https:\/\/www.europesays.com\/pl\/wp-json\/wp\/v2\/types\/post"}],"author":[{"embeddable":true,"href":"https:\/\/www.europesays.com\/pl\/wp-json\/wp\/v2\/users\/2"}],"replies":[{"embeddable":true,"href":"https:\/\/www.europesays.com\/pl\/wp-json\/wp\/v2\/comments?post=278606"}],"version-history":[{"count":0,"href":"https:\/\/www.europesays.com\/pl\/wp-json\/wp\/v2\/posts\/278606\/revisions"}],"wp:featuredmedia":[{"embeddable":true,"href":"https:\/\/www.europesays.com\/pl\/wp-json\/wp\/v2\/media\/278607"}],"wp:attachment":[{"href":"https:\/\/www.europesays.com\/pl\/wp-json\/wp\/v2\/media?parent=278606"}],"wp:term":[{"taxonomy":"category","embeddable":true,"href":"https:\/\/www.europesays.com\/pl\/wp-json\/wp\/v2\/categories?post=278606"},{"taxonomy":"post_tag","embeddable":true,"href":"https:\/\/www.europesays.com\/pl\/wp-json\/wp\/v2\/tags?post=278606"}],"curies":[{"name":"wp","href":"https:\/\/api.w.org\/{rel}","templated":true}]}}