{"id":278653,"date":"2026-02-25T20:18:05","date_gmt":"2026-02-25T20:18:05","guid":{"rendered":"https:\/\/www.europesays.com\/pl\/278653\/"},"modified":"2026-02-25T20:18:05","modified_gmt":"2026-02-25T20:18:05","slug":"robert-telus-starl-sie-z-justyna-dobrosz-oracz-kamera-wszystko-nagrala","status":"publish","type":"post","link":"https:\/\/www.europesays.com\/pl\/278653\/","title":{"rendered":"Robert Telus star\u0142 si\u0119 z Justyn\u0105 Dobrosz-Oracz. Kamera wszystko nagra\u0142a"},"content":{"rendered":"<p class=\"Paragraph_desktopParagraph__U31Gm\">Jak pisali\u015bmy we wtorek, <a href=\"https:\/\/wiadomosci.onet.pl\/kraj\/rzecznik-pis-robert-telus-zostal-odwieszony-w-prawach-czlonka-partii\/j3kbb6b\" id=\"ff657970-093d-47f5-a478-618e48946908\" rel=\"nofollow noopener\" target=\"_blank\">po post\u0119powaniu wyja\u015bniaj\u0105cym minister rolnictwa w rz\u0105dzie PiS Robert Telus zosta\u0142 przywr\u00f3cony w prawach cz\u0142onka partii<\/a>. Sprawa dotyczy\u0142a wydanej pod koniec 2023 r. przez resort rolnictwa zgody na sprzeda\u017c jednej z dzia\u0142ek pod budow\u0119 kolei du\u017cych pr\u0119dko\u015bci, kt\u00f3ra ma po\u0142\u0105czy\u0107 Warszaw\u0119 z CPK (obecnie Port Polska).<\/p>\n<p class=\"VideoPlayerText_videoPlayerText__iDwyz\">Dalszy ci\u0105g materia\u0142u pod wideo<\/p>\n<ul class=\"OchatFollowUps_wrapper__1ry7X\">\n<li class=\"OchatFollowUps_item__Dhyly OchatFollowUps_itemDesktop__R6aBv\">Co dopytywa\u0142a Justyna Dobrosz-Oracz Roberta Telusa?<\/li>\n<li class=\"OchatFollowUps_item__Dhyly OchatFollowUps_itemDesktop__R6aBv\">Jak\u0105 zgod\u0119 podpisa\u0142 resort rolnictwa pod koniec 2023 roku?<\/li>\n<li class=\"OchatFollowUps_item__Dhyly OchatFollowUps_itemDesktop__R6aBv\">Co m\u00f3wi\u0142 Robert Telus o swojej niewinno\u015bci?<\/li>\n<li class=\"OchatFollowUps_item__Dhyly OchatFollowUps_itemDesktop__R6aBv\">Kiedy sfinalizowano przekazanie dzia\u0142ek do sp\u00f3\u0142ki CPK\/Port Polska?<\/li>\n<\/ul>\n<p>Justyna Dobrosz-Oracz pyta\u0142a Roberta Telusa o dzia\u0142k\u0119 pod CPK <\/p>\n<p class=\"Paragraph_desktopParagraph__U31Gm\">Dziennikarka TVP Info Justyna Dobrosz-Oracz o wyniku partyjnego rozstrzygni\u0119cia chcia\u0142a rozmawia\u0107 na sejmowych korytarzach z samym Robertem Telusem. Na opublikowanym na TikToku nagraniu wida\u0107, jak dziennikarka dopytuje polityka PiS, jak to si\u0119 sta\u0142o, \u017ce zosta\u0142 odwieszony.<\/p>\n<p class=\"Paragraph_desktopParagraph__U31Gm\">\u2014 By\u0142a d\u0142ugotrwa\u0142a kontrola. T\u0142umaczy\u0142em si\u0119 tak, jak by\u0142o, \u017ce sprawa nie dotyczy\u0142a mnie \u2014 m\u00f3wi\u0142 Telus.<\/p>\n<p class=\"Paragraph_desktopParagraph__U31Gm\">Jak przypomnia\u0142a dziennikarka, to jego zast\u0119pca podpisywa\u0142 dokumenty. \u2014 Nic nie powiedzia\u0142? \u2014 dopytywa\u0142a.<\/p>\n<p class=\"Paragraph_desktopParagraph__U31Gm\">\u2014 Nie musia\u0142 mi m\u00f3wi\u0107. Tak w ministerstwach jest, \u017ce wiceministrowie te\u017c odpowiadaj\u0105 za pewne rzeczy. Ja za to nie odpowiada\u0142em i m\u00f3wi\u0142em to mediom \u2014 odpowiada\u0142 Telus.<\/p>\n<p>Tak dziennikarce TVP Info odpowiedzia\u0142 Robert Telus <\/p>\n<p class=\"Paragraph_desktopParagraph__U31Gm\">Jak doda\u0142 polityk PiS, w sprawie jego zast\u0119pcy w ministerstwie, kt\u00f3ry podj\u0105\u0142 decyzj\u0119 odno\u015bnie do dzia\u0142ki, nale\u017cy rozmawia\u0107 z samym zainteresowanym. \u2014 Mi powiedzia\u0142, \u017ce nie jest winny \u2014 doda\u0142 Telus.<\/p>\n<p class=\"Paragraph_desktopParagraph__U31Gm\">\u2014 Ale pan mu nie wierzy. To, kto jest winny, je\u015bli nie pan i nie on? \u2014 docieka\u0142a Dobrosz-Oracz.<\/p>\n<p class=\"Paragraph_desktopParagraph__U31Gm\">Jak zaznaczy\u0142 polityk, dobrze, \u017ce partyjna kontrola si\u0119 ju\u017c sko\u0144czy\u0142a. \u2014 Dla mnie najwa\u017cniejsze jest to, \u017ce wszyscy dowiedzieli si\u0119, \u017ce jestem niewinny \u2014 m\u00f3wi\u0142 Telus.<\/p>\n<p class=\"Paragraph_desktopParagraph__U31Gm\">Jak pisa\u0142 Business Insider Polska, <a href=\"https:\/\/businessinsider.com.pl\/gospodarka\/kowr-odzyskal-kluczowe-dzialki-juz-trafily-w-rece-spolki-cpk\/82e8fzt\" id=\"25896957-691c-460a-a457-4829ca1d9f42\" rel=\"nofollow noopener\" target=\"_blank\">Krajowy O\u015brodek Wsparcia Rolnictwa odzyska\u0142 dzia\u0142ki, kt\u00f3re wcze\u015bniej zosta\u0142y sprzedane w kontrowersyjnych okoliczno\u015bciach<\/a>. 20 lutego 2026 r. sfinalizowano ich przekazanie do sp\u00f3\u0142ki CPK\/Port Polska.<\/p>\n","protected":false},"excerpt":{"rendered":"Jak pisali\u015bmy we wtorek, po post\u0119powaniu wyja\u015bniaj\u0105cym minister rolnictwa w rz\u0105dzie PiS Robert Telus zosta\u0142 przywr\u00f3cony w prawach&hellip;\n","protected":false},"author":2,"featured_media":278654,"comment_status":"","ping_status":"","sticky":false,"template":"","format":"standard","meta":{"footnotes":"","_share_on_mastodon":"0"},"categories":[5],"tags":[32,33,6121,36,37,66,27,67,9537,34,35,28,31,53,25,52,68,51,55,42,38,40,39,41,868,17650,47,29,30,3567,50,26],"class_list":["post-278653","post","type-post","status-publish","format-standard","has-post-thumbnail","category-naglowki","tag-breaking-news","tag-breakingnews","tag-centralny_port_komunikacyjny_cpk","tag-featured-news","tag-featurednews","tag-give_me_perspective","tag-headlines","tag-intextvideo_splayer","tag-justyna_dobrosz_oracz","tag-latest-news","tag-latestnews","tag-naglowki","tag-najwazniejsze-artykuly","tag-new_header","tag-news","tag-onet3","tag-onet3d","tag-onet3d_2i","tag-phx","tag-pl","tag-poland","tag-polish","tag-polska","tag-polski","tag-prawo_i_sprawiedliwosc_pis","tag-robert_telus","tag-screening_general","tag-top-stories","tag-topstories","tag-tvp_telewizja_polska","tag-v2021","tag-wiadomosci"],"share_on_mastodon":{"url":"","error":"Validation failed: Text character limit of 500 exceeded"},"_links":{"self":[{"href":"https:\/\/www.europesays.com\/pl\/wp-json\/wp\/v2\/posts\/278653","targetHints":{"allow":["GET"]}}],"collection":[{"href":"https:\/\/www.europesays.com\/pl\/wp-json\/wp\/v2\/posts"}],"about":[{"href":"https:\/\/www.europesays.com\/pl\/wp-json\/wp\/v2\/types\/post"}],"author":[{"embeddable":true,"href":"https:\/\/www.europesays.com\/pl\/wp-json\/wp\/v2\/users\/2"}],"replies":[{"embeddable":true,"href":"https:\/\/www.europesays.com\/pl\/wp-json\/wp\/v2\/comments?post=278653"}],"version-history":[{"count":0,"href":"https:\/\/www.europesays.com\/pl\/wp-json\/wp\/v2\/posts\/278653\/revisions"}],"wp:featuredmedia":[{"embeddable":true,"href":"https:\/\/www.europesays.com\/pl\/wp-json\/wp\/v2\/media\/278654"}],"wp:attachment":[{"href":"https:\/\/www.europesays.com\/pl\/wp-json\/wp\/v2\/media?parent=278653"}],"wp:term":[{"taxonomy":"category","embeddable":true,"href":"https:\/\/www.europesays.com\/pl\/wp-json\/wp\/v2\/categories?post=278653"},{"taxonomy":"post_tag","embeddable":true,"href":"https:\/\/www.europesays.com\/pl\/wp-json\/wp\/v2\/tags?post=278653"}],"curies":[{"name":"wp","href":"https:\/\/api.w.org\/{rel}","templated":true}]}}