{"id":279256,"date":"2026-02-26T07:02:07","date_gmt":"2026-02-26T07:02:07","guid":{"rendered":"https:\/\/www.europesays.com\/pl\/279256\/"},"modified":"2026-02-26T07:02:07","modified_gmt":"2026-02-26T07:02:07","slug":"juventus-wygral-ale-za-malo-krytyczna-decyzja-byla-czerwona-kartka-dla-lloyda-kellyego-sport-tvp-pl","status":"publish","type":"post","link":"https:\/\/www.europesays.com\/pl\/279256\/","title":{"rendered":"Juventus wygra\u0142, ale za ma\u0142o. Krytyczn\u0105 decyzj\u0105 by\u0142a czerwona kartka dla Lloyda Kelly\u2019ego &#8211; sport.tvp.pl"},"content":{"rendered":"<ol>\n<li><a href=\"https:\/\/news.google.com\/rss\/articles\/CBMiqAFBVV95cUxQVkMyOU5SWVoxNnFYa0VkMTFVQm5WSWI1YTZwQ3JaMnN0N1U5d1U3NFM1Vnl2MlA2ZmZubzdVcDZTbW1iang0NWlCRndzTnFwLW92dGZRdGhQc2tTcE4tSzRoZmYzWlpraXB4SWJzYUgtTG9HbXBXRlEtaURnVS1obmJzUF9aVmZNVnFUTjgzc21OSmhxY2Y2Tzk2NmZFUmNOazRXUG1xbU3SAa4BQVVfeXFMTVhWb3h0NGNsT2ZtV09nZFRhRDkyVUs0YV93cDJXSDRzR0oxUkJGQ1pKV3BvcUVFQm43T09rWTZNV3pVRnppLUxBWF9na2VkMHlKQmpSUGUzVjY5VGt0TlFncy1Ec01XdTQtaG1oSjF5djlDUnNXTENiRU1tT0c1LXl0eER1X0RWdW1ucVZUZE1PV3FXOEMzOEI1YV9EaWU1aWhNSlVkMXpTUmRyZU9R?oc=5\" target=\"_blank\" rel=\"nofollow noopener\">Juventus wygra\u0142, ale za ma\u0142o. Krytyczn\u0105 decyzj\u0105 by\u0142a czerwona kartka dla Lloyda Kelly\u2019ego<\/a>&nbsp;&nbsp;sport.tvp.pl<\/li>\n<li><a href=\"https:\/\/news.google.com\/rss\/articles\/CBMi1AFBVV95cUxPeVRja0UyYTlITWZfTHNEdEpCVkN5V2U4QzZaVGd0WlF0ZFgzd19uTGZYU0VXQ3FoVldIWXc1MWlsMm1LSWtCR1ozTjVjTHo2cXNIWXBBWjMxa0xjN2Z2WEJtc0xLN0tCSjZuVGxfRGMzMktFOTdiYW9SZDJhQ0R5ZXZoNUZUdnlRNjRsYWhiQm5Ia2NRWE5VZGU3WWtVdWlwNUt5Q0UzQmUyOWRSLXJQOFZEVzZJcHAwcjFSSTVwSGRpaWo4a3pHaXhraEJXU0tsSHV2UA?oc=5\" target=\"_blank\" rel=\"nofollow noopener\">12 bramek w dwumeczu! Gigant odpada z Ligi Mistrz\u00f3w. I to na takim etapie<\/a>&nbsp;&nbsp;Przegl\u0105d Sportowy<\/li>\n<li><a href=\"https:\/\/news.google.com\/rss\/articles\/CBMirgFBVV95cUxNcm1DZFVHdWZiZlJxa0M4SUJKMXREUVkyNmEwRlNzT1NabGpXUl9ISmhQemVhZU9QVGZ4d3Zzdm9vei1vRF8zREh5R3Nuc2UxbmRJTFNzNmVKbkQ0XzllUHRXeGtrZmJUS1NVSlU0aW5VQmxBYnByeHU5dXBnb09Tc2ZkRHZqMkNzSzMyRW0zMGRtdWxNVzBsVVhRYmh2dzFyRkJYSml5Z3hFUmtKVWc?oc=5\" target=\"_blank\" rel=\"nofollow noopener\">Ca\u0142y Juventus wpad\u0142 w furi\u0119 po decyzji polskiego s\u0119dziego. &#8222;Co ty wyprawiasz!&#8221;<\/a>&nbsp;&nbsp;Sport.pl<\/li>\n<li><a href=\"https:\/\/news.google.com\/rss\/articles\/CBMixwFBVV95cUxOdW9Mb3hOTXcyQnVlZGlnWDgxanFhaVRKRkh5bUdtUW5rYjIwc0VJYWpPaDBVSndwR3FjeGRWWnE5WXVlRHN6bzZwdVktOWFISWUzYy16R3J3S0huckFNV2ppWnJOMzNIeEY0LW14dFptZjlRR0F2TmpqTTlEUE4wX205S19tTXdKUF9LVjY0a19hUWtqaUc1SGlIR3VHZ21kcUdZZlo4RDU1ZVhuaGl0WVlMVTZuMFNvQVU0eG93bjJMUGpaZWxF?oc=5\" target=\"_blank\" rel=\"nofollow noopener\">Juventus by\u0142 o krok od cudu. Remontada mimo czerwonej kartki. Zab\u00f3jcze ciosy nadesz\u0142y w dogrywce<\/a>&nbsp;&nbsp;Sport Interia<\/li>\n<li><a href=\"https:\/\/news.google.com\/rss\/articles\/CBMitAFBVV95cUxNR2FCOHNUd2NYbVBkRFdrQ0M5Zk55djB4aTY1YjRIdUxiQ0dsYjZFSVFvV0FZV1FQTFdYQzNWSWI1eVllbUI1NHoxLUZ1RlBEdGhGVkpzN1poUXFPeWFsMjVGNXduelFjWklaRDc2bGFuV0gyMzlFdThPMllkRnFtLUpzRXJteW42bktjc1lKY0NUWFVuTUZMVTl2cVduZEtDaURJWlhnOEVIalVXa1JxMm5HUzI?oc=5\" target=\"_blank\" rel=\"nofollow noopener\">Emocje a\u017c do dogrywki. Dwa olbrzymie zwroty akcji w meczu Juventusu<\/a>&nbsp;&nbsp;SportoweFakty<\/li>\n<\/ol>\n","protected":false},"excerpt":{"rendered":"Juventus wygra\u0142, ale za ma\u0142o. Krytyczn\u0105 decyzj\u0105 by\u0142a czerwona kartka dla Lloyda Kelly\u2019ego&nbsp;&nbsp;sport.tvp.pl 12 bramek w dwumeczu! Gigant&hellip;\n","protected":false},"author":2,"featured_media":279257,"comment_status":"","ping_status":"","sticky":false,"template":"","format":"standard","meta":{"footnotes":"","_share_on_mastodon":"0"},"categories":[24],"tags":[46763,46760,46761,17795,998,46762,46764,269,42,38,40,39,41,4674,127,334,126,3181,12769,3180],"class_list":["post-279256","post","type-post","status-publish","format-standard","has-post-thumbnail","category-sport","tag-baris-alper-yilmaz","tag-galatasaray-stambul","tag-joao-pinheiro","tag-juventus-turyn","tag-liga-mistrzw","tag-lloyd-kelly","tag-luciano-spaletti","tag-pilka-nozna","tag-pl","tag-poland","tag-polish","tag-polska","tag-polski","tag-sedziowie-wideo","tag-sport","tag-sport-tvp-pl","tag-sports","tag-system-var","tag-tomasz-kwiatkowski","tag-var"],"share_on_mastodon":{"url":"https:\/\/pubeurope.com\/@pl\/116135653733843301","error":""},"_links":{"self":[{"href":"https:\/\/www.europesays.com\/pl\/wp-json\/wp\/v2\/posts\/279256","targetHints":{"allow":["GET"]}}],"collection":[{"href":"https:\/\/www.europesays.com\/pl\/wp-json\/wp\/v2\/posts"}],"about":[{"href":"https:\/\/www.europesays.com\/pl\/wp-json\/wp\/v2\/types\/post"}],"author":[{"embeddable":true,"href":"https:\/\/www.europesays.com\/pl\/wp-json\/wp\/v2\/users\/2"}],"replies":[{"embeddable":true,"href":"https:\/\/www.europesays.com\/pl\/wp-json\/wp\/v2\/comments?post=279256"}],"version-history":[{"count":0,"href":"https:\/\/www.europesays.com\/pl\/wp-json\/wp\/v2\/posts\/279256\/revisions"}],"wp:featuredmedia":[{"embeddable":true,"href":"https:\/\/www.europesays.com\/pl\/wp-json\/wp\/v2\/media\/279257"}],"wp:attachment":[{"href":"https:\/\/www.europesays.com\/pl\/wp-json\/wp\/v2\/media?parent=279256"}],"wp:term":[{"taxonomy":"category","embeddable":true,"href":"https:\/\/www.europesays.com\/pl\/wp-json\/wp\/v2\/categories?post=279256"},{"taxonomy":"post_tag","embeddable":true,"href":"https:\/\/www.europesays.com\/pl\/wp-json\/wp\/v2\/tags?post=279256"}],"curies":[{"name":"wp","href":"https:\/\/api.w.org\/{rel}","templated":true}]}}