{"id":279367,"date":"2026-02-26T08:25:10","date_gmt":"2026-02-26T08:25:10","guid":{"rendered":"https:\/\/www.europesays.com\/pl\/279367\/"},"modified":"2026-02-26T08:25:10","modified_gmt":"2026-02-26T08:25:10","slug":"uderzenie-w-mafie-smieciowa-wsrod-zatrzymanych-byly-burmistrz-i-prezesi-spolki","status":"publish","type":"post","link":"https:\/\/www.europesays.com\/pl\/279367\/","title":{"rendered":"Uderzenie w &#8222;mafi\u0119 \u015bmieciow\u0105&#8221;. W\u015br\u00f3d zatrzymanych by\u0142y burmistrz i prezesi sp\u00f3\u0142ki"},"content":{"rendered":"\n<p class=\"ods-o-frame-in-text__paragraph\">W skr\u00f3cie:<\/p>\n<ul class=\"ods-m-bullet-list\">\n<li class=\"ods-a-bullet ods-a-bullet--normal\"> CB\u015aP rozbi\u0142o mafi\u0119 \u015bmieciow\u0105, kt\u00f3ra nielegalnie sk\u0142adowa\u0142a odpady w dawnej \u017cwirowni w powiecie zambrowskim oraz na dzia\u0142ce pod Inowroc\u0142awiem <\/li>\n<li class=\"ods-a-bullet ods-a-bullet--normal\"> Grupa stworzy\u0142a system ochrony przed s\u0142u\u017cbami, monitoruj\u0105c ruch pojazd\u00f3w i nielegalnie korzystaj\u0105c z bazy CEPiK <\/li>\n<li class=\"ods-a-bullet ods-a-bullet--normal\"> \u015aledczy podkre\u015blaj\u0105, \u017ce dzia\u0142ania grupy zagra\u017ca\u0142y \u017cyciu ludzi i \u015brodowisku, a sprawa ma powa\u017cny wymiar dla bezpiecze\u0144stwa pa\u0144stwa <\/li>\n<\/ul>\n<p>   Na trop tej grupy przest\u0119pczej wpadli <a href=\"https:\/\/wiadomosci.onet.pl\/cbsp\" id=\"b4964150-90d1-4a6d-bc20-8eab48c94313\" rel=\"nofollow noopener\" target=\"_blank\">funkcjonariusze CB\u015aP<\/a>, dzia\u0142aj\u0105cy pod nadzorem Prokuratury Krajowej. Pierwszy etap dzia\u0142a\u0144, zainicjowany jesieni\u0105 ubieg\u0142ego roku, koncentrowa\u0142 si\u0119 na terenie wojew\u00f3dztwa podlaskiego. Policjanci, dzia\u0142aj\u0105c na polecenie \u0142\u00f3dzkiego pionu Prokuratury Krajowej, przeprowadzili szczeg\u00f3\u0142owe ogl\u0119dziny by\u0142ej \u017cwirowni w powiecie zambrowskim. Jak ustali\u0142 nieoficjalnie Onet, znajduje si\u0119 ona w pobli\u017cu miejscowo\u015bci Mroczki-Stylongi w gminie Szumowo.ZOBACZ R\u00d3WNIE\u017b: <a href=\"https:\/\/www.onet.pl\/informacje\/onetpoznan\/sluzby-rozbily-grupe-skladujaca-grozne-odpady-zakopywali-je-nocami-wideo\/whhstg0,79cfc278\" id=\"089e88d9-e17c-44da-80b4-6c51f38ecd37\" rel=\"nofollow noopener\" target=\"_blank\">S\u0142u\u017cby rozbi\u0142y grup\u0119 sk\u0142aduj\u0105c\u0105 gro\u017ane odpady. Zakopywali je nocami [WIDEO]<\/a>Pojemniki z oznakowaniem &#8222;materia\u0142 zaka\u017any&#8221; w dawnej \u017cwirowni   <\/p>\n<p>\u2014 Z ustale\u0144 \u015bledczych wynika, \u017ce teren ten zosta\u0142 nabyty przez grup\u0119 przest\u0119pcz\u0105 na tzw. s\u0142upa. Podczas dzia\u0142a\u0144 z udzia\u0142em bieg\u0142ego pod warstw\u0105 ziemi ujawniono pojemniki z oznakowaniem &#8222;materia\u0142 zaka\u017any&#8221;, dziesi\u0105tki plastikowych beczek i baniak\u00f3w z niezidentyfikowanymi substancjami, odpady komunalne oraz cmentarne \u2014 poinformowa\u0142 dzi\u015b kom. Krzysztof Wrze\u015bniowski, rzecznik CB\u015aP.<\/p>\n<p> Gdzie sk\u0142adowano nielegalne odpady? <\/p>\n<p> Kto by\u0142 w\u015br\u00f3d zatrzymanych? <\/p>\n<p> Co wykryto podczas przeszukania terenu? <\/p>\n<p> Jakie by\u0142y dzia\u0142ania grupy przest\u0119pczej? <\/p>\n<p>W tej sprawie pod koniec stycznia zatrzymano sze\u015b\u0107 os\u00f3b. Prokurator przedstawi\u0142 im zarzuty dotycz\u0105ce m.in. udzia\u0142u w zorganizowanej grupie przest\u0119pczej, nielegalnego post\u0119powania z odpadami o w\u0142a\u015bciwo\u015bciach kancerogennych, mutagennych i \u017cr\u0105cych. \u2014 Dzia\u0142ania te realnie zagra\u017ca\u0142y \u017cyciu i zdrowiu ludzkiemu oraz mog\u0142y spowodowa\u0107 zniszczenia w \u015bwiecie ro\u015blinnym i zwierz\u0119cym w znacznych rozmiarach \u2014 podkre\u015blaj\u0105 \u015bledczy.<\/p>\n<p>ZOBACZ R\u00d3WNIE\u017b: <a href=\"https:\/\/www.onet.pl\/informacje\/onetwiadomosci\/nielegalne-skladowiska-smieci-na-dolnym-slasku-znalezli-zagraniczne-odpady\/61qbwl7,79cfc278\" id=\"35332f6d-7402-4744-80d3-679544a6214c\" rel=\"nofollow noopener\" target=\"_blank\">Trzy nielegalne sk\u0142adowiska \u015bmieci. CB\u015aP ujawnia kulisy akcji, znaleziono zagraniczne odpady<\/a>   <\/p>\n<p>R\u00f3wnolegle CB\u015aP uderzy\u0142o w grup\u0119 dzia\u0142aj\u0105c\u0105 na terenie powiatu inowroc\u0142awskiego. Funkcjonariusze zatrzymali cztery osoby podejrzane o stworzenie mechanizmu nielegalnego deponowania i przetwarzania odpad\u00f3w na terenach gminnych. Spos\u00f3b dzia\u0142ania by\u0142 taki sam, jak pod Zambrowem \u2014 nielegalne \u015bmieci tu r\u00f3wnie\u017c sk\u0142adowane by\u0142y na jednej z dzia\u0142ek.<\/p>\n<p> <img decoding=\"async\" src=\"https:\/\/www.europesays.com\/pl\/wp-content\/uploads\/2026\/02\/-qpk9lBaHR0cHM6Ly9vY2RuLmV1L3B1bHNjbXMvTURBXy9iZWVhN2U1NmI1ZDM0ZWQxMDg4NjI2NWNiMDA5MjRhOS5qcGeRlQLNB.jpeg\" height=\"500\" width=\"750\" alt=\"Gro\u017ane odpady na terenie dawnej \u017cwirowni\" loading=\"lazy\" class=\"ods-c-image__img ods-c-image__img--viewport-width\"\/> <\/p>\n<p>Gro\u017ane odpady na terenie dawnej \u017cwirowniCB\u015aP \/ mat. prasowe<\/p>\n<p> W\u015br\u00f3d zatrzymanych by\u0142y burmistrz, prezesi sp\u00f3\u0142ki i w\u0142a\u015bcicielka ziemi<\/p>\n<p>\u2014 W\u015br\u00f3d zatrzymanych znale\u017ali si\u0119: by\u0142y burmistrz jednej z gmin powiatu inowroc\u0142awskiego, pe\u0142ni\u0105cy nadz\u00f3r nad gospodark\u0105 komunaln\u0105, dwaj byli prezesi gminnej sp\u00f3\u0142ki zarz\u0105dzaj\u0105cej gospodark\u0105 odpadami oraz w\u0142a\u015bcicielka nieruchomo\u015bci, kt\u00f3ra udost\u0119pni\u0142a teren pod nielegalny proceder \u2014 wylicza rzecznik CB\u015aP.<\/p>\n<p>ZOBACZ R\u00d3WNIE\u017b: <a href=\"https:\/\/wiadomosci.onet.pl\/warszawa\/sprzedawali-narkotyki-w-bramach-w-warszawie-policja-rozbila-grupe-przestepcza-wideo\/n0shtel\" id=\"7db12cdd-ebaa-445f-b528-a7e9f0b3be08\" rel=\"nofollow noopener\" target=\"_blank\">Sprzedawali narkotyki w bramach w Warszawie. Policja rozbi\u0142a grup\u0119 przest\u0119pcz\u0105 [WIDEO]<\/a>   <\/p>\n<p>Jak ustali\u0142 nieoficjalnie Onet, chodzi o by\u0142ego burmistrza gminy miejsko-wiejskiej Pako\u015b\u0107. To w tym mie\u015bcie dzia\u0142a\u0142a te\u017c sp\u00f3\u0142ka, kt\u00f3rej byli prezesi r\u00f3wnie\u017c zostali zatrzymani. Natomiast dzia\u0142ka, na kt\u00f3rej sk\u0142adowano nielegalne odpady, znajduje si\u0119 w Giebni.<\/p>\n<p>\u015aledztwo wykaza\u0142o, \u017ce cz\u0142onkowie grupy stworzyli system ochrony przed organami \u015bcigania. Monitorowali ruch pojazd\u00f3w policji oraz Inspekcji Ochrony \u015arodowiska (WIO\u015a i GIO\u015a). Co szczeg\u00f3lnie bulwersuje \u015bledczych, w spos\u00f3b nieuprawniony wykorzystywali te\u017c baz\u0119 Centralnej Ewidencji Pojazd\u00f3w i Kierowc\u00f3w (CEPiK) do weryfikacji numer\u00f3w rejestracyjnych pojazd\u00f3w mog\u0105cych nale\u017ce\u0107 do s\u0142u\u017cb.<\/p>\n<p> <img decoding=\"async\" src=\"https:\/\/www.europesays.com\/pl\/wp-content\/uploads\/2026\/02\/NIok9lBaHR0cHM6Ly9vY2RuLmV1L3B1bHNjbXMvTURBXy8wYWE2ZDNlMzE4NzMxYzlkNGQ5NzAxZWI2NTBlMWRiOS5qcGeRlQLNB.jpeg\" height=\"450\" width=\"300\" alt=\"Funkcjonariusze CB\u015aP zatrzymali \u0142\u0105cznie 10 os\u00f3b\" loading=\"lazy\" class=\"ods-c-image__img ods-c-image__img--vertical\"\/> <\/p>\n<p>Funkcjonariusze CB\u015aP zatrzymali \u0142\u0105cznie 10 os\u00f3bCB\u015aP \/ mat. prasowe<\/p>\n<p>\u2014 Nielegalne sk\u0142adowanie odpad\u00f3w to nie tylko przest\u0119pstwo przeciwko porz\u0105dkowi publicznemu, ale przede wszystkim uderzenie w fundamenty bezpiecze\u0144stwa pa\u0144stwa i obywateli. Dzia\u0142ania CB\u015aP w zakresie zwalczania przest\u0119pczo\u015bci \u015brodowiskowej b\u0119d\u0105 kontynuowane do pe\u0142nego rozliczenia os\u00f3b zaanga\u017cowanych w ten proceder \u2014 podkre\u015bla kom. Krzysztof Wrze\u015bniowski.<\/p>\n","protected":false},"excerpt":{"rendered":"W skr\u00f3cie: CB\u015aP rozbi\u0142o mafi\u0119 \u015bmieciow\u0105, kt\u00f3ra nielegalnie sk\u0142adowa\u0142a odpady w dawnej \u017cwirowni w powiecie zambrowskim oraz na&hellip;\n","protected":false},"author":2,"featured_media":279368,"comment_status":"","ping_status":"","sticky":false,"template":"","format":"standard","meta":{"footnotes":"","_share_on_mastodon":"0"},"categories":[5],"tags":[32,33,4383,36,37,27,34,35,18719,28,31,48,25,46770,46,42,38,414,40,39,41,1627,47,12171,29,30,435,26],"class_list":["post-279367","post","type-post","status-publish","format-standard","has-post-thumbnail","category-naglowki","tag-breaking-news","tag-breakingnews","tag-cbsp","tag-featured-news","tag-featurednews","tag-headlines","tag-latest-news","tag-latestnews","tag-mafia","tag-naglowki","tag-najwazniejsze-artykuly","tag-nat_styl","tag-news","tag-niebezpieczne_odpady","tag-omp","tag-pl","tag-poland","tag-policja","tag-polish","tag-polska","tag-polski","tag-prokuratura","tag-screening_general","tag-smieci","tag-top-stories","tag-topstories","tag-warszawa","tag-wiadomosci"],"share_on_mastodon":{"url":"https:\/\/pubeurope.com\/@pl\/116135980151868083","error":""},"_links":{"self":[{"href":"https:\/\/www.europesays.com\/pl\/wp-json\/wp\/v2\/posts\/279367","targetHints":{"allow":["GET"]}}],"collection":[{"href":"https:\/\/www.europesays.com\/pl\/wp-json\/wp\/v2\/posts"}],"about":[{"href":"https:\/\/www.europesays.com\/pl\/wp-json\/wp\/v2\/types\/post"}],"author":[{"embeddable":true,"href":"https:\/\/www.europesays.com\/pl\/wp-json\/wp\/v2\/users\/2"}],"replies":[{"embeddable":true,"href":"https:\/\/www.europesays.com\/pl\/wp-json\/wp\/v2\/comments?post=279367"}],"version-history":[{"count":0,"href":"https:\/\/www.europesays.com\/pl\/wp-json\/wp\/v2\/posts\/279367\/revisions"}],"wp:featuredmedia":[{"embeddable":true,"href":"https:\/\/www.europesays.com\/pl\/wp-json\/wp\/v2\/media\/279368"}],"wp:attachment":[{"href":"https:\/\/www.europesays.com\/pl\/wp-json\/wp\/v2\/media?parent=279367"}],"wp:term":[{"taxonomy":"category","embeddable":true,"href":"https:\/\/www.europesays.com\/pl\/wp-json\/wp\/v2\/categories?post=279367"},{"taxonomy":"post_tag","embeddable":true,"href":"https:\/\/www.europesays.com\/pl\/wp-json\/wp\/v2\/tags?post=279367"}],"curies":[{"name":"wp","href":"https:\/\/api.w.org\/{rel}","templated":true}]}}