{"id":279677,"date":"2026-02-26T11:32:07","date_gmt":"2026-02-26T11:32:07","guid":{"rendered":"https:\/\/www.europesays.com\/pl\/279677\/"},"modified":"2026-02-26T11:32:07","modified_gmt":"2026-02-26T11:32:07","slug":"jeden-region-ukrainy-stoi-rosjanom-na-drodze-nie-mozemy-byc-glupcami","status":"publish","type":"post","link":"https:\/\/www.europesays.com\/pl\/279677\/","title":{"rendered":"Jeden region Ukrainy stoi Rosjanom na drodze. &#8222;Nie mo\u017cemy by\u0107 g\u0142upcami&#8221;"},"content":{"rendered":"<p>Na razie nic nie wskazuje na to, aby Rosja i Ukraina mia\u0142y podpisa\u0107 jakiekolwiek porozumienie pokojowe. Jedn\u0105 z g\u0142\u00f3wnych ko\u015bci niezgody jest kwestia Donbasu. Rosja chce ca\u0142kowitego przej\u0119cia tego regionu i wycofania ukrai\u0144skich wojsk, kt\u00f3re kontroluj\u0105 jeszcze ok. 10 proc. obszaru, z kolei Kij\u00f3w proponuje zamro\u017cenie frontu na aktualnej linii walk.<\/p>\n<p> Dalszy ci\u0105g artyku\u0142u pod materia\u0142em wideo    <\/p>\n<p> Jakie rozmowy tocz\u0105 si\u0119 mi\u0119dzy Rosj\u0105 a Ukrain\u0105? <\/p>\n<p> Co jest g\u0142\u00f3wn\u0105 ko\u015bci\u0105 niezgody w rozmowach? <\/p>\n<p> Jak\u0105 propozycj\u0119 ma Ukraina w kwestii Donbasu? <\/p>\n<p> Co powiedzia\u0142 Ze\u0142enski na temat wycofania armii? <\/p>\n<p>Dop\u00f3ki \u017cadna ze stron nie zmieni swojego stanowiska w tej sprawie, mo\u017cna zapomnie\u0107 o pokoju, a twarde stanowisko Ukrainy obrazuje mapa, kt\u00f3ra pojawi\u0142a si\u0119 w\u0142a\u015bnie w mediach spo\u0142eczno\u015bciowych:<\/p>\n<p>    Ze\u0142enski: nie mo\u017cemy by\u0107 g\u0142upcamiPowy\u017csza mapa doskonale pokazuje, dlaczego Ukraina nie chce wycofa\u0107 si\u0119 z Donbasu. Jak widzimy, w cz\u0119\u015bci regionu kontrolowanym przez Ukrain\u0119, nasz s\u0105siad stworzy\u0142 ogromn\u0105 siatk\u0119 umocnie\u0144, dzi\u0119ki kt\u00f3rej mo\u017ce jeszcze przez wiele miesi\u0119cy skutecznie broni\u0107 si\u0119 przed zakusami Rosjan. Rosjan, kt\u00f3rzy <a href=\"https:\/\/wiadomosci.onet.pl\/swiat\/ukraina-ma-plan-zakonczenia-wojny-musza-osiagnac-skutecznosc-95-proc\/z14w3b9\" id=\"b5839c7e-525a-4e7c-911c-401126230886\" rel=\"nofollow noopener\" target=\"_blank\">p\u0142ac\u0105 za ka\u017cdy kilometr kw. Donbasu \u017cyciem 150 swoich \u017co\u0142nierzy.<\/a>   <\/p>\n<p>Symbolem powolnych post\u0119p\u00f3w Rosjan jest m.in. miasto Bachmut, r\u00f3wnie\u017c widoczne na powy\u017cszej mapie. Rosjanie przej\u0119li je w po\u0142owie maja 2023 r., a niemal trzy lata p\u00f3\u017aniej uda\u0142o im si\u0119 przesun\u0105\u0107 front zaledwie o ok. 10 km od tej miejscowo\u015bci. Nic wi\u0119c dziwnego, \u017ce w rozmowie z magazynem &#8222;Time&#8221; prezydent Ze\u0142enski kr\u00f3tko komentuje propozycj\u0119 Rosjan dotycz\u0105c\u0105 Donbasu:<\/p>\n<blockquote class=\"ods-o-quote\">\n<p class=\"ods-o-quote__paragraph\">Rosja chce, \u017ceby\u015bmy wycofali swoj\u0105 armi\u0119, ale my nie mo\u017cemy by\u0107 takimi g\u0142upcami. Nie jeste\u015bmy dzie\u0107mi. Walczymy z nimi od lat i nie mo\u017cemy po prostu odda\u0107 im naszego kraju na srebrnej tacy.<\/p>\n<\/blockquote>\n","protected":false},"excerpt":{"rendered":"Na razie nic nie wskazuje na to, aby Rosja i Ukraina mia\u0142y podpisa\u0107 jakiekolwiek porozumienie pokojowe. Jedn\u0105 z&hellip;\n","protected":false},"author":2,"featured_media":279678,"comment_status":"","ping_status":"","sticky":false,"template":"","format":"standard","meta":{"footnotes":"","_share_on_mastodon":"0"},"categories":[14],"tags":[32,33,2568,27,76,34,35,28,31,48,25,46,40,41,87,47,80,29,30,415,26,82,83,84],"class_list":["post-279677","post","type-post","status-publish","format-standard","has-post-thumbnail","category-swiat","tag-breaking-news","tag-breakingnews","tag-donbas","tag-headlines","tag-inwazja_rosji_na_ukraine","tag-latest-news","tag-latestnews","tag-naglowki","tag-najwazniejsze-artykuly","tag-nat_styl","tag-news","tag-omp","tag-polish","tag-polski","tag-rosja","tag-screening_general","tag-swiat","tag-top-stories","tag-topstories","tag-ukraina","tag-wiadomosci","tag-world","tag-world-news","tag-worldnews"],"share_on_mastodon":{"url":"https:\/\/pubeurope.com\/@pl\/116136715426339350","error":""},"_links":{"self":[{"href":"https:\/\/www.europesays.com\/pl\/wp-json\/wp\/v2\/posts\/279677","targetHints":{"allow":["GET"]}}],"collection":[{"href":"https:\/\/www.europesays.com\/pl\/wp-json\/wp\/v2\/posts"}],"about":[{"href":"https:\/\/www.europesays.com\/pl\/wp-json\/wp\/v2\/types\/post"}],"author":[{"embeddable":true,"href":"https:\/\/www.europesays.com\/pl\/wp-json\/wp\/v2\/users\/2"}],"replies":[{"embeddable":true,"href":"https:\/\/www.europesays.com\/pl\/wp-json\/wp\/v2\/comments?post=279677"}],"version-history":[{"count":0,"href":"https:\/\/www.europesays.com\/pl\/wp-json\/wp\/v2\/posts\/279677\/revisions"}],"wp:featuredmedia":[{"embeddable":true,"href":"https:\/\/www.europesays.com\/pl\/wp-json\/wp\/v2\/media\/279678"}],"wp:attachment":[{"href":"https:\/\/www.europesays.com\/pl\/wp-json\/wp\/v2\/media?parent=279677"}],"wp:term":[{"taxonomy":"category","embeddable":true,"href":"https:\/\/www.europesays.com\/pl\/wp-json\/wp\/v2\/categories?post=279677"},{"taxonomy":"post_tag","embeddable":true,"href":"https:\/\/www.europesays.com\/pl\/wp-json\/wp\/v2\/tags?post=279677"}],"curies":[{"name":"wp","href":"https:\/\/api.w.org\/{rel}","templated":true}]}}