{"id":280447,"date":"2026-02-26T20:41:09","date_gmt":"2026-02-26T20:41:09","guid":{"rendered":"https:\/\/www.europesays.com\/pl\/280447\/"},"modified":"2026-02-26T20:41:09","modified_gmt":"2026-02-26T20:41:09","slug":"nicole-konderla-juroszek-zawiesza-kariere-w-tle-zycie-z-miesiaca-na-miesiac-depresja-i-mobbing-sport-tvp-pl","status":"publish","type":"post","link":"https:\/\/www.europesays.com\/pl\/280447\/","title":{"rendered":"Nicole Konderla-Juroszek zawiesza karier\u0119. W tle \u017cycie z miesi\u0105ca na miesi\u0105c, depresja i mobbing &#8211; sport.tvp.pl"},"content":{"rendered":"<ol>\n<li><a href=\"https:\/\/news.google.com\/rss\/articles\/CBMiwgFBVV95cUxOeTYxYXVYTEs3b1g2Nkp5SEtGRzdtU25rb3hydGdJXzc1Mk1xdGI4VmJfa2hlM1BKUHhUUXpmQTgtU1JmWFlkYVc1bEZjM1JrYmtpbE9OaVRmVHZYUGk4MDF3Y19zd0dDbEFUYlpnWWFjQURzWmJrNUZNd21leHpKQnFCMHB6T3poeUdoZWFBc2RhYzVvVlBqZEphUzZuZk5iRGhxcVlaaUdVZUJJYkh3RTM3dllUaGZ1SHdmNFR0dzlJd9IBxwFBVV95cUxNR0dQZ2RkcWRhaWRvU185b0hWekRyVXY0TUVfc0Iyc2tBeC1hUXVFRGRpRGNUdkhPRXEwMjBQSThIRjdZaDJkLVVxRUFtWWJ1ZHk3Q0VYME9oVC14Mm04QmY0dUtqQ01MTFFWc2F5by1vVGdnNllJS3JyTUUtR3c4RHJULWljOHlPNUQyMUtuaWNZWHp1Z1JlVkdaMlA5NzF1S2pWY0xIUUVzNDJaTlc5cUlPMWFtWTgzZW8waTZzZjAzdzhKSlBz?oc=5\" target=\"_blank\" rel=\"nofollow noopener\">Nicole Konderla-Juroszek zawiesza karier\u0119. W tle \u017cycie z miesi\u0105ca na miesi\u0105c, depresja i mobbing<\/a>&nbsp;&nbsp;sport.tvp.pl<\/li>\n<li><a href=\"https:\/\/news.google.com\/rss\/articles\/CBMiygFBVV95cUxPWEcta2NYM2VuSHNtWURZWWpQdm5RWXZkQ3k4MHB0SGJQcG9ORlNzaXk2QTk3Vk9mUUF2T2F6bDRLeUFZNGZlZHFJZWJmVDgxV1phbkhyR0Q4Y3FEa05KUDlrY1ViZjlSd21COWYwWVJkVldFYUV4SjRYb1BQX2o1YWlMM2dhWG9nejBfbF8wTDVDTWxYb1BqbENXY2NvNnRPZnFuSWlBb0NTb1BwR25rdHlBZjB3RkhPV2ZRT3VrekZBNjhZNlBtQWdB?oc=5\" target=\"_blank\" rel=\"nofollow noopener\">Burza w skokach. Polska gwiazda wytacza powa\u017cne oskar\u017cenia<\/a>&nbsp;&nbsp;Przegl\u0105d Sportowy<\/li>\n<li><a href=\"https:\/\/news.google.com\/rss\/articles\/CBMitAFBVV95cUxPYUpDVVlOY05ZajBkd2NoRDVlaEl6NS0xaGhRZExyOXJkRGwyWU1DcjE4Ry1GX0RTcWw4MTZCZ2g2elVRc0ItaU5KajJwaU1hN1lHR3puNEtQTmpTRkRKYUNuU05wYjVrZGt2Z1lzS0t0c25rSV8tZFl2MTNaUWF6ZTVuSzNGd1hiVlRVdXByVjBlWldRWHVCLVV3cTFLUVhVd05BTzRwclZJVzh0NVRXOEhBSDk?oc=5\" target=\"_blank\" rel=\"nofollow noopener\">Poruszenie w polskich skokach. Gwiazda m\u00f3wi o mobbingu<\/a>&nbsp;&nbsp;Sport Interia<\/li>\n<li><a href=\"https:\/\/news.google.com\/rss\/articles\/CBMipgFBVV95cUxPMFFmNmJXdnUtSGttQk1zOU91SEVHeW5MUG5QRUxsNzU0MHJMZFhIUWdJbHNfRjBFNU1yUmRlYXpYdHkzeHBqR3h4Z1VMTEdVcHdjWkM1UVZ0R2QwMGIxZzU2aTJIdjJGbGRtSXV1c09ockdnMW5HcGJHZzhJdU9rVmF3a0dUdUx5SVpBS09NSm1Obkc5U051QmlKMGZqeWJlS1ctc3d3?oc=5\" target=\"_blank\" rel=\"nofollow noopener\">Polka zawiesi\u0142a karier\u0119 w wieku 24 lat. Przykre powody<\/a>&nbsp;&nbsp;Meczyki.pl<\/li>\n<li><a href=\"https:\/\/news.google.com\/rss\/articles\/CBMivgFBVV95cUxPTGVieEhSWHplcHRsRnJxWTg2QndQc0U3MGZCZWZWUERnZGlFcmktMlU1VVJOUC1EdTVzdlA2TVVaa21LOVQ0VHRRVkpMWXV3bFM4UXZlSG9qWHc2TlVUYkpYdVYtVDNqZnpYZFc3MkttOFZQOU5yU0pmWGlacHJ5ZS0td2I5WXdFRnhWUjBiUHllb3VBb3VENnJyUEdFU1BSX00xVFdQcW1vVTR2cmxTTnk4ZUZfbkFNLU41TnBR0gGrAUFVX3lxTFBNclFVQUNVOFRmdGlhVjBJZEVJUVY1aFNTT3FlRGtIbmItTEZEZkNkVUxzR3VWZkdwTzN5cmU2RkxkOWEwcUN0bFdGaXFnc3NkUHF6UVVDanhFMjM3dHpEdW16bl9Pc1F5WWU4SC1PT09iVkQ0ZFZlbjltOUI2YkRDOERibXhEQ2N2bFl2bGR1clFuaWNGT3p6NmszSnpTek12bm50VExmdDNuQQ?oc=5\" target=\"_blank\" rel=\"nofollow noopener\">Polska olimpijka zawiesi\u0142a swoj\u0105 karier\u0119! Szokuj\u0105ce kulisy igrzysk<\/a>&nbsp;&nbsp;Sport Wprost<\/li>\n<\/ol>\n","protected":false},"excerpt":{"rendered":"Nicole Konderla-Juroszek zawiesza karier\u0119. W tle \u017cycie z miesi\u0105ca na miesi\u0105c, depresja i mobbing&nbsp;&nbsp;sport.tvp.pl Burza w skokach. Polska&hellip;\n","protected":false},"author":2,"featured_media":280448,"comment_status":"","ping_status":"","sticky":false,"template":"","format":"standard","meta":{"footnotes":"","_share_on_mastodon":"0"},"categories":[24],"tags":[46888,24376,26296,42,38,40,39,41,1538,127,334,126],"class_list":["post-280447","post","type-post","status-publish","format-standard","has-post-thumbnail","category-sport","tag-harald-rodlauer","tag-marcin-bachleda","tag-nicole-konderla-juroszek","tag-pl","tag-poland","tag-polish","tag-polska","tag-polski","tag-skoki-narciarskie","tag-sport","tag-sport-tvp-pl","tag-sports"],"share_on_mastodon":{"url":"https:\/\/pubeurope.com\/@pl\/116138874221112604","error":""},"_links":{"self":[{"href":"https:\/\/www.europesays.com\/pl\/wp-json\/wp\/v2\/posts\/280447","targetHints":{"allow":["GET"]}}],"collection":[{"href":"https:\/\/www.europesays.com\/pl\/wp-json\/wp\/v2\/posts"}],"about":[{"href":"https:\/\/www.europesays.com\/pl\/wp-json\/wp\/v2\/types\/post"}],"author":[{"embeddable":true,"href":"https:\/\/www.europesays.com\/pl\/wp-json\/wp\/v2\/users\/2"}],"replies":[{"embeddable":true,"href":"https:\/\/www.europesays.com\/pl\/wp-json\/wp\/v2\/comments?post=280447"}],"version-history":[{"count":0,"href":"https:\/\/www.europesays.com\/pl\/wp-json\/wp\/v2\/posts\/280447\/revisions"}],"wp:featuredmedia":[{"embeddable":true,"href":"https:\/\/www.europesays.com\/pl\/wp-json\/wp\/v2\/media\/280448"}],"wp:attachment":[{"href":"https:\/\/www.europesays.com\/pl\/wp-json\/wp\/v2\/media?parent=280447"}],"wp:term":[{"taxonomy":"category","embeddable":true,"href":"https:\/\/www.europesays.com\/pl\/wp-json\/wp\/v2\/categories?post=280447"},{"taxonomy":"post_tag","embeddable":true,"href":"https:\/\/www.europesays.com\/pl\/wp-json\/wp\/v2\/tags?post=280447"}],"curies":[{"name":"wp","href":"https:\/\/api.w.org\/{rel}","templated":true}]}}