{"id":282014,"date":"2026-02-27T19:59:10","date_gmt":"2026-02-27T19:59:10","guid":{"rendered":"https:\/\/www.europesays.com\/pl\/282014\/"},"modified":"2026-02-27T19:59:10","modified_gmt":"2026-02-27T19:59:10","slug":"sejm-zdecydowal-w-sprawie-wyboru-sedziow-do-krs-2","status":"publish","type":"post","link":"https:\/\/www.europesays.com\/pl\/282014\/","title":{"rendered":"Sejm zdecydowa\u0142 w sprawie wyboru s\u0119dzi\u00f3w do KRS"},"content":{"rendered":"<p><a href=\"https:\/\/wiadomosci.onet.pl\/kraj\/oto-plan-sejmu-na-wybor-skladu-krs-pojawil-sie-projekt-uchwaly\/tdbzb4m\" id=\"4f3db9fd-32d6-4da4-b14a-950c25d42442\" rel=\"nofollow noopener\" target=\"_blank\">Za przyj\u0119ciem uchwa\u0142y<\/a> g\u0142osowa\u0142o 237 pos\u0142\u00f3w, 199 by\u0142o przeciw, nikt nie wstrzyma\u0142 si\u0119 od g\u0142osu.<\/p>\n<p>Podczas g\u0142osowa\u0144 Sejm nie uwzgl\u0119dni\u0142 wniosku PiS o odrzucenie uchwa\u0142y, natomiast przyj\u0105\u0142 poprawki doprecyzowuj\u0105ce tre\u015b\u0107 uchwa\u0142y.<\/p>\n<p> Dalszy ci\u0105g artyku\u0142u pod materia\u0142em wideo    <\/p>\n<p> Jakie g\u0142osowanie mia\u0142o miejsce w Sejmie? <\/p>\n<p> Ile pos\u0142\u00f3w by\u0142o za przyj\u0119ciem uchwa\u0142y? <\/p>\n<p> Co m\u00f3wi\u0142 Zbigniew Bogucki na temat uchwa\u0142y? <\/p>\n<p> Kto odpowiedzia\u0142 Boguckiemu z sejmowej m\u00f3wnicy? <\/p>\n<p>  PiS przeciw uchwale, \u017burek kontrujeJeszcze przed g\u0142osowaniem nad uchwa\u0142\u0105 w Sejmie g\u0142os zabra\u0142 <a href=\"https:\/\/wiadomosci.onet.pl\/kraj\/zbigniew-bogucki-o-ustawie-krs-to-byl-bubel-prawny\/fssv0k6\" id=\"207c68e5-7a4b-450b-b49d-efabb3bafb97\" rel=\"nofollow noopener\" target=\"_blank\">szef Kancelarii Prezydenta RP Zbigniew Bogucki<\/a>. Powo\u0142uj\u0105c si\u0119 na art. 77 konstytucji, m\u00f3wi\u0105cy o \u017ar\u00f3d\u0142ach prawa w Polsce, stwierdzi\u0142 on, \u017ce uchwa\u0142a Sejmu nie b\u0119dzie mia\u0142a \u017cadnej mocy prawnej. Doda\u0142, \u017ce ustawa z 2017 r. przesz\u0142a pe\u0142ny proces legislacyjny i nie zosta\u0142a nigdy zakwestionowana.<\/p>\n<p>Bogucki stwierdzi\u0142 te\u017c, \u017ce uchwa\u0142a, w kt\u00f3rej jest apel do s\u0119dzi\u00f3w o udzia\u0142 w procesie wybor\u00f3w do KRS, stoi w sprzeczno\u015bci z przepisami m\u00f3wi\u0105cymi, \u017ce s\u0119dziowie maj\u0105 dzia\u0142a\u0107 w granicach i na podstawie prawa. Zarzuci\u0142 te\u017c szefowi MS i prokuratorowi generalnymi Waldemarowi \u017burkowi, \u017ce nie zajmuje si\u0119 wa\u017cnym kwestiami takimi jak prokuratorzy &#8222;\u015bcigaj\u0105cy obro\u0144c\u00f3w polskich granic&#8221;.<\/p>\n<p>Jak oceni\u0142, polityka \u017burka i rz\u0105du w dziedzinie praworz\u0105dno\u015bci to &#8222;liche i n\u0119dzne rz\u0119\u017cenie cymba\u0142k\u00f3w bezprawia&#8221; zamiast obiecywanego przez rz\u0105dz\u0105cych wyborcom &#8222;koncertu praworz\u0105dno\u015bci&#8221;.<\/p>\n<p>Boguckiemu odpowiedzia\u0142 z sejmowej m\u00f3wnicy \u017burek, kt\u00f3remu towarzyszy\u0142y okrzyki pos\u0142\u00f3w prawicy, m.in. &#8222;b\u0119dziesz siedzia\u0142&#8221;. Szef MS Waldemar \u017burek stwierdzi\u0142, \u017ce Sejm ma prawo podejmowa\u0107 uchwa\u0142y w ka\u017cdej wa\u017cnej sprawie, a uchwa\u0142a i jej realizacja mie\u015bci si\u0119 w przepisach przyj\u0119tej za rz\u0105d\u00f3w PiS ustawy o KRS. Zarzuci\u0142 te\u017c Boguckiemu, \u017ce ten straszy prezes\u00f3w s\u0105d\u00f3w, kt\u00f3rzy mog\u0105 jednak\u017ce na mocy przepis\u00f3w zwo\u0142ywa\u0107 zgromadzenia s\u0119dziowskie w ka\u017cdej sprawie \u2014 tak\u017ce np. wybor\u00f3w do KRS.<\/p>\n<p>Ministrowi sprawiedliwo\u015bci odpowiedzia\u0142 Bogucki, kt\u00f3ry stwierdzi\u0142, \u017ce celem uchwa\u0142y jest przej\u0119cie w\u0142adzy nad KRS i s\u0105dami przez &#8222;korporacyjno-polityczny uk\u0142ad&#8221;.<\/p>\n","protected":false},"excerpt":{"rendered":"Za przyj\u0119ciem uchwa\u0142y g\u0142osowa\u0142o 237 pos\u0142\u00f3w, 199 by\u0142o przeciw, nikt nie wstrzyma\u0142 si\u0119 od g\u0142osu. Podczas g\u0142osowa\u0144 Sejm&hellip;\n","protected":false},"author":2,"featured_media":244520,"comment_status":"","ping_status":"","sticky":false,"template":"","format":"standard","meta":{"footnotes":"","_share_on_mastodon":"0"},"categories":[12],"tags":[32,33,36,37,27,49,1381,34,35,28,31,48,25,46,42,38,40,39,41,412,47,5485,29,30,26],"class_list":["post-282014","post","type-post","status-publish","format-standard","has-post-thumbnail","category-polska","tag-breaking-news","tag-breakingnews","tag-featured-news","tag-featurednews","tag-headlines","tag-kraj","tag-krs","tag-latest-news","tag-latestnews","tag-naglowki","tag-najwazniejsze-artykuly","tag-nat_styl","tag-news","tag-omp","tag-pl","tag-poland","tag-polish","tag-polska","tag-polski","tag-prawo_sady_prawnicy","tag-screening_general","tag-sejm_rp","tag-top-stories","tag-topstories","tag-wiadomosci"],"share_on_mastodon":{"url":"https:\/\/pubeurope.com\/@pl\/116144371385814881","error":""},"_links":{"self":[{"href":"https:\/\/www.europesays.com\/pl\/wp-json\/wp\/v2\/posts\/282014","targetHints":{"allow":["GET"]}}],"collection":[{"href":"https:\/\/www.europesays.com\/pl\/wp-json\/wp\/v2\/posts"}],"about":[{"href":"https:\/\/www.europesays.com\/pl\/wp-json\/wp\/v2\/types\/post"}],"author":[{"embeddable":true,"href":"https:\/\/www.europesays.com\/pl\/wp-json\/wp\/v2\/users\/2"}],"replies":[{"embeddable":true,"href":"https:\/\/www.europesays.com\/pl\/wp-json\/wp\/v2\/comments?post=282014"}],"version-history":[{"count":0,"href":"https:\/\/www.europesays.com\/pl\/wp-json\/wp\/v2\/posts\/282014\/revisions"}],"wp:featuredmedia":[{"embeddable":true,"href":"https:\/\/www.europesays.com\/pl\/wp-json\/wp\/v2\/media\/244520"}],"wp:attachment":[{"href":"https:\/\/www.europesays.com\/pl\/wp-json\/wp\/v2\/media?parent=282014"}],"wp:term":[{"taxonomy":"category","embeddable":true,"href":"https:\/\/www.europesays.com\/pl\/wp-json\/wp\/v2\/categories?post=282014"},{"taxonomy":"post_tag","embeddable":true,"href":"https:\/\/www.europesays.com\/pl\/wp-json\/wp\/v2\/tags?post=282014"}],"curies":[{"name":"wp","href":"https:\/\/api.w.org\/{rel}","templated":true}]}}