{"id":282021,"date":"2026-02-27T20:05:16","date_gmt":"2026-02-27T20:05:16","guid":{"rendered":"https:\/\/www.europesays.com\/pl\/282021\/"},"modified":"2026-02-27T20:05:16","modified_gmt":"2026-02-27T20:05:16","slug":"zostawia-swoja-dziewczyne-w-gorach-ona-zamarza-skulona-jak-dziecko-podczas-snu","status":"publish","type":"post","link":"https:\/\/www.europesays.com\/pl\/282021\/","title":{"rendered":"Zostawia swoj\u0105 dziewczyn\u0119 w g\u00f3rach \u2013 ona zamarza skulona jak dziecko podczas snu"},"content":{"rendered":"<p>Na sali s\u0105dowej oskar\u017ceni rzadko wygl\u0105daj\u0105 na przest\u0119pc\u00f3w. Nie inaczej jest z Thomasem P. \u2014 niebieska marynarka, przystrzy\u017cona broda \u2014 kt\u00f3ry siedzi zgarbiony przed s\u0119dzi\u0105 w sali s\u0105du krajowego w Innsbrucku. Za nim zasiada 80 os\u00f3b publiczno\u015bci, a na \u015bcianie dominuje ogromny metalowy orze\u0142 \u2014 god\u0142o Austrii. \u2014 Jak si\u0119 pan czuje? \u2014 pyta s\u0119dzia Norbert Hofer. \u2014 Niedobrze \u2014 odpowiada oskar\u017cony.<\/p>\n<p>Po og\u0142oszeniu wyroku Thomas P. mo\u017ce odetchn\u0105\u0107 z ulg\u0105. Zamiast gro\u017c\u0105cych mu trzech lat wi\u0119zienia za nieumy\u015blne spowodowanie \u015bmierci, Hofer wymierza mu zaledwie pi\u0119\u0107 miesi\u0119cy w zawieszeniu oraz grzywn\u0119 w wysoko\u015bci 9600 euro.<\/p>\n<p>Prokuratura zarzuca\u0142a mieszka\u0144cowi Salzburga, \u017ce 18 stycznia 2025 r. wraz z partnerk\u0105 Kerstin G. wybra\u0142 si\u0119 na wspinaczk\u0119 na Grossglockner, na co m\u0142oda kobieta nie by\u0142a przygotowana. Tu\u017c przed szczytem zostawi\u0142 j\u0105 sam\u0105, by poszuka\u0107 pomocy. Tam zmar\u0142a z wych\u0142odzenia.<\/p>\n<p>M\u0119\u017cczyzna nie wzi\u0105\u0142 pod uwag\u0119 niewielkiego do\u015bwiadczenia kobiety \u2014 nie bra\u0142a dot\u0105d udzia\u0142u w tak trudnej zimowej wyprawie. Wyruszyli za p\u00f3\u017ano, nie mieli ze sob\u0105 sprz\u0119tu awaryjnego: biwaku czy powerbanku do telefonu. Kerstin G. sz\u0142a po wysokog\u00f3rskim terenie w nieodpowiednich, mi\u0119kkich butach snowboardowych. Gdy by\u0142o ju\u017c jasne, \u017ce robi\u0105 zbyt ma\u0142o przewy\u017cszenia na godzin\u0119, Thomas P. powinien by\u0142 zawr\u00f3ci\u0107 \u2014 najp\u00f3\u017aniej przy tzw. Fr\u00fchstucksplatzl, 250 metr\u00f3w poni\u017cej wierzcho\u0142ka. Dalej zaczyna\u0142 si\u0119 najtrudniejszy i najbardziej czasoch\u0142onny odcinek trasy.<\/p>\n<p>Wed\u0142ug prokuratury Thomas P. z pe\u0142n\u0105 \u015bwiadomo\u015bci\u0105 wprowadzi\u0142 partnerk\u0119 w \u015bmiertelne niebezpiecze\u0144stwo. Powinien by\u0142 wezwa\u0107 pomoc przed zapadni\u0119ciem zmroku, a ju\u017c na pewno od godziny 20:50, kiedy Kerstin G. nie by\u0142a w stanie i\u015b\u0107 dalej i osun\u0119\u0142a si\u0119 na ziemi\u0119. Gdy o 22:50 policyjny \u015bmig\u0142owiec wystartowa\u0142, by sprawdzi\u0107 sytuacj\u0119 \u2014 ich czo\u0142\u00f3wki by\u0142y widoczne na kamerze g\u00f3rskiego pogotowia \u2014 para zignorowa\u0142a helikopter.<\/p>\n<p>Po kilku nieudanych pr\u00f3bach kontaktu ze strony policji, Thomas P. skontaktowa\u0142 si\u0119 z policj\u0105 g\u00f3rsk\u0105 o 0:35. Relacje z tej rozmowy s\u0105 sprzeczne: wed\u0142ug Thomas P. prosi\u0142 o pomoc, ale policjant mia\u0142 stwierdzi\u0107, \u017ce \u015bmig\u0142owiec i tak nie wystartuje i poradzi\u0142, by nie przestawa\u0142 si\u0119 rusza\u0107. Z kolei funkcjonariusz twierdzi, \u017ce P. odrzuci\u0142 mo\u017cliwo\u015b\u0107 pomocy. Dopiero o 3:30, gdy wraca\u0142 ju\u017c sam \u0142atwiejsz\u0105 tras\u0105, zadzwoni\u0142 po s\u0142u\u017cby ratunkowe.<\/p>\n<blockquote class=\"ods-o-quote\">\n<p class=\"ods-o-quote__paragraph\">Zarzut obejmuje r\u00f3wnie\u017c to, \u017ce Thomas P. nie zadba\u0142 o bezpiecze\u0144stwo partnerki \u2014 nie przeni\u00f3s\u0142 jej w os\u0142oni\u0119te miejsce, by uchroni\u0107 j\u0105 przed wyzi\u0119bieniem. Zanim zostawi\u0142 j\u0105 oko\u0142o drugiej w nocy, powinien by\u0142 owin\u0105\u0107 j\u0105 foli\u0105 ratunkow\u0105 i zabra\u0107 jej ci\u0119\u017cki plecak.<\/p>\n<\/blockquote>\n<p>Wszystko to doprowadzi\u0142o do uznania Thomasa P. za winnego nieumy\u015blnego spowodowania \u015bmierci \u2014 przest\u0119pstwa zagro\u017conego w Austrii kar\u0105 do trzech lat wi\u0119zienia. Prokuratura uzna\u0142a, \u017ce 37-latek by\u0142 organizatorem i liderem wyprawy. Sam przyzna\u0142 policji, \u017ce przygotowa\u0142 wej\u015bcie \u2014 nie zdaj\u0105c sobie sprawy, \u017ce tym samym obci\u0105\u017ca si\u0119 przy dalszym post\u0119powaniu, bo pocz\u0105tkowo przes\u0142uchiwano go tylko jako \u015bwiadka.<\/p>\n<p>Rodzice podkre\u015blaj\u0105 &#8222;samodzielno\u015b\u0107&#8221; c\u00f3rki<\/p>\n<p>Przed s\u0105dem Thomas P. opisuje wydarzenia inaczej. \u2014 Jest mi niewymownie przykro z powodu tego, co si\u0119 sta\u0142o \u2014 m\u00f3wi na pocz\u0105tku rozprawy.<\/p>\n<p>Jego adwokat Kurt Jelinek podkre\u015bla brak wiedzy swojego klienta. \u2014 Nie jest wykwalifikowanym przewodnikiem g\u00f3rskim, wi\u0119c nie m\u00f3g\u0142 ponosi\u0107 odpowiedzialno\u015bci. Czy w og\u00f3le mo\u017cna by\u0107 odpowiedzialnym za osob\u0119, kt\u00f3r\u0105 zabiera si\u0119 na wspinaczk\u0119? To kluczowe pytanie \u2014 przekonuje prawnik.<\/p>\n<p>Zar\u00f3wno P., jak i jego obro\u0144ca, podkre\u015blaj\u0105, \u017ce Kerstin G. by\u0142a uparta i samodzielna, bardzo zale\u017ca\u0142o jej na podejmowaniu w\u0142asnych decyzji i nigdy nie podporz\u0105dkowywa\u0142a si\u0119 nikomu. Dostaj\u0105 przy tym nieoczekiwane wsparcie \u2014 r\u00f3wnie\u017c rodzice zmar\u0142ej zeznaj\u0105 jako \u015bwiadkowie, \u017ce ich c\u00f3rka by\u0142a &#8222;siln\u0105 osobowo\u015bci\u0105, kt\u00f3ra sama podejmowa\u0142a decyzje&#8221;, jak m\u00f3wi matka.<\/p>\n<blockquote class=\"ods-o-quote\">\n<p class=\"ods-o-quote__paragraph\">\u2014 Zawsze bra\u0142a odpowiedni sprz\u0119t, kiedy rusza\u0142a w g\u00f3ry \u2014 zapewnia z m\u00f3wnicy.<\/p>\n<\/blockquote>\n<p>Mama i c\u00f3rka mia\u0142y umow\u0119: za ka\u017cdym razem, gdy Kerstin G. ko\u0144czy\u0142a wspinaczk\u0119 i by\u0142a ju\u017c &#8222;poza stref\u0105 zagro\u017cenia&#8221;, mia\u0142a si\u0119 z ni\u0105 skontaktowa\u0107. Rzeczywi\u015bcie, 18 stycznia o 18:07 Kerstin wys\u0142a\u0142a mamie wiadomo\u015b\u0107 na WhatsAppie: &#8222;Sko\u0144czyli\u015bmy tras\u0119 i bezpiecznie dotarli\u015bmy&#8221;. To nie by\u0142a prawda \u2014 wtedy dopiero wchodzili z P. na St\u00fcdlgrat, strome podej\u015bcie skalne na szczyt.<\/p>\n<p>Na dw\u00f3ch ekranach na sali wy\u015bwietlono map\u0119 Grossglockner z zaznaczonymi trasami. Nawet laicy widz\u0105, jak strome s\u0105 tamtejsze drogi. 18 stycznia temperatura wynosi\u0142a minus osiem stopni, wia\u0142 lodowaty wiatr w porywach do 80 km na godz., co wed\u0142ug prognoz oznacza\u0142o odczuwalnie minus 20 stopni. Taka aura to warunki dla profesjonalnych alpinist\u00f3w \u2014 je\u015bli w og\u00f3le.<\/p>\n<p>Alpini\u015bci na Grossglocknerze musz\u0105 pokonywa\u0107 400 metr\u00f3w przewy\u017cszenia na godzin\u0119, inaczej zabraknie im czasu. Przy okre\u015blonych punktach orientacyjnych sprawdzaj\u0105, czy s\u0105 w planie. Je\u015bli nie \u2014 musz\u0105 zawr\u00f3ci\u0107. W tym przypadku oboje znacz\u0105co odstali od planu; pod koniec poruszali si\u0119 zaledwie po kilka metr\u00f3w na godzin\u0119.<\/p>\n<p>Thomas P. t\u0142umaczy naruszenie tych \u017celaznych &#8222;regu\u0142&#8221; w\u0142asnym wyczerpaniem. Dwa razy zdarzy\u0142o mu si\u0119 wymiotowa\u0107 z os\u0142abienia.<\/p>\n<blockquote class=\"ods-o-quote\">\n<p class=\"ods-o-quote__paragraph\">\u2014 By\u0142em zdezorientowany \u2014 m\u00f3wi. \u2014 Wszystkie decyzje podejmowali\u015bmy razem.<\/p>\n<\/blockquote>\n<p>Dodaje, \u017ce jest alpinist\u0105-amatorem, nigdy nie bra\u0142 udzia\u0142u w kursach czy szkoleniach. Wygl\u0105da na to, \u017ce mia\u0142 tylko odrobin\u0119 wi\u0119ksze do\u015bwiadczenie ni\u017c jego partnerka, kt\u00f3ra chodzi\u0142a po g\u00f3rach dopiero od roku. On sam by\u0142 na Grossglocknerze ju\u017c kilka razy. \u2014 Nie przyznaj\u0119 si\u0119 do winy.<\/p>\n<p>&#8222;Chcia\u0142a, \u017cebym poszed\u0142 po pomoc&#8221;<\/p>\n<p>Pytanie, dlaczego zostawi\u0142 j\u0105 bez opieki, Thomas P. t\u0142umaczy tak: \u2014 Chcia\u0142a, \u017cebym poszed\u0142 po pomoc. Kerstin G. zas\u0142ab\u0142a, ostatnie metry pokonywa\u0142a na czworakach. W ko\u0144cu ca\u0142kowicie opad\u0142a z si\u0142. \u2014 Id\u017a, id\u017a! \u2014 mia\u0142a mu krzykn\u0105\u0107. \u2014 Wi\u0119c poszed\u0142em.<\/p>\n<p>To by\u0142a &#8222;wsp\u00f3lna decyzja&#8221; \u2014 twierdzi oskar\u017cony i prezentuje lini\u0119 obrony: taka decyzja nie jest przest\u0119pstwem. Poza tym logiczne by\u0142o wed\u0142ug niego przej\u015bcie przez szczyt i zej\u015bcie szybsz\u0105, \u0142atwiejsz\u0105 tras\u0105.<\/p>\n<blockquote class=\"ods-o-quote\">\n<p class=\"ods-o-quote__paragraph\">\u2014 Czy wtedy zadzwoni\u0142 pan po pomoc? \u2014 dopytuje s\u0119dzia. \u2014 Nie, nie zrobi\u0142em tego. By\u0142em w skrajnej sytuacji, my\u015bla\u0142em, \u017ce musz\u0119 ci\u0105gle i\u015b\u0107 dalej.<\/p>\n<\/blockquote>\n<p>\u2014 To przecie\u017c najwa\u017cniejsza informacja \u2014 zauwa\u017ca s\u0119dzia. \u2014 Ona nie by\u0142a w stanie i\u015b\u0107 dalej, wtedy powinien pan wezwa\u0107 pomoc.<\/p>\n<p>S\u0119dzia jest ratownikiem g\u00f3rskim<\/p>\n<p>S\u0119dzia Norbert Hofer zna si\u0119 na rzeczy \u2014 w wolnym czasie pracuje w lotniczym pogotowiu ratunkowym i jako ratownik medyczny; sprawy o tematyce wysokog\u00f3rskiej trafiaj\u0105 do niego w s\u0105dzie w Innsbrucku. Mo\u017cliwy zarzut braku bezstronno\u015bci z powodu do\u015bwiadcze\u0144 jako &#8222;ratownik ochotnik&#8221; kwituje na pocz\u0105tku kilkoma zdaniami: \u2014 Moja praca nie wp\u0142ywa na proces, podobnie jak doniesienia medialne czy posty w mediach spo\u0142eczno\u015bciowych. Jestem w stanie by\u0107 w 100 procentach obiektywny, w przeciwnym razie wycofa\u0142bym si\u0119 z tej sprawy.<\/p>\n<p>W rozmowie z matk\u0105 s\u0119dzia pr\u00f3buje ustali\u0107, jak do\u015bwiadczona by\u0142a Kerstin G. Matka wskazuje, \u017ce c\u00f3rka zdoby\u0142a ju\u017c Grossen Wiesbachhorn. Ten szczyt jest &#8222;trudniejszy ni\u017c Grossglockner&#8221;. Pod koniec marca 2024 jeszcze rozmawia\u0142y, \u017ce c\u00f3rka nie czuje si\u0119 gotowa na wej\u015bcie na Grossglockner. \u2014 Ale na pewno si\u0119 przygotowa\u0142a, nie posz\u0142aby tam w ciemno.<\/p>\n<blockquote class=\"ods-o-quote\">\n<p class=\"ods-o-quote__paragraph\">\u2014 Zauwa\u017cy\u0142am, \u017ce Kerstin nigdy nie wspina\u0142a si\u0119 zim\u0105 \u2014 m\u00f3wi matka. \u2014 Mo\u017ce nie wspina\u0142a si\u0119, ale chodzi\u0142a z rakami po g\u00f3rach.<\/p>\n<\/blockquote>\n<p>\u2014 Czy chodzi\u0142a na kursy? \u2014 pyta s\u0119dzia. Odpowied\u017a: \u2014 Nie. \u2014 S\u0119dzia stwierdza: \u2014 Zim\u0105 wspinaczka to zupe\u0142nie inny \u015bwiat. \u2014 Matka przytakuje.<\/p>\n<p>Ju\u017c o godz. 17:22, 18 stycznia 2025 roku, Kerstin G. by\u0142a tak wyczerpana, \u017ce pr\u00f3bowa\u0142a zadzwoni\u0107 po pomoc g\u00f3rsk\u0105. Wybra\u0142a numer &#8222;149&#8221; w swoim telefonie, ale nikt nie odebra\u0142 \u2014 mi\u0119dzynarodowy numer ratunkowy to &#8222;140&#8221;. Thomas P. o tym nie wiedzia\u0142 \u2014 albo nie przyzna\u0142 si\u0119 do tego; w ka\u017cdym razie przedstawia przebieg zdarze\u0144 tak, jakby dopiero p\u00f3\u017aniej partnerka nie by\u0142a w stanie kontynuowa\u0107 wspinaczki.<\/p>\n<blockquote class=\"ods-o-quote\">\n<p class=\"ods-o-quote__paragraph\">\u2014 Zna\u0142a numer do s\u0142u\u017cb g\u00f3rskich? \u2014 pyta Hofer matk\u0119. \u2014 Nie. \u2014 Czy by\u0142a w stanie oceni\u0107, czy odcinek od Fr\u00fchst\u00fccksplatz do szczytu jest dla niej wykonalny? Mia\u0142a tak\u0105 wiedz\u0119? \u2014 Nie potrafi\u0119 tego oceni\u0107.<\/p>\n<\/blockquote>\n<p>Obro\u0144ca Jelinek twierdzi, \u017ce wcze\u015bniejsze wezwanie pomocy i tak nic by nie da\u0142o. \u2014 Przy takich porywach helikopter nie by\u0142by w stanie dolecie\u0107 na gra\u0144 \u2014 m\u00f3wi. Przy 50 km na godz. nie da si\u0119 ju\u017c lecie\u0107, a tamtej nocy wiatr osi\u0105ga\u0142 nawet 80 km na godz. P\u00f3\u017aniej piloci potwierdzaj\u0105 to w zeznaniach. Sugeruje to, \u017ce oboje musieli polega\u0107 wy\u0142\u0105cznie na sobie.<\/p>\n<p>Thomas P. mia\u0142 ju\u017c wcze\u015bniej zostawi\u0107 partnerk\u0119 na g\u00f3rze<\/p>\n<p>Okazuje si\u0119, \u017ce Thomas P. ju\u017c wcze\u015bniej zostawi\u0142 partnerk\u0119 samotnie podczas wyprawy g\u00f3rskiej. Wieczorem by\u0142a partnerka Andrea B. zeznaje, \u017ce mi\u0119dzy majem a wrze\u015bniem 2023 cz\u0119sto wsp\u00f3lnie chodzili po g\u00f3rach. \u2014 Kto planowa\u0142 wycieczki? \u2014 pyta Hofer.<\/p>\n<blockquote class=\"ods-o-quote\">\n<p class=\"ods-o-quote__paragraph\">\u2014 On dowodzi\u0142. Jest du\u017co bardziej do\u015bwiadczony ode mnie \u2014 odpowiada kobieta.<\/p>\n<\/blockquote>\n<p>Jednak wsp\u00f3lne wycieczki ko\u0144czy\u0142y si\u0119 zwykle napi\u0119ciem. \u2014 Gdy zaczyna\u0142am si\u0119 ba\u0107, szybko si\u0119 denerwowa\u0142 \u2014 m\u00f3wi. Jedn\u0105 z takich wypraw przez Grossglockner zapami\u0119ta\u0142a szczeg\u00f3lnie: \u2014 Atmosfera by\u0142a z\u0142a. On by\u0142 rozdra\u017cniony, ja na skraju si\u0142. Najwyra\u017aniej by\u0142am dla niego za wolna i nagle ju\u017c go nie by\u0142o.<\/p>\n<p>By\u0142a noc, zosta\u0142a sama, czo\u0142\u00f3wka si\u0119 roz\u0142adowa\u0142a, zakr\u0119ci\u0142o jej si\u0119 w g\u0142owie. \u2014 P\u0142aka\u0142am i krzycza\u0142am. To by\u0142a nasza ostatnia wsp\u00f3lna wyprawa \u2014 relacjonuje \u015bwiadek.<\/p>\n<p>\u2014 Jestem w stanie to sobie wyobrazi\u0107 \u2014 m\u00f3wi s\u0119dzia.<\/p>\n<p>\u2014 Czy wcze\u015bniej rozmawia\u0142a Pani o tym, \u017ce zosta\u0142a sama w g\u00f3rach?<\/p>\n<p>\u2014 Byli tacy, kt\u00f3rzy radzili zg\u0142osi\u0107 to policji.<\/p>\n<p>Tak te\u017c zrobi\u0142a.<\/p>\n<p>Do dzi\u015b nie jest jasny dok\u0142adny czas \u015bmierci Kerstin G. Bieg\u0142a s\u0105dowa informuje, \u017ce cia\u0142o znaleziono w pozycji wisz\u0105cej. Najpierw Kerstin kl\u0119cza\u0142a skulona na ziemi, ale w nocy najprawdopodobniej zsun\u0119\u0142a si\u0119 i zawis\u0142a na linie.<\/p>\n<p>Czy w tym momencie ju\u017c nie \u017cy\u0142a, lekarka nie potrafi stwierdzi\u0107. Wed\u0142ug prokuratury, w grudniu przeanalizowano dane z zegark\u00f3w Thomasa P. i Kerstin G., ale nie zosta\u0142y one wykorzystane w procesie. Najp\u00f3\u017aniej t\u0119tno zarejestrowane przez zegarek powinno ostatecznie ustali\u0107 moment \u015bmierci.<\/p>\n<p>W mowach ko\u0144cowych obro\u0144ca Jelinek domaga\u0142 si\u0119 uniewinnienia dla Thomasa P. \u2014 To by\u0142a &#8222;wsp\u00f3lna decyzja&#8221;, poza tym oskar\u017cony by\u0142 od pocz\u0105tku napi\u0119tnowany. Ostatecznie jednak jego klient unikn\u0105\u0142 wi\u0119zienia, dostaj\u0105c kar\u0119 w zawieszeniu i grzywn\u0119.<\/p>\n<p>S\u0119dzia: &#8222;Przedwczesne os\u0105dzenie by\u0142o faktem&#8221;<\/p>\n<p>Hofer podkre\u015bla, \u017ce potrafi wczu\u0107 si\u0119 w sytuacj\u0119 oskar\u017conego. \u2014 To post\u0119powanie by\u0142o dla pana ogromnym ci\u0119\u017carem i wi\u0105za\u0142o si\u0119 ze strat\u0105 bliskiej osoby. Medialna burza by\u0142a wyj\u0105tkowa, przedwczesne os\u0105dzenie \u2014 bez w\u0105tpienia mia\u0142o miejsce \u2014 m\u00f3wi s\u0119dzia.<\/p>\n<p>Thomas P. wraca na miejsce przed s\u0119dzi\u0105, pozostaje nieruchomy jak przez ca\u0142y dzie\u0144, nawet nie przeciera twarzy d\u0142o\u0144mi. Przed nim stoi puszka Red Bulla.<\/p>\n<blockquote class=\"ods-o-quote\">\n<p class=\"ods-o-quote__paragraph\">\u2014 Jest pan doskona\u0142ym alpinist\u0105, \u015bwietnym wspinaczem, ma pan znakomit\u0105 kondycj\u0119 i potrafi pan oceni\u0107 ryzyko \u2014 chwali s\u0119dzia. \u2014 Ale jest pan te\u017c osob\u0105, kt\u00f3rej trudno jest przestawi\u0107 si\u0119 na to, \u017ce inni mog\u0105 mie\u0107 zupe\u0142nie inne mo\u017cliwo\u015bci i trzeba to uwzgl\u0119dnia\u0107. Chodzi\u0142o o kontynuowanie wyprawy za wszelk\u0105 cen\u0119.<\/p>\n<\/blockquote>\n<p>To mog\u0142o si\u0119 sko\u0144czy\u0107 dobrze. \u2014 Przy Fr\u00fchst\u00fccksplatzl musia\u0142 pan bezwzgl\u0119dnie zawr\u00f3ci\u0107 \u2014 stwierdza s\u0119dzia. \u2014 Kerstin G. by\u0142a ca\u0142e galaktyki za pana umiej\u0119tno\u015bciami. I pan o tym wiedzia\u0142.<\/p>\n","protected":false},"excerpt":{"rendered":"Na sali s\u0105dowej oskar\u017ceni rzadko wygl\u0105daj\u0105 na przest\u0119pc\u00f3w. Nie inaczej jest z Thomasem P. \u2014 niebieska marynarka, przystrzy\u017cona&hellip;\n","protected":false},"author":2,"featured_media":282022,"comment_status":"","ping_status":"","sticky":false,"template":"","format":"standard","meta":{"footnotes":"","_share_on_mastodon":"0"},"categories":[14],"tags":[19655,56,294,32,33,6633,27,34,35,28,31,48,25,46,40,41,47,80,29,30,26,82,83,84,2588],"class_list":["post-282021","post","type-post","status-publish","format-standard","has-post-thumbnail","category-swiat","tag-alpy","tag-article_premium","tag-austria","tag-breaking-news","tag-breakingnews","tag-ciekawe","tag-headlines","tag-latest-news","tag-latestnews","tag-naglowki","tag-najwazniejsze-artykuly","tag-nat_styl","tag-news","tag-omp","tag-polish","tag-polski","tag-screening_general","tag-swiat","tag-top-stories","tag-topstories","tag-wiadomosci","tag-world","tag-world-news","tag-worldnews","tag-wypadek"],"share_on_mastodon":{"url":"https:\/\/pubeurope.com\/@pl\/116144394878059300","error":""},"_links":{"self":[{"href":"https:\/\/www.europesays.com\/pl\/wp-json\/wp\/v2\/posts\/282021","targetHints":{"allow":["GET"]}}],"collection":[{"href":"https:\/\/www.europesays.com\/pl\/wp-json\/wp\/v2\/posts"}],"about":[{"href":"https:\/\/www.europesays.com\/pl\/wp-json\/wp\/v2\/types\/post"}],"author":[{"embeddable":true,"href":"https:\/\/www.europesays.com\/pl\/wp-json\/wp\/v2\/users\/2"}],"replies":[{"embeddable":true,"href":"https:\/\/www.europesays.com\/pl\/wp-json\/wp\/v2\/comments?post=282021"}],"version-history":[{"count":0,"href":"https:\/\/www.europesays.com\/pl\/wp-json\/wp\/v2\/posts\/282021\/revisions"}],"wp:featuredmedia":[{"embeddable":true,"href":"https:\/\/www.europesays.com\/pl\/wp-json\/wp\/v2\/media\/282022"}],"wp:attachment":[{"href":"https:\/\/www.europesays.com\/pl\/wp-json\/wp\/v2\/media?parent=282021"}],"wp:term":[{"taxonomy":"category","embeddable":true,"href":"https:\/\/www.europesays.com\/pl\/wp-json\/wp\/v2\/categories?post=282021"},{"taxonomy":"post_tag","embeddable":true,"href":"https:\/\/www.europesays.com\/pl\/wp-json\/wp\/v2\/tags?post=282021"}],"curies":[{"name":"wp","href":"https:\/\/api.w.org\/{rel}","templated":true}]}}