{"id":282079,"date":"2026-02-27T20:51:11","date_gmt":"2026-02-27T20:51:11","guid":{"rendered":"https:\/\/www.europesays.com\/pl\/282079\/"},"modified":"2026-02-27T20:51:11","modified_gmt":"2026-02-27T20:51:11","slug":"daniel-olbrychski-dosadnie-o-kosciele-i-wierze-za-taki-kosciol-sie-wstydze","status":"publish","type":"post","link":"https:\/\/www.europesays.com\/pl\/282079\/","title":{"rendered":"Daniel Olbrychski dosadnie o Ko\u015bciele i wierze. &#8222;Za taki Ko\u015bci\u00f3\u0142 si\u0119 wstydz\u0119&#8221;"},"content":{"rendered":"<p class=\"Paragraph_desktopParagraph__U31Gm\"><a href=\"https:\/\/plejada.pl\/temat\/daniel-olbrychski-aktor\/jfw2f7r\" id=\"a01f7039-30b7-42e1-842f-c01161721e69\" rel=\"nofollow noopener\" target=\"_blank\">Daniel Olbrychski<\/a> urodzi\u0142 si\u0119 27 lutego 1945 r. w \u0141owiczu i jest jednym z najwybitniejszych polskich aktor\u00f3w filmowych i teatralnych. Ogromn\u0105 popularno\u015b\u0107 przynios\u0142y mu role w filmach <a href=\"https:\/\/plejada.pl\/temat\/andrzej-wajda-rezyser\/w7nvh0p\" id=\"e18f3c43-b77c-4c29-939a-748b97faa90f\" rel=\"nofollow noopener\" target=\"_blank\">Andrzeja Wajdy<\/a>, takich jak &#8222;Popio\u0142y&#8221;, &#8222;Wesele&#8221;, &#8222;Ziemia obiecana&#8221; czy przede wszystkim &#8222;Potop&#8221; w re\u017cyserii <a href=\"https:\/\/plejada.pl\/temat\/jerzy-hoffman\/2724w93\" id=\"676baac5-3233-4dbb-a934-0b7e76b4d454\" rel=\"nofollow noopener\" target=\"_blank\">Jerzego Hoffmana<\/a>, gdzie zagra\u0142 Andrzeja Kmicica. Wsp\u00f3\u0142pracowa\u0142 tak\u017ce z cenionymi re\u017cyserami zagranicznymi, buduj\u0105c pozycj\u0119 jednego z najbardziej rozpoznawalnych polskich aktor\u00f3w swojego pokolenia.<\/p>\n<ul class=\"OchatFollowUps_wrapper__1ry7X\">\n<li class=\"OchatFollowUps_item__Dhyly OchatFollowUps_itemDesktop__R6aBv\">Jakie jest podej\u015bcie Daniela Olbrychskiego do Ko\u015bcio\u0142a?<\/li>\n<li class=\"OchatFollowUps_item__Dhyly OchatFollowUps_itemDesktop__R6aBv\">Czego Daniel Olbrychski zazdro\u015bci swoim bliskim?<\/li>\n<li class=\"OchatFollowUps_item__Dhyly OchatFollowUps_itemDesktop__R6aBv\">Jak Daniel Olbrychski ocenia zwi\u0105zek Ko\u015bcio\u0142a z polityk\u0105?<\/li>\n<li class=\"OchatFollowUps_item__Dhyly OchatFollowUps_itemDesktop__R6aBv\">Co Daniel Olbrychski s\u0105dzi o przysz\u0142o\u015bci Ko\u015bcio\u0142a w Polsce?<\/li>\n<\/ul>\n<p>Daniel Olbrychski otwarcie o Ko\u015bciele i Bogu. &#8222;Za taki Ko\u015bci\u00f3\u0142 ja si\u0119 wstydz\u0119&#8221; <\/p>\n<p class=\"Paragraph_desktopParagraph__U31Gm\">Cho\u0107 artystycznie osi\u0105gn\u0105\u0142 niemal wszystko, w kwestii wiary m\u00f3wi o sobie z du\u017c\u0105 pokor\u0105. Nie ukrywa, \u017ce zosta\u0142 wychowany w tradycji katolickiej, ale z czasem wypracowa\u0142 bardziej osobiste i niezale\u017cne podej\u015bcie do religii. W jego \u017cyciu B\u00f3g jest obecny \u2013 jednak nie bez w\u0105tpliwo\u015bci. <a href=\"https:\/\/wiadomosci.onet.pl\/kraj\/daniel-olbrychski-mam-powod-zeby-nigdy-nie-podac-reki-andrzejowi-dudzie\/6z9bns7\" id=\"1a660ff8-7d75-4581-a4ec-f0f56645af07\" rel=\"nofollow noopener\" target=\"_blank\">W rozmowie z Magdalen\u0105 Rigamonti dla Onetu<\/a> w 2024 r. przyzna\u0142, \u017ce wielokrotnie przechodzi\u0142 kryzysy wiary.<\/p>\n<blockquote>\n<p class=\"Paragraph_desktopParagraph__U31Gm\">Chcia\u0142bym wierzy\u0107 g\u0142\u0119boko i zazdroszcz\u0119 tym, m.in. mojemu \u015bp. bratu, kt\u00f3ry wierzy\u0142, mia\u0142 \u0142ask\u0119 g\u0142\u0119bokiej wiary. U mnie to jest skomplikowane. Wierz\u0119. Tak, wierz\u0119. Ale sama pani widzi, \u017ce moja d\u0142u\u017csza wypowied\u017a \u015bwiadczy, \u017ce miewam z tym k\u0142opoty. (&#8230;) Ludziom bezapelacyjnie wierz\u0105cym zazdroszcz\u0119<\/p>\n<\/blockquote>\n<p class=\"Paragraph_desktopParagraph__U31Gm\">\u2014 powiedzia\u0142 Daniel Olbrychski w podca\u015bcie &#8222;Rachunek sumienia&#8221;. <\/p>\n<p><img decoding=\"async\" class=\"Image_image__0tuHp Image_autoHeight__f2n87 \" height=\"587\" width=\"876\" src=\"https:\/\/www.europesays.com\/pl\/wp-content\/uploads\/2026\/02\/S6Uk9kpTURBXy82ZWZhZGI3N2QzYjY2MmY2N2IxOWZlMzg5NjkyNDc2MC5qcGeSlQLNA6wAwsOVAgDNAkvCw94AA6EwAaExAaEzw.jpeg\" alt=\"Daniel Olbrychski\" loading=\"lazy\" \/>mwmedia \/ MW Media<\/p>\n<p>Daniel Olbrychski<\/p>\n<p class=\"Paragraph_desktopParagraph__U31Gm\">Dla Daniela Olbrychskiego wiara to sfera prywatna, zwi\u0105zana z sumieniem i indywidualnym prze\u017cyciem, a nie bezkrytycznym uto\u017csamianiem si\u0119 z instytucj\u0105. Jeszcze mocniej brzmi\u0105 jego s\u0142owa o Ko\u015bciele jako instytucji. Aktor wyra\u017anie oddziela wiar\u0119 w Boga od oceny dzia\u0142a\u0144 hierarchii.<\/p>\n<blockquote>\n<p class=\"Paragraph_desktopParagraph__U31Gm\">Pami\u0119tam z mojego do\u015bwiadczenia \u017cyciowego czasu PRL-u, \u017ce Ko\u015bcio\u0142owi trudno by\u0142o cokolwiek zarzuci\u0107. My\u015bmy si\u0119 chronili w ko\u015bcio\u0142ach, Ko\u015bci\u00f3\u0142 otwiera\u0142 nam swoje ramiona. (&#8230;) Za oficjaln\u0105 pozycj\u0119 Ko\u015bcio\u0142a w r\u00f3\u017cnych skomplikowanych sprawach naszego \u017cycia obywatelskiego i politycznego&#8230; Za taki Ko\u015bci\u00f3\u0142 ja si\u0119 wstydz\u0119<\/p>\n<\/blockquote>\n<p class=\"Paragraph_desktopParagraph__U31Gm\">\u2014 powiedzia\u0142 gwiazdor i doda\u0142 bez ogr\u00f3dek:<\/p>\n<blockquote>\n<p class=\"Paragraph_desktopParagraph__U31Gm\">Szkodzi Polsce i samemu sobie, co te\u017c jest bolesne. Zwi\u0105zek Ko\u015bcio\u0142a z tzw. tronem, z absolutnym z\u0142em, jakim w Polsce by\u0142y o\u015bmioletnie rz\u0105dy PiS-u, wyrz\u0105dzi\u0142 ogromn\u0105 szkod\u0119. Nie tylko wierz\u0105cym i niewierz\u0105cym obywatelom polskim, ale samemu Ko\u015bcio\u0142owi<\/p>\n<\/blockquote>\n<p><img decoding=\"async\" class=\"Image_image__0tuHp Image_autoHeight__f2n87 \" height=\"587\" width=\"880\" src=\"https:\/\/www.europesays.com\/pl\/wp-content\/uploads\/2026\/02\/f4Dk9kpTURBXy9iMjUzMDJmZGFkYjUyZTFmMDVjODA2M2IzMmI3NDg5MC5qcGeSlQLNA6wAwsOVAgDNAkvCw94AA6EwAaExAaEzw.jpeg\" alt=\"Daniel Olbrychski podczas rozmowy z Magd\u0105 Rigamonti\" loading=\"lazy\" \/>Maciej Kr\u00fcger \/ Onet<\/p>\n<p>Daniel Olbrychski podczas rozmowy z Magd\u0105 Rigamonti<\/p>\n<p>Daniel Olbrychski: &#8222;Ko\u015bci\u00f3\u0142 sobie i nam bardzo nabru\u017adzi\u0142&#8221; <\/p>\n<p class=\"Paragraph_desktopParagraph__U31Gm\">Cho\u0107 aktor nie wypowiedzia\u0142 si\u0119 jednoznacznie na temat zerwania konkordatu, jasno daje do zrozumienia, \u017ce instytucj\u0119 czeka powa\u017cny rachunek sumienia.<\/p>\n<blockquote>\n<p class=\"Paragraph_desktopParagraph__U31Gm\">Nie jestem a\u017c tak uczony, \u017ceby powiedzie\u0107, co mamy robi\u0107. Natomiast wiem, \u017ce Ko\u015bci\u00f3\u0142 sobie i nam bardzo nabru\u017adzi\u0142 i \u017cycz\u0119 jemu i nam wszystkim, aby z tej z\u0142ej drogi zszed\u0142<\/p>\n<\/blockquote>\n<p class=\"Paragraph_desktopParagraph__U31Gm\">\u2014 podsumowa\u0142 aktor.<\/p>\n<p><img decoding=\"async\" class=\"Image_image__0tuHp Image_autoHeight__f2n87 \" height=\"587\" width=\"878\" src=\"https:\/\/www.europesays.com\/pl\/wp-content\/uploads\/2026\/02\/jrIk9kpTURBXy8wNDk4YmEyYTg4OGE1M2JhZGRkM2VmYjgwYjM2ZmZhZC5qcGeSlQLNA6wAwsOVAgDNAkvCw94AA6EwAaExAaEzw.jpeg\" alt=\"Daniel Olbrychski\" loading=\"lazy\" \/>mwmedia \/ MW Media<\/p>\n<p>Daniel Olbrychski<\/p>\n<p class=\"Paragraph_desktopParagraph__U31Gm\">Dzi\u0119kujemy, \u017ce przeczyta\u0142a\u015b\/e\u015b nasz artyku\u0142 do ko\u0144ca. W serwisie Plejada.pl ka\u017cdego dnia piszemy o najwa\u017cniejszych wydarzeniach show-biznesowych. B\u0105d\u017a na bie\u017c\u0105co!<a rel=\"nofollow noopener\" href=\"https:\/\/profile.google.com\/cp\/Cg0vZy8xMWJ6X19wdHBx\" id=\"2c5c427f-876b-4458-be30-36fa7293a528\" target=\"_blank\"> Obserwuj<\/a> Plejad\u0119 w Google. Odwied\u017a nas tak\u017ce na<a rel=\"nofollow noopener\" href=\"https:\/\/www.facebook.com\/plejadapl\" id=\"5b4aa3ef-39e5-40c0-9cf2-ae6a11c94bbf\" target=\"_blank\"> Facebooku<\/a>,<a rel=\"nofollow noopener\" href=\"https:\/\/www.instagram.com\/plejadapl\/\" id=\"145da96f-e505-458b-92c4-fbef118cee68\" target=\"_blank\"> Instagramie<\/a>,<a rel=\"nofollow noopener\" href=\"https:\/\/www.youtube.com\/c\/plejada\" id=\"fed080a8-f6f1-433a-8969-ff7e7b3e1fa4\" target=\"_blank\"> YouTubie<\/a> oraz<a rel=\"nofollow noopener\" href=\"https:\/\/www.tiktok.com\/@plejada_pl\" id=\"fd88aabf-3570-442f-997c-7d9bf6749beb\" target=\"_blank\"> TikToku<\/a>.<\/p>\n<p class=\"Paragraph_desktopParagraph__U31Gm\">Chcesz podzieli\u0107 si\u0119 ciekawym newsem lub zaproponowa\u0107 temat? Skontaktuj si\u0119 z nami, pisz\u0105c maila na adres: <a href=\"https:\/\/www.onet.pl\/styl-zycia\/plejada\/daniel-olbrychski-dosadnie-o-kosciele-i-wierze-za-taki-kosciol-sie-wstydze\/mailto:plejada@redakcjaonet.pl\" id=\"d793a551-c487-495d-aa00-8b7f698ed3bf\" rel=\"nofollow noopener\" target=\"_blank\">plejada@redakcjaon<\/a><a rel=\"nofollow noopener\" href=\"https:\/\/et.pl\/\" id=\"b7a92871-6966-41c2-9103-e890cece8f20\" target=\"_blank\">et.pl<\/a>.<\/p>\n<p><script async src=\"\/\/www.instagram.com\/embed.js\"><\/script><script async src=\"\/\/www.tiktok.com\/embed.js\"><\/script><\/p>\n","protected":false},"excerpt":{"rendered":"Daniel Olbrychski urodzi\u0142 si\u0119 27 lutego 1945 r. w \u0141owiczu i jest jednym z najwybitniejszych polskich aktor\u00f3w filmowych&hellip;\n","protected":false},"author":2,"featured_media":282080,"comment_status":"","ping_status":"","sticky":false,"template":"","format":"standard","meta":{"footnotes":"","_share_on_mastodon":"0"},"categories":[22],"tags":[20586,2664,10609,122,67,8460,1269,2709,261,53,52,68,51,55,42,38,40,39,41,1270,123,47,65,50],"class_list":["post-282079","post","type-post","status-publish","format-standard","has-post-thumbnail","category-rozrywka","tag-andrzej_wajda_rezyser","tag-bog","tag-daniel_olbrychski_aktor","tag-entertainment","tag-intextvideo_splayer","tag-jerzy_hoffman","tag-kosciol_katolicki_duchowienstwo_duchowni_zakonnicy","tag-ksieza","tag-kultura","tag-new_header","tag-onet3","tag-onet3d","tag-onet3d_2i","tag-phx","tag-pl","tag-poland","tag-polish","tag-polska","tag-polski","tag-religia_wiara","tag-rozrywka","tag-screening_general","tag-update_me","tag-v2021"],"share_on_mastodon":{"url":"https:\/\/pubeurope.com\/@pl\/116144575864125019","error":""},"_links":{"self":[{"href":"https:\/\/www.europesays.com\/pl\/wp-json\/wp\/v2\/posts\/282079","targetHints":{"allow":["GET"]}}],"collection":[{"href":"https:\/\/www.europesays.com\/pl\/wp-json\/wp\/v2\/posts"}],"about":[{"href":"https:\/\/www.europesays.com\/pl\/wp-json\/wp\/v2\/types\/post"}],"author":[{"embeddable":true,"href":"https:\/\/www.europesays.com\/pl\/wp-json\/wp\/v2\/users\/2"}],"replies":[{"embeddable":true,"href":"https:\/\/www.europesays.com\/pl\/wp-json\/wp\/v2\/comments?post=282079"}],"version-history":[{"count":0,"href":"https:\/\/www.europesays.com\/pl\/wp-json\/wp\/v2\/posts\/282079\/revisions"}],"wp:featuredmedia":[{"embeddable":true,"href":"https:\/\/www.europesays.com\/pl\/wp-json\/wp\/v2\/media\/282080"}],"wp:attachment":[{"href":"https:\/\/www.europesays.com\/pl\/wp-json\/wp\/v2\/media?parent=282079"}],"wp:term":[{"taxonomy":"category","embeddable":true,"href":"https:\/\/www.europesays.com\/pl\/wp-json\/wp\/v2\/categories?post=282079"},{"taxonomy":"post_tag","embeddable":true,"href":"https:\/\/www.europesays.com\/pl\/wp-json\/wp\/v2\/tags?post=282079"}],"curies":[{"name":"wp","href":"https:\/\/api.w.org\/{rel}","templated":true}]}}