{"id":282293,"date":"2026-02-28T00:00:07","date_gmt":"2026-02-28T00:00:07","guid":{"rendered":"https:\/\/www.europesays.com\/pl\/282293\/"},"modified":"2026-02-28T00:00:07","modified_gmt":"2026-02-28T00:00:07","slug":"demi-moore-jest-nie-do-poznania-internauci-przejeci-rozmiar-ozempic-2","status":"publish","type":"post","link":"https:\/\/www.europesays.com\/pl\/282293\/","title":{"rendered":"Demi Moore jest nie do poznania. Internauci przej\u0119ci. &#8222;Rozmiar: Ozempic&#8221;"},"content":{"rendered":"<p><a href=\"https:\/\/plejada.pl\/temat\/demi-moore-aktorka\/ckh6fwv\" id=\"3001da7f-fc9d-4960-bcc4-5f314e5f6872\" rel=\"nofollow noopener\" target=\"_blank\">Demi Moore<\/a> w ostatnich latach na nowo sta\u0142a si\u0119 jedn\u0105 z najbardziej popularnych i rozchwytywanych aktorek. Gwiazda zachwyca\u0142a na kolejnych wydarzeniach nie tylko modnymi kreacjami, ale tak\u017ce wysportowan\u0105 sylwetk\u0105 i charakterystycznymi bardzo d\u0142ugimi w\u0142osami. Teraz Moore mocno zaskoczy\u0142a podczas pokazu Gucci na mediola\u0144skim tygodniu mody. Aktorka zdecydowa\u0142a si\u0119 na metamorfoz\u0119, \u015bcinaj\u0105c w\u0142osy. Wybra\u0142a tak\u017ce sk\u00f3rzany kombinezon, kt\u00f3ry po\u0142\u0105czy\u0142a z okularami przeciws\u0142onecznymi. Dalszy ci\u0105g artyku\u0142u pod materia\u0142em wideo    <\/p>\n<p> Dlaczego Demi Moore zdecydowa\u0142a si\u0119 na metamorfoz\u0119? <\/p>\n<p> Jakie reakcje wywo\u0142a\u0142a zmiana wygl\u0105du Demi Moore? <\/p>\n<p> Co aktorka nosi\u0142a podczas pokazu Gucci? <\/p>\n<p> Czy Demi Moore zdoby\u0142a nominacje do nagr\u00f3d za rol\u0119 w 'Substancji&#8217;? <\/p>\n<p>  Lawina komentarzy o wygl\u0105dzie Demi Moore<\/p>\n<p>Metamorfoza Demi Moore nie umkn\u0119\u0142a uwadze internaut\u00f3w, kt\u00f3rzy byli mocno podzieleni. Jedni zachwycali si\u0119 now\u0105 fryzur\u0105 aktorki oraz obecno\u015bci\u0105 jej pieska, inni z przera\u017ceniem komentowali coraz chudsz\u0105 sylwetk\u0119 Moore.<\/p>\n<blockquote class=\"ods-o-quote\">\n<p class=\"ods-o-quote__paragraph\">Wygl\u0105da jak w latach 2000., gdy gra\u0142a w &#8222;Anio\u0142kach Charliego&#8221;. Uwielbiam to!<\/p>\n<\/blockquote>\n<p>&#8222;Pi\u0119knie jej w tych w\u0142osach&#8221;, &#8222;Ale fryzura!&#8221;, &#8222;Demi jest idealna&#8221;, &#8222;Chc\u0119 takiego pieska!&#8221; \u2014 zachwycali si\u0119 fani.<\/p>\n<blockquote class=\"ods-o-quote\">\n<p class=\"ods-o-quote__paragraph\">Od kiedy panuje moda na g\u0142odzenie si\u0119 na \u015bmier\u0107?<\/p>\n<\/blockquote>\n<p>&#8222;Zapomnia\u0142a wysuszy\u0107 w\u0142os\u00f3w&#8221;, &#8222;To naprawd\u0119 ona?!&#8221;, &#8222;Kto normalny przyprowadza pieska na wydarzenie pe\u0142ne fleszy i ha\u0142asu?&#8221;, &#8222;Rozmiar: Ozempic&#8221;, &#8222;Biedny piesek&#8221;, &#8222;Piesek cudowny, ale Demi wygl\u0105da strasznie&#8221; \u2014 komentowali krytycy.<\/p>\n<p> Dzi\u0119kujemy, \u017ce przeczyta\u0142a\u015b\/e\u015b nasz artyku\u0142 do ko\u0144ca. W serwisie Plejada.pl ka\u017cdego dnia piszemy o najwa\u017cniejszych wydarzeniach show-biznesowych. B\u0105d\u017a na bie\u017c\u0105co!<a rel=\"nofollow noopener\" href=\"https:\/\/profile.google.com\/cp\/Cg0vZy8xMWJ6X19wdHBx\" id=\"90fbfb6f-ff3a-42ef-b17a-028c5d00ff5f\" target=\"_blank\"> Obserwuj<\/a> Plejad\u0119 w Google. Odwied\u017a nas tak\u017ce na<a rel=\"nofollow noopener\" href=\"https:\/\/www.facebook.com\/plejadapl\" id=\"ca006e91-8f97-4653-813a-c39bac08717d\" target=\"_blank\"> Facebooku<\/a>,<a rel=\"nofollow noopener\" href=\"https:\/\/www.instagram.com\/plejadapl\/\" id=\"0b5108c6-3726-4a78-9c19-226067e932cc\" target=\"_blank\"> Instagramie<\/a>,<a rel=\"nofollow noopener\" href=\"https:\/\/www.youtube.com\/c\/plejada\" id=\"08e7112e-689c-48a4-83a0-eb8231e932e0\" target=\"_blank\"> YouTubie<\/a> oraz<a rel=\"nofollow noopener\" href=\"https:\/\/www.tiktok.com\/@plejada_pl\" id=\"c54409ce-236d-4375-ba35-8f9f79bffba8\" target=\"_blank\"> TikToku<\/a>.Chcesz podzieli\u0107 si\u0119 ciekawym newsem lub zaproponowa\u0107 temat? Skontaktuj si\u0119 z nami, pisz\u0105c maila na adres: plejada@redakcjaon<a rel=\"nofollow noopener\" href=\"https:\/\/et.pl\/\" id=\"e821f08e-8323-40b0-a0c8-3a270f9528fc\" target=\"_blank\">et.pl<\/a>.<script async src=\"\/\/www.instagram.com\/embed.js\"><\/script><script async src=\"\/\/www.tiktok.com\/embed.js\"><\/script><\/p>\n","protected":false},"excerpt":{"rendered":"Demi Moore w ostatnich latach na nowo sta\u0142a si\u0119 jedn\u0105 z najbardziej popularnych i rozchwytywanych aktorek. Gwiazda zachwyca\u0142a&hellip;\n","protected":false},"author":2,"featured_media":282294,"comment_status":"","ping_status":"","sticky":false,"template":"","format":"standard","meta":{"footnotes":"","_share_on_mastodon":"0"},"categories":[22],"tags":[5095,122,42024,48,125,46,42,38,40,39,41,123,47],"class_list":["post-282293","post","type-post","status-publish","format-standard","has-post-thumbnail","category-rozrywka","tag-demi_moore","tag-entertainment","tag-float_tst2","tag-nat_styl","tag-newsy","tag-omp","tag-pl","tag-poland","tag-polish","tag-polska","tag-polski","tag-rozrywka","tag-screening_general"],"share_on_mastodon":{"url":"https:\/\/pubeurope.com\/@pl\/116145318956388722","error":""},"_links":{"self":[{"href":"https:\/\/www.europesays.com\/pl\/wp-json\/wp\/v2\/posts\/282293","targetHints":{"allow":["GET"]}}],"collection":[{"href":"https:\/\/www.europesays.com\/pl\/wp-json\/wp\/v2\/posts"}],"about":[{"href":"https:\/\/www.europesays.com\/pl\/wp-json\/wp\/v2\/types\/post"}],"author":[{"embeddable":true,"href":"https:\/\/www.europesays.com\/pl\/wp-json\/wp\/v2\/users\/2"}],"replies":[{"embeddable":true,"href":"https:\/\/www.europesays.com\/pl\/wp-json\/wp\/v2\/comments?post=282293"}],"version-history":[{"count":0,"href":"https:\/\/www.europesays.com\/pl\/wp-json\/wp\/v2\/posts\/282293\/revisions"}],"wp:featuredmedia":[{"embeddable":true,"href":"https:\/\/www.europesays.com\/pl\/wp-json\/wp\/v2\/media\/282294"}],"wp:attachment":[{"href":"https:\/\/www.europesays.com\/pl\/wp-json\/wp\/v2\/media?parent=282293"}],"wp:term":[{"taxonomy":"category","embeddable":true,"href":"https:\/\/www.europesays.com\/pl\/wp-json\/wp\/v2\/categories?post=282293"},{"taxonomy":"post_tag","embeddable":true,"href":"https:\/\/www.europesays.com\/pl\/wp-json\/wp\/v2\/tags?post=282293"}],"curies":[{"name":"wp","href":"https:\/\/api.w.org\/{rel}","templated":true}]}}