{"id":282396,"date":"2026-02-28T02:25:13","date_gmt":"2026-02-28T02:25:13","guid":{"rendered":"https:\/\/www.europesays.com\/pl\/282396\/"},"modified":"2026-02-28T02:25:13","modified_gmt":"2026-02-28T02:25:13","slug":"el-ms-2027-loyd-bohaterem-co-za-mecz-w-rydze","status":"publish","type":"post","link":"https:\/\/www.europesays.com\/pl\/282396\/","title":{"rendered":"El. M\u015a 2027. Loyd bohaterem! Co za mecz w Rydze!"},"content":{"rendered":"\n<p class=\"contentpart contentpart--default contentpart--text\" data-position=\"1\">37 punkt\u00f3w i rzut na wag\u0119 zwyci\u0119stwa!\u00a0<a href=\"https:\/\/sportowefakty.wp.pl\/koszykowka\/jordan-loyd\" rel=\"nofollow noopener\" target=\"_blank\">Jordan Loyd<\/a>\u00a0do\u0142\u0105czy\u0142 do kadry w czwartek, a dzie\u0144 p\u00f3\u017aniej rzuci\u0142 \u0141otyszy na kolana &#8211; Polacy wygrali 84:82 i pozostaj\u0105 niepokonani w\u00a0<a href=\"https:\/\/sportowefakty.wp.pl\/koszykowka\/el-ms-2027\" rel=\"nofollow noopener\" target=\"_blank\">eliminacjach M\u015a 2027<\/a>! Co to by\u0142 za szalony mecz!<\/p>\n<p class=\"contentpart contentpart--default contentpart--text\" data-position=\"2\">Loyd wyst\u0119pem w Rydze ustanowi\u0142 sw\u00f3j nowy rekord punktowy w reprezentacji Polski. Wcze\u015bniejszy &#8211; 32 &#8211; ustanowi\u0142 podczas EuroBasketu 2025 w starciu przeciwko S\u0142owe\u0144com.<\/p>\n<p>  <img decoding=\"async\" src=\"https:\/\/v.wpimg.pl\/X3dwLnN2d1IFFTpdYUl6R0ZNbgcnEHQREVV2TGEGbUtRT2MdOlZ2RBQUKABgQjQcDRotCStBd1IAAWMeIlM7VgwYIAorQAdEFFk_GCkQJQ\" alt=\"\" width=\"45\" height=\"58\" loading=\"lazy\"\/>  <\/p>\n<p class=\"contentpart contentpart--default contentpart--text\" data-position=\"3\">ZOBACZ WIDEO: #dziejesiewsporcie: Policja musia\u0142a spacyfikowa\u0107 pseudokibic\u00f3w<\/p>\n<p class=\"contentpart contentpart--default contentpart--text\" data-position=\"5\">Polacy kochaj\u0105 horrory. To nie ulega w\u0105tpliwo\u015bci. W czwartej kwarcie meczu w Rydze prowadzili ju\u017c r\u00f3\u017cnic\u0105 nawet dziewi\u0119ciu oczek, \u017ceby na 3,7 sekundy przed ko\u0144cem\u00a0<a href=\"https:\/\/sportowefakty.wp.pl\/koszykowka\/arturs-strautins\" rel=\"nofollow noopener\" target=\"_blank\">Arturs Strautins<\/a>\u00a0akcj\u0105 z faulem wyprowadzi\u0142 gospodarzy na prowadzenie 82:81.<\/p>\n<p class=\"contentpart contentpart--default contentpart--text\" data-position=\"6\"><a href=\"https:\/\/sportowefakty.wp.pl\/koszykowka\/igor-milicic\" rel=\"nofollow noopener\" target=\"_blank\">Igor Milici\u0107<\/a>\u00a0poprosi\u0142 o przerw\u0119, a pi\u0142ka trafi\u0142a do Loyda. Ten zwi\u00f3d\u0142 rywala, wyszed\u0142 w g\u00f3r\u0119 i na trybunach wype\u0142nionej po brzegi Xiaomi Areny nasta\u0142a cisza.<\/p>\n<p class=\"contentpart contentpart--default contentpart--text\" data-position=\"7\">Loyd do 37 punkt\u00f3w do\u0142o\u017cy\u0142 cztery zbi\u00f3rki i trzy asysty. Drugim z wielkich bohater\u00f3w by\u0142\u00a0<a href=\"https:\/\/sportowefakty.wp.pl\/koszykowka\/mateusz-ponitka\" rel=\"nofollow noopener\" target=\"_blank\">Mateusz Ponitka<\/a>. Nasz kapitan skompletowa\u0142 27 punkt\u00f3w, siedem zbi\u00f3rek i cztery asysty. Duet ten przed przerw\u0105 zdoby\u0142 38 z 42 punkt\u00f3w naszego zespo\u0142u.<\/p>\n<p>  <img decoding=\"async\" src=\"https:\/\/v.wpimg.pl\/X3dwLnN2d1IFFTpdYUl6R0ZNbgcnEHQREVV2TGEGbUtRT2MdOlZ2RBQUKABgQjQcDRotCStBd1IAAWMeIlM7VgwYIAorQAdEFFk_GCkQJQ\" alt=\"\" width=\"45\" height=\"58\" loading=\"lazy\"\/>  <\/p>\n<p class=\"contentpart contentpart--default contentpart--text\" data-position=\"8\">\u0141otysze w pierwsze po\u0142owie trafili 10 z 18 rzut\u00f3w zza \u0142uku. Dlatego prowadzili. Loyd z Ponitk\u0105 jednak trzymali nas w grze &#8211; po zmianie stron w ko\u0144cu do\u0142o\u017cyli si\u0119 w ataku inni, a gospodarze dodatkowo przestali trafia\u0107 zza \u0142uku (po przerwie 2\/10 w tym elemencie).<\/p>\n<p class=\"contentpart contentpart--default contentpart--text\" data-position=\"9\">Wyci\u0105gn\u0105\u0107 tego meczu jednak nie zdo\u0142ali. Ponie\u015bli drug\u0105 pora\u017ck\u0119 w tych eliminacjach &#8211; drug\u0105 na w\u0142asnym parkiecie. Strautins zako\u0144czy\u0142 pojedynek z 27 punktami i sze\u015bcioma zbi\u00f3rkami. Przez chwil\u0119 m\u00f3g\u0142 si\u0119 nawet czu\u0107 bohaterem, ale Loyd szybko zabra\u0142 mu to miano.<\/p>\n<p class=\"contentpart contentpart--default contentpart--text\" data-position=\"10\">Kolejne spotkanie w ramach eliminacji do\u00a0<a href=\"https:\/\/sportowefakty.wp.pl\/koszykowka\/ms-2027\" rel=\"nofollow noopener\" target=\"_blank\">M\u015a 2027<\/a>\u00a0w Katarze Polacy rozegraj\u0105 ju\u017c w niedziel\u0119 w Gdyni, gdzie w Polsat Plus Arenie dojdzie do rewan\u017cu z \u0141otyszami. Pocz\u0105tek tego meczu o godz. 20:30.<\/p>\n<p class=\"contentpart contentpart--default contentpart--text\" data-position=\"11\">Awans do kolejnego etapu walki o koszykarski mundial wywalcz\u0105 po trzy najlepsze dru\u017cyny z ka\u017cdej z o\u015bmiu grup tej fazy eliminacji.<\/p>\n<p>  <img decoding=\"async\" src=\"https:\/\/v.wpimg.pl\/X3dwLnN2d1IFFTpdYUl6R0ZNbgcnEHQREVV2TGEGbUtRT2MdOlZ2RBQUKABgQjQcDRotCStBd1IAAWMeIlM7VgwYIAorQAdEFFk_GCkQJQ\" alt=\"\" width=\"45\" height=\"58\" loading=\"lazy\"\/>  <\/p>\n<p class=\"contentpart contentpart--default contentpart--text\" data-position=\"12\"><a href=\"https:\/\/sportowefakty.wp.pl\/koszykowka\/lotwa\" rel=\"nofollow noopener\" target=\"_blank\">\u0141otwa<\/a>\u00a0&#8211;\u00a0<a href=\"https:\/\/sportowefakty.wp.pl\/koszykowka\/reprezentacja-polski-mezczyzn\" rel=\"nofollow noopener\" target=\"_blank\">Polska<\/a>\u00a082:84 (23:21, 25:21, 14:24, 20:18)<\/p>\n<p class=\"contentpart contentpart--default contentpart--text\" data-position=\"13\">\u0141otwa:\u00a0Arturs Strautins 27, Rihards Lomazs 19, Marcins Steinbergs 16, Kristers Zoriks 8, Toms Skuja 6, Karlis Silins 3, Mareks Mejeris 3, Arturs Kurucs 0, Klavs Cavars 0, Kristaps Kilps 0, Roberts Blumbergs 0.<\/p>\n<p class=\"contentpart contentpart--default contentpart--text\" data-position=\"14\">Polska:\u00a0Jordan Loyd 37, Mateusz Ponitka 27, Jaros\u0142aw Zyskowski 6, Dominik Olejniczak 6 (12 zb), Micha\u0142 Soko\u0142owski 2, Jakub Urbaniak 2, Andrzej Pluta 2, Miko\u0142aj Witli\u0144ski 2, Przemys\u0142aw \u017bo\u0142nierewicz 0, Tomasz Gielo 0, Kamil \u0141\u0105czy\u0144ski 0, Jakub Garbacz 0.<\/p>\n<p class=\"contentpart contentpart--default contentpart--text\" data-position=\"15\">Aktualna tabela grupy F:<\/p>\n<tr> #Dru\u017cynaMPkt.WP+\/- <\/tr>\n<tr>\n<td> 1. <\/td>\n<td> Polska <\/td>\n<td> 3 <\/td>\n<td> 6 <\/td>\n<td> 3 <\/td>\n<td> 0 <\/td>\n<td> 259:243 <\/td>\n<td> +16 <\/td>\n<\/tr>\n<tr>\n<td> 2. <\/td>\n<td> Holandia <\/td>\n<td> 3 <\/td>\n<td> 5 <\/td>\n<td> 2 <\/td>\n<td> 1 <\/td>\n<td> 250:234 <\/td>\n<td> +16 <\/td>\n<\/tr>\n<tr>\n<td> 3. <\/td>\n<td> \u0141otwa <\/td>\n<td> 3 <\/td>\n<td> 4 <\/td>\n<td> 1 <\/td>\n<td> 2 <\/td>\n<td> 246:238 <\/td>\n<td> +8 <\/td>\n<\/tr>\n<tr>\n<td> 4. <\/td>\n<td> Austria <\/td>\n<td> 3 <\/td>\n<td> 4 <\/td>\n<td> 0 <\/td>\n<td> 3 <\/td>\n<td> 217:257 <\/td>\n<td> -40 <\/td>\n<\/tr>\n","protected":false},"excerpt":{"rendered":"37 punkt\u00f3w i rzut na wag\u0119 zwyci\u0119stwa!\u00a0Jordan Loyd\u00a0do\u0142\u0105czy\u0142 do kadry w czwartek, a dzie\u0144 p\u00f3\u017aniej rzuci\u0142 \u0141otyszy na&hellip;\n","protected":false},"author":2,"featured_media":282397,"comment_status":"","ping_status":"","sticky":false,"template":"","format":"standard","meta":{"footnotes":"","_share_on_mastodon":"0"},"categories":[5],"tags":[18873,32,33,26353,36,37,27,2449,34,35,75,3037,47021,28,31,25,42,38,40,39,41,539,20922,29,30,26,47020],"class_list":["post-282396","post","type-post","status-publish","format-standard","has-post-thumbnail","category-naglowki","tag-basket-w-europie","tag-breaking-news","tag-breakingnews","tag-el-ms-2027","tag-featured-news","tag-featurednews","tag-headlines","tag-koszykowka","tag-latest-news","tag-latestnews","tag-lotwa","tag-mistrzostwa-swiata","tag-ms-2027","tag-naglowki","tag-najwazniejsze-artykuly","tag-news","tag-pl","tag-poland","tag-polish","tag-polska","tag-polski","tag-reprezentacje","tag-ryga","tag-top-stories","tag-topstories","tag-wiadomosci","tag-xiaomi-arena"],"share_on_mastodon":{"url":"https:\/\/pubeurope.com\/@pl\/116145889167256084","error":""},"_links":{"self":[{"href":"https:\/\/www.europesays.com\/pl\/wp-json\/wp\/v2\/posts\/282396","targetHints":{"allow":["GET"]}}],"collection":[{"href":"https:\/\/www.europesays.com\/pl\/wp-json\/wp\/v2\/posts"}],"about":[{"href":"https:\/\/www.europesays.com\/pl\/wp-json\/wp\/v2\/types\/post"}],"author":[{"embeddable":true,"href":"https:\/\/www.europesays.com\/pl\/wp-json\/wp\/v2\/users\/2"}],"replies":[{"embeddable":true,"href":"https:\/\/www.europesays.com\/pl\/wp-json\/wp\/v2\/comments?post=282396"}],"version-history":[{"count":0,"href":"https:\/\/www.europesays.com\/pl\/wp-json\/wp\/v2\/posts\/282396\/revisions"}],"wp:featuredmedia":[{"embeddable":true,"href":"https:\/\/www.europesays.com\/pl\/wp-json\/wp\/v2\/media\/282397"}],"wp:attachment":[{"href":"https:\/\/www.europesays.com\/pl\/wp-json\/wp\/v2\/media?parent=282396"}],"wp:term":[{"taxonomy":"category","embeddable":true,"href":"https:\/\/www.europesays.com\/pl\/wp-json\/wp\/v2\/categories?post=282396"},{"taxonomy":"post_tag","embeddable":true,"href":"https:\/\/www.europesays.com\/pl\/wp-json\/wp\/v2\/tags?post=282396"}],"curies":[{"name":"wp","href":"https:\/\/api.w.org\/{rel}","templated":true}]}}