{"id":282933,"date":"2026-02-28T12:12:09","date_gmt":"2026-02-28T12:12:09","guid":{"rendered":"https:\/\/www.europesays.com\/pl\/282933\/"},"modified":"2026-02-28T12:12:09","modified_gmt":"2026-02-28T12:12:09","slug":"obronca-zbigniewa-ziobry-chce-pozwac-waldemara-zurka-przesadzil-pan-2","status":"publish","type":"post","link":"https:\/\/www.europesays.com\/pl\/282933\/","title":{"rendered":"Obro\u0144ca Zbigniewa Ziobry chce pozwa\u0107 Waldemara \u017burka. &#8222;Przesadzi\u0142 pan&#8221;"},"content":{"rendered":"<p class=\"Paragraph_desktopParagraph__U31Gm\">Konfrontacja mi\u0119dzy znanym adwokatem a ministrem sprawiedliwo\u015bci wesz\u0142a w faz\u0119 prawn\u0105 po pi\u0105tkowym wyst\u0105pieniu Waldemara \u017burka. Mecenas Bartosz Lewandowski nie kry\u0142 oburzenia s\u0142owami, kt\u00f3re pad\u0142y pod jego adresem przed kamerami.<\/p>\n<p class=\"VideoPlayerText_videoPlayerText__iDwyz\">Dalszy ci\u0105g materia\u0142u pod wideo<\/p>\n<p class=\"Paragraph_desktopParagraph__U31Gm\">&#8222;Po tym, co dzisiaj Pan powiedzia\u0142 na m\u00f3j temat na konferencji prasowej, w przysz\u0142ym tygodniu skieruj\u0119 wobec Pana prywatny akt oskar\u017cenia, a nast\u0119pnie pozew. Troch\u0119 Pan przesadzi\u0142&#8221; \u2014 napisa\u0142 Lewandowski w mediach spo\u0142eczno\u015bciowych. <\/p>\n<ul class=\"OchatFollowUps_wrapper__1ry7X\">\n<li class=\"OchatFollowUps_item__Dhyly OchatFollowUps_itemDesktop__R6aBv\">Dlaczego Bartosz Lewandowski chce pozwa\u0107 Waldemara \u017burka?<\/li>\n<li class=\"OchatFollowUps_item__Dhyly OchatFollowUps_itemDesktop__R6aBv\">Jakie oskar\u017cenia stawia \u017burek Lewandowskiemu?<\/li>\n<li class=\"OchatFollowUps_item__Dhyly OchatFollowUps_itemDesktop__R6aBv\">Co powiedzia\u0142 Lewandowski o immunitecie Prokuratora Generalnego?<\/li>\n<li class=\"OchatFollowUps_item__Dhyly OchatFollowUps_itemDesktop__R6aBv\">Jakie materia\u0142y przedstawi\u0142 \u017burek przeciwko Lewandowskiemu?<\/li>\n<\/ul>\n<p class=\"Paragraph_desktopParagraph__U31Gm\">&#8222;Immunitet Prokuratora Generalnego nie trwa wiecznie. W zasadzie w ka\u017cdej chwili mo\u017ce Pan przesta\u0107 nim by\u0107&#8221; \u2014 doda\u0142 adwokat. <\/p>\n<p>Obro\u0144ca Ziobry chce pozwa\u0107 ministra sprawiedliwo\u015bci <\/p>\n<p class=\"Paragraph_desktopParagraph__U31Gm\">Zapalnikiem konfliktu sta\u0142y si\u0119 twierdzenia ministra \u017burka dotycz\u0105ce <a href=\"https:\/\/www.onet.pl\/informacje\/onetwiadomosci\/sadne-dni-przed-polakami-czy-prezydent-sparalizuje-sady\/vdvlkt3,79cfc278\" id=\"d703c7cf-8a11-4138-a02d-9cc47e9ecd82\" rel=\"nofollow noopener\" target=\"_blank\">prezydenckiego projektu ustawy o s\u0105downictwie<\/a>. Wed\u0142ug szefa resortu sprawiedliwo\u015bci dokument ten nie by\u0142 przygotowywany przez ekspert\u00f3w g\u0142owy pa\u0144stwa, lecz przez &#8222;ludzi by\u0142ego szefa ministerstwa sprawiedliwo\u015bci Zbigniewa Ziobry&#8221;.<\/p>\n<p class=\"Paragraph_desktopParagraph__U31Gm\">Minister \u017burek, powo\u0142uj\u0105c si\u0119 na ustalenia jednej z organizacji pozarz\u0105dowych, wskaza\u0142, \u017ce w pliku z uzasadnieniem projektu jako autor widnieje w\u0142a\u015bnie mec. Bartosz Lewandowski. Podczas konferencji zaprezentowano slajd, z kt\u00f3rego wynika\u0142o, \u017ce reforma nie ma charakteru eksperckiego, lecz jest &#8222;dokumentem skrojonym pod konkretne interesy polityczne i ideologiczne&#8221;.<\/p>\n<p class=\"Paragraph_desktopParagraph__U31Gm\">To jednak nie wszystko. Waldemar \u017burek przedstawi\u0142 szereg materia\u0142\u00f3w maj\u0105cych \u015bwiadczy\u0107 o szerokich powi\u0105zaniach Lewandowskiego z Rosj\u0105, m.in. zdj\u0119cia z wizyt mecenasa w Pa\u0142acu Prezydenckim oraz w Budapeszcie, gdzie towarzyszyli mu m.in. \u0141ukasz Piebiak (opisywany jako &#8222;herszt&#8221; afery hejterskiej) oraz Marcin Romanowski, na kt\u00f3rym ci\u0105\u017c\u0105 zarzuty w sprawie Funduszu Sprawiedliwo\u015bci.<\/p>\n<p class=\"Paragraph_desktopParagraph__U31Gm\">Najci\u0119\u017cszy kaliber oskar\u017ce\u0144 dotyczy\u0142 jednak rzekomych relacji zagranicznych. Minister zaprezentowa\u0142 list\u0119 kancelarii, kt\u00f3re maj\u0105 by\u0107 &#8222;rekomendowane przez ambasad\u0119 Rosji&#8221;. \u2014 Na pierwszym miejscu jest kancelaria mecenasa Bartosza Lewandowskiego. Sami pa\u0144stwo musicie wyci\u0105gn\u0105\u0107 wnioski \u2014 m\u00f3wi\u0142 \u017burek.<\/p>\n","protected":false},"excerpt":{"rendered":"Konfrontacja mi\u0119dzy znanym adwokatem a ministrem sprawiedliwo\u015bci wesz\u0142a w faz\u0119 prawn\u0105 po pi\u0105tkowym wyst\u0105pieniu Waldemara \u017burka. Mecenas Bartosz&hellip;\n","protected":false},"author":2,"featured_media":282934,"comment_status":"","ping_status":"","sticky":false,"template":"","format":"standard","meta":{"footnotes":"","_share_on_mastodon":"0"},"categories":[12],"tags":[1675,32,33,36,37,27,67,34,35,28,31,53,25,52,68,51,55,42,38,40,39,41,5427,62,47,29,30,65,50,793,26,4070],"class_list":["post-282933","post","type-post","status-publish","format-standard","has-post-thumbnail","category-polska","tag-bartosz_lewandowski","tag-breaking-news","tag-breakingnews","tag-featured-news","tag-featurednews","tag-headlines","tag-intextvideo_splayer","tag-latest-news","tag-latestnews","tag-naglowki","tag-najwazniejsze-artykuly","tag-new_header","tag-news","tag-onet3","tag-onet3d","tag-onet3d_2i","tag-phx","tag-pl","tag-poland","tag-polish","tag-polska","tag-polski","tag-prokurator_generalny","tag-rosja_kraj_rosjanin_rosjanie_rosjanka_rosjanki","tag-screening_general","tag-top-stories","tag-topstories","tag-update_me","tag-v2021","tag-waldemar_zurek","tag-wiadomosci","tag-zbigniew_ziobro_polityk"],"share_on_mastodon":{"url":"","error":"Validation failed: Text character limit of 500 exceeded"},"_links":{"self":[{"href":"https:\/\/www.europesays.com\/pl\/wp-json\/wp\/v2\/posts\/282933","targetHints":{"allow":["GET"]}}],"collection":[{"href":"https:\/\/www.europesays.com\/pl\/wp-json\/wp\/v2\/posts"}],"about":[{"href":"https:\/\/www.europesays.com\/pl\/wp-json\/wp\/v2\/types\/post"}],"author":[{"embeddable":true,"href":"https:\/\/www.europesays.com\/pl\/wp-json\/wp\/v2\/users\/2"}],"replies":[{"embeddable":true,"href":"https:\/\/www.europesays.com\/pl\/wp-json\/wp\/v2\/comments?post=282933"}],"version-history":[{"count":0,"href":"https:\/\/www.europesays.com\/pl\/wp-json\/wp\/v2\/posts\/282933\/revisions"}],"wp:featuredmedia":[{"embeddable":true,"href":"https:\/\/www.europesays.com\/pl\/wp-json\/wp\/v2\/media\/282934"}],"wp:attachment":[{"href":"https:\/\/www.europesays.com\/pl\/wp-json\/wp\/v2\/media?parent=282933"}],"wp:term":[{"taxonomy":"category","embeddable":true,"href":"https:\/\/www.europesays.com\/pl\/wp-json\/wp\/v2\/categories?post=282933"},{"taxonomy":"post_tag","embeddable":true,"href":"https:\/\/www.europesays.com\/pl\/wp-json\/wp\/v2\/tags?post=282933"}],"curies":[{"name":"wp","href":"https:\/\/api.w.org\/{rel}","templated":true}]}}