{"id":282980,"date":"2026-02-28T12:54:12","date_gmt":"2026-02-28T12:54:12","guid":{"rendered":"https:\/\/www.europesays.com\/pl\/282980\/"},"modified":"2026-02-28T12:54:12","modified_gmt":"2026-02-28T12:54:12","slug":"poscig-na-autostradzie-a4-slaska-policja-dziekuje-kierowcy-tira-za-nietypowa-pomoc","status":"publish","type":"post","link":"https:\/\/www.europesays.com\/pl\/282980\/","title":{"rendered":"Po\u015bcig na autostradzie A4. \u015al\u0105ska policja dzi\u0119kuje kierowcy tira za nietypow\u0105 pomoc"},"content":{"rendered":"\n<p class=\"ods-o-frame-in-text__paragraph\">W skr\u00f3cie: <\/p>\n<ul class=\"ods-m-bullet-list\">\n<li class=\"ods-a-bullet ods-a-bullet--normal\"> We wtorek 24 lutego na autostradzie A4 w okolicach \u017bernicy dosz\u0142o do spektakularnej akcji zatrzymania 47-latka poszukiwanego listem go\u0144czym <\/li>\n<li class=\"ods-a-bullet ods-a-bullet--normal\"> Widz\u0105c w lusterku policyjny po\u015bcig, kierowca ci\u0119\u017car\u00f3wki postanowi\u0142 wykorzysta\u0107 gabaryty swojego pojazdu do zablokowania uciekiniera <\/li>\n<li class=\"ods-a-bullet ods-a-bullet--normal\"> Zatrzymany m\u0119\u017cczyzna by\u0142 poszukiwany za &#8222;oszustwa o znacznej warto\u015bci&#8221;. Sp\u0119dzi w wi\u0119zieniu najbli\u017csze 2 lata i 8 miesi\u0119cy <\/li>\n<\/ul>\n<p>Autostrada A4, okolice \u017bernicy. M\u0119\u017cczyzna prowadz\u0105cy zestaw z naczep\u0105 przewo\u017c\u0105c\u0105 kilkadziesi\u0105t ton \u0142adunku widzi w lusterku czerwon\u0105 Toyot\u0119 Aygo i pod\u0105\u017caj\u0105c\u0105 za ni\u0105 migaj\u0105ce niebieskie \u015bwiat\u0142a. Miejskie auto pr\u00f3buje przecisn\u0105\u0107 si\u0119 poboczem, by zjecha\u0107 z autostrady, ale ko\u0144czy zaklinowane pomi\u0119dzy ci\u0105gnikiem siod\u0142owym a barierami energoch\u0142onnymi. Chwil\u0119 p\u00f3\u017aniej 47-latek z Toyoty jest ju\u017c kajdankach. Wszystko dzi\u0119ki bohaterskiej postawie kierowcy zestawu ci\u0119\u017carowego, kt\u00f3ry podj\u0105\u0142 spontaniczn\u0105 decyzj\u0119 o pomocy policjantom.<\/p>\n<p> Dalszy ci\u0105g artyku\u0142u pod materia\u0142em wideo    <\/p>\n<p> Gdzie mia\u0142a miejsce akcja zatrzymania uciekiniera? <\/p>\n<p> Jak d\u0142ugo potrwa kara dla zatrzymanego 47-latka? <\/p>\n<p> Jakiego pojazdu u\u017cywa\u0142 uciekinier? <\/p>\n<p> Co zrobi\u0142 kierowca ci\u0119\u017car\u00f3wki, aby pom\u00f3c policji? <\/p>\n<p>  \u015al\u0105sk: kierowca ci\u0119\u017car\u00f3wki zako\u0144czy\u0142 po\u015bcig na autostradzie A4Scena, o kt\u00f3rej mowa, rozegra\u0142a si\u0119 na \u015al\u0105sku we wtorek 24 lutego. Polowanie na kierowc\u0119 <a href=\"https:\/\/www.auto-swiat.pl\/testy\/testy-nowych-samochodow\/jezdzilem-hybrydowa-toyota-aygo-x-to-teraz-oszczedna-kieszonkowa-rakieta\/4xhl98q\" id=\"6a7832c1-87fd-4694-acf3-4335316e3b6a\" rel=\"nofollow noopener\" target=\"_blank\">czerwonej Toyoty Aygo<\/a> trwa\u0142o od d\u0142u\u017cszego czasu \u2014 47-latek by\u0142 poszukiwany listem go\u0144czym i kr\u0105\u017cy\u0142 po ca\u0142ym kraju, co mia\u0142o utrudni\u0107 zlokalizowanie go. Policjantom uda\u0142o si\u0119 jednak ustali\u0107 mark\u0119 i model auta, kt\u00f3rym si\u0119 przemieszcza\u0142. W ko\u0144cu \u015bl\u0105scy &#8222;\u0142owcy g\u0142\u00f3w&#8221; namierzyli poszukiwane auto na autostradzie A4 i poprosili o wsparcie koleg\u00f3w z Komisariatu Autostradowego Policji w Gliwicach.<\/p>\n<p>Mundurowi podj\u0119li pr\u00f3b\u0119 zatrzymania m\u0119\u017cczyzny do &#8222;kontroli drogowej&#8221; w rejonie \u017bernicy. Kiedy policjanci dali sygna\u0142 do zatrzymania, kierowca Toyoty zignorowa\u0142 go i przyspieszy\u0142, pr\u00f3buj\u0105c uciec drog\u00f3wce. 69-konny silniczek 1.0 VVT-i musia\u0142 wtedy dosta\u0107 ostro w ko\u015b\u0107&#8230; Po\u015bcig nie trwa\u0142 d\u0142ugo, bo do akcji wkroczy\u0142 kierowca ci\u0119\u017car\u00f3wki, kt\u00f3ry widzia\u0142 ca\u0142e zaj\u015bcie w bocznym lusterku. Zareagowa\u0142 b\u0142yskawicznie, postanawiaj\u0105c wykorzysta\u0107 przewag\u0119 gabaryt\u00f3w i masy prowadzonego przez niego zestawu pojazd\u00f3w. Malutka Toyota Aygo nie mia\u0142a szans w tej konfrontacji \u2014 kierowca ci\u0119\u017car\u00f3wki &#8222;przyklei\u0142&#8221; si\u0119 do niej i profesjonalnie j\u0105 wyhamowa\u0142, korzystaj\u0105c z ci\u0119\u017car\u00f3wki i barier energoch\u0142onnych. Uciekinier zosta\u0142 uwi\u0119ziony.<\/p>\n<p> <img decoding=\"async\" src=\"https:\/\/www.europesays.com\/pl\/wp-content\/uploads\/2026\/02\/JCsk9lCaHR0cHM6Ly9vY2RuLmV1L3B1bHNjbXMvTURBXy8yMjhhNzRhNGM4NjQ2MDFiYmI2Y2NiOGI5MWJlOTQ2NC5qcGVnkpUDA.jpeg\" height=\"627\" width=\"940\" alt=\"Silnik 1.0 VVT-i raczej kiepsko sprawdza si\u0119 podczas ucieczki. Podziwiamy wiar\u0119 kierowcy\" loading=\"lazy\" class=\"ods-c-image__img ods-c-image__img--viewport-width\"\/> <\/p>\n<p>Silnik 1.0 VVT-i raczej kiepsko sprawdza si\u0119 podczas ucieczki. Podziwiamy wiar\u0119 kierowcyIgor Kohutnicki \/ Auto \u015awiat<\/p>\n<p> Kim s\u0105 policyjni &#8222;\u0142owcy g\u0142\u00f3w&#8221;?<\/p>\n<p>Taki fina\u0142 tej historii to \u2014 oczywi\u015bcie \u2014 nie tylko zas\u0142uga kierowcy ci\u0119\u017car\u00f3wki. Nie dosz\u0142oby do tej sytuacji, gdyby policjanci nie wpadli wcze\u015bniej na trop poszukiwanego 47-latka. Mieszkaniec Zabrza trafi\u0142 na celownik s\u0142u\u017cb przez dokonywanie &#8222;oszustw o znacznej warto\u015bci&#8221;. List go\u0144czy wystawi\u0142 za nim S\u0105d Okr\u0119gowy w Gliwicach. Sprawa trafi\u0142a na biurka Zespo\u0142u Poszukiwa\u0144 Celowych w Komendzie Wojew\u00f3dzkiej Policji w Katowicach, czyli do tzw. \u0142owc\u00f3w g\u0142\u00f3w.<\/p>\n<p>Przeczytaj te\u017c: <a data-section=\"zobacz-takze-body\" href=\"https:\/\/www.auto-swiat.pl\/wiadomosci\/aktualnosci\/straz-graniczna-zatrzymala-czesciowo-skradzionego-mercedesa-nietypowa-kontrola\/smqr91p\" id=\"1c628a53-9e4b-48c5-a753-149b59d7fac3\" rel=\"nofollow noopener\" target=\"_blank\">Zatrzymali &#8222;cz\u0119\u015bciowo skradzionego&#8221; Mercedesa. Historia nietypowej kontroli<\/a><\/p>\n<p>Mundurowi z tego wydzia\u0142u specjalizuj\u0105 si\u0119 w namierzaniu os\u00f3b, kt\u00f3re latami wymykaj\u0105 si\u0119 wymiarowi sprawiedliwo\u015bci, nierzadko r\u00f3wnie\u017c za granic\u0105. W tym przypadku kluczowe okaza\u0142o si\u0119 ustalenie auta poszukiwanego, rozpoznanie jego nawyk\u00f3w oraz przygotowanie scenariuszy zatrzymania.<\/p>\n<p> <img decoding=\"async\" src=\"https:\/\/www.europesays.com\/pl\/wp-content\/uploads\/2026\/02\/6z2k9lBaHR0cHM6Ly9vY2RuLmV1L3B1bHNjbXMvTURBXy8xYzMxZGViZGJiMzlhZWY4MzM1MzY3YjQyZDNmMjc2ZS5qcGeSlQMAA.jpeg\" height=\"487\" width=\"650\" alt=\"Koniec po\u015bcigu na autostradzie A4\" loading=\"lazy\" class=\"ods-c-image__img ods-c-image__img--viewport-width\"\/> <\/p>\n<p>Koniec po\u015bcigu na autostradzie A4https:\/\/slaska.policja.gov.pl<\/p>\n<p>Na autostradzie A4 dosz\u0142o do po\u0142\u0105czenia tego policyjnego know\u2011how z profesjonalizmem kierowcy ci\u0119\u017car\u00f3wki i to przes\u0105dzi\u0142o o wyniku akcji. Ze strony policjant\u00f3w zadzia\u0142a\u0142y: analiza, rozpoznanie i koordynacja radiowa. Ze strony kierowcy ci\u0119\u017car\u00f3wki: opanowanie, kalkulacja i technika jazdy pozwalaj\u0105ca \u0142atwo zapanowa\u0107 nad ci\u0119\u017ckim pojazdem. \u015al\u0105scy policjanci przekazali, \u017ce zatrzymany 47-latek sp\u0119dzi najbli\u017csze 2 lata i 8 miesi\u0119cy w wi\u0119zieniu.<\/p>\n","protected":false},"excerpt":{"rendered":"W skr\u00f3cie: We wtorek 24 lutego na autostradzie A4 w okolicach \u017bernicy dosz\u0142o do spektakularnej akcji zatrzymania 47-latka&hellip;\n","protected":false},"author":2,"featured_media":282981,"comment_status":"","ping_status":"","sticky":false,"template":"","format":"standard","meta":{"footnotes":"","_share_on_mastodon":"0"},"categories":[12],"tags":[210,2636,32,33,6827,36,37,27,34,35,28,31,48,25,47063,46,42,38,414,40,39,41,572,47,29,30,26],"class_list":["post-282980","post","type-post","status-publish","format-standard","has-post-thumbnail","category-polska","tag-aktualnosci","tag-autostrada_a4","tag-breaking-news","tag-breakingnews","tag-ciezarowki","tag-featured-news","tag-featurednews","tag-headlines","tag-latest-news","tag-latestnews","tag-naglowki","tag-najwazniejsze-artykuly","tag-nat_styl","tag-news","tag-obywatelskie_zatrzymanie","tag-omp","tag-pl","tag-poland","tag-policja","tag-polish","tag-polska","tag-polski","tag-poscig","tag-screening_general","tag-top-stories","tag-topstories","tag-wiadomosci"],"share_on_mastodon":{"url":"https:\/\/pubeurope.com\/@pl\/116148362539523898","error":""},"_links":{"self":[{"href":"https:\/\/www.europesays.com\/pl\/wp-json\/wp\/v2\/posts\/282980","targetHints":{"allow":["GET"]}}],"collection":[{"href":"https:\/\/www.europesays.com\/pl\/wp-json\/wp\/v2\/posts"}],"about":[{"href":"https:\/\/www.europesays.com\/pl\/wp-json\/wp\/v2\/types\/post"}],"author":[{"embeddable":true,"href":"https:\/\/www.europesays.com\/pl\/wp-json\/wp\/v2\/users\/2"}],"replies":[{"embeddable":true,"href":"https:\/\/www.europesays.com\/pl\/wp-json\/wp\/v2\/comments?post=282980"}],"version-history":[{"count":0,"href":"https:\/\/www.europesays.com\/pl\/wp-json\/wp\/v2\/posts\/282980\/revisions"}],"wp:featuredmedia":[{"embeddable":true,"href":"https:\/\/www.europesays.com\/pl\/wp-json\/wp\/v2\/media\/282981"}],"wp:attachment":[{"href":"https:\/\/www.europesays.com\/pl\/wp-json\/wp\/v2\/media?parent=282980"}],"wp:term":[{"taxonomy":"category","embeddable":true,"href":"https:\/\/www.europesays.com\/pl\/wp-json\/wp\/v2\/categories?post=282980"},{"taxonomy":"post_tag","embeddable":true,"href":"https:\/\/www.europesays.com\/pl\/wp-json\/wp\/v2\/tags?post=282980"}],"curies":[{"name":"wp","href":"https:\/\/api.w.org\/{rel}","templated":true}]}}