{"id":283320,"date":"2026-02-28T18:05:23","date_gmt":"2026-02-28T18:05:23","guid":{"rendered":"https:\/\/www.europesays.com\/pl\/283320\/"},"modified":"2026-02-28T18:05:23","modified_gmt":"2026-02-28T18:05:23","slug":"anastazja-jakubiak-po-smierci-meza-przeszla-etap-zamkniecia-sie-czas-na-zmiane","status":"publish","type":"post","link":"https:\/\/www.europesays.com\/pl\/283320\/","title":{"rendered":"Anastazja Jakubiak po \u015bmierci m\u0119\u017ca przesz\u0142a &#8222;etap zamkni\u0119cia si\u0119&#8221;. Czas na zmian\u0119"},"content":{"rendered":"<p class=\"Paragraph_desktopParagraph__U31Gm\"><a href=\"https:\/\/plejada.pl\/temat\/tomasz-jakubiak\/tk8j2eq\" id=\"ec3da28b-288f-4e74-a64b-7f6ec9bc8d43\" rel=\"nofollow noopener\" target=\"_blank\">Tomasz Jakubiak <\/a>by\u0142 jednym z najbardziej rozpoznawalnych kucharzy w Polsce \u2014 publiczno\u015b\u0107 pokocha\u0142a go nie tylko za kulinarne umiej\u0119tno\u015bci, ale tak\u017ce jako jurora programu &#8222;MasterChef&#8221;. Jego \u015bmier\u0107 30 kwietnia 2025 r., poruszy\u0142a tysi\u0105ce os\u00f3b. W ostatnich miesi\u0105cach \u017cycia, gdy <a href=\"https:\/\/plejada.pl\/newsy\/tomasz-jakubiak-o-zyciu-z-choroba-moja-sytuacja-byla-juz-mocno-podbramkowa\/tch1q7k\" id=\"6cb95410-2914-4f76-88e1-0dbcac7cae0a\" rel=\"nofollow noopener\" target=\"_blank\">zmaga\u0142 si\u0119 z nowotworem ko\u015bci<\/a> z przerzutami, m\u00f3g\u0142 liczy\u0107 na wsparcie bliskich i fan\u00f3w. <\/p>\n<ul class=\"OchatFollowUps_wrapper__1ry7X\">\n<li class=\"OchatFollowUps_item__Dhyly OchatFollowUps_itemDesktop__R6aBv\">Jakie projekty prowadzi Fundacja 'W kosmosie&#8217;?<\/li>\n<li class=\"OchatFollowUps_item__Dhyly OchatFollowUps_itemDesktop__R6aBv\">Kiedy odb\u0119dzie si\u0119 fina\u0142 konkursu im. Tomka Jakubiaka?<\/li>\n<li class=\"OchatFollowUps_item__Dhyly OchatFollowUps_itemDesktop__R6aBv\">Jakie grupy wsparcia s\u0105 prowadzone przez fundacj\u0119?<\/li>\n<li class=\"OchatFollowUps_item__Dhyly OchatFollowUps_itemDesktop__R6aBv\">Jak Anastazja Jakubiak postrzega swoj\u0105 prac\u0119 w fundacji?<\/li>\n<\/ul>\n<p>Anastazja Jakubiak o dzia\u0142aniu fundacji: trzy filary <\/p>\n<p class=\"Paragraph_desktopParagraph__U31Gm\">Teraz <a href=\"https:\/\/plejada.pl\/temat\/anastazja-jakubiak\/4qnd4qe\" id=\"47320d75-c806-464c-bb2f-7ce3f410ab6c\" rel=\"nofollow noopener\" target=\"_blank\">Anastazja Jakubiak<\/a> prowadzi Fundacj\u0119 im. Tomka Jakubiaka &#8222;W kosmosie&#8221;. Nazwa nie jest przypadkowa \u2014 to nawi\u0105zanie do s\u0142\u00f3w, kt\u00f3re Tomasz wypowiedzia\u0142 tu\u017c przed \u015bmierci\u0105. Fundacja ma jasny cel: nie\u015b\u0107 dalej dobro, kt\u00f3re by\u0142o znakiem rozpoznawczym jurora programu &#8222;MasterChef Junior&#8221;.<\/p>\n<p class=\"Paragraph_desktopParagraph__U31Gm\">Anastazja Jakubiak w rozmowie z Plejad\u0105 opisuje trzy g\u0142\u00f3wne obszary dzia\u0142alno\u015bci fundacji. Pierwszym s\u0105 grupy wsparcia dla bliskich os\u00f3b choruj\u0105cych onkologicznie.<\/p>\n<blockquote>\n<p class=\"Paragraph_desktopParagraph__U31Gm\">Mamy ju\u017c osiem grup, pod opiek\u0105 niemal sto os\u00f3b. Projekt b\u0119dzie rozwijany, bo widzimy, jak bardzo jest potrzebny <\/p>\n<\/blockquote>\n<p class=\"Paragraph_desktopParagraph__U31Gm\">\u2014 m\u00f3wi.<\/p>\n<p class=\"Paragraph_desktopParagraph__U31Gm\">Drugim filarem s\u0105 warsztaty kulinarne w szko\u0142ach, prowadzone przez kucharzy, psychodietetyk\u00f3w i dietetyk\u00f3w. \u2014 Poprzez zabaw\u0119 i wsp\u00f3lne gotowanie przekazujemy dzieciom zdrowe nawyki. Chcemy dzia\u0142a\u0107 profilaktycznie, by dba\u0107 o zdrowie od najm\u0142odszych lat \u2014 t\u0142umaczy Anastazja Jakubiak.<\/p>\n<p class=\"Paragraph_desktopParagraph__U31Gm\">Trzeci projekt to konkurs im. Tomka Jakubiaka dla uczni\u00f3w szk\u00f3\u0142 gastronomicznych. Fina\u0142 konkursu zaplanowano na 17 kwietnia, a inicjatywa zosta\u0142a og\u0142oszona 24 lutego.<\/p>\n<p>Fundacja im. Tomka Jakubiaka: pomaganie jest zara\u017aliwe <\/p>\n<p class=\"Paragraph_desktopParagraph__U31Gm\">Anastazja Jakubiak nie ukrywa, \u017ce praca na rzecz fundacji jest dla niej cz\u0119\u015bciowo form\u0105 terapii po stracie m\u0119\u017ca. \u2014 To stanowisko obj\u0119\u0142am nie tylko zawodowo, ale z poziomu do\u015bwiadczenia \u017cyciowego, kt\u00f3rego nie wybra\u0142am. Daje mi to motywacj\u0119, poniewa\u017c \u0142\u0105cz\u0119 wykszta\u0142cenie z osobist\u0105 histori\u0105. Daje mi to si\u0142\u0119 \u2014 przyznaje.<\/p>\n<p class=\"Paragraph_desktopParagraph__U31Gm\">Podkre\u015bla, \u017ce pomaganie innym przynosi jej poczucie sensu i pozytywn\u0105 energi\u0119. \u2014 Pomaganie jest zara\u017aliwe. Kiedy zrobisz co\u015b dobrego, chcesz zrobi\u0107 kolejn\u0105 i kolejn\u0105 rzecz. Energia p\u0142yn\u0105ca od dzieci z warsztat\u00f3w czy od os\u00f3b z grup wsparcia naprawd\u0119 nap\u0119dza \u2014 m\u00f3wi.<\/p>\n<p class=\"Paragraph_desktopParagraph__U31Gm\">Anastazja Jakubiak zwraca uwag\u0119 na konieczno\u015b\u0107 wsparcia dla bliskich os\u00f3b chorych onkologicznie. \u2014 Je\u015bli opiekun nie zadba o siebie, wszystko si\u0119 sypie. To ekstremalne prze\u017cycie, ju\u017c sama informacja o chorobie jest traumatyczna \u2014 podkre\u015bla. Jej celem jest wzmocnienie tego &#8222;\u0142a\u0144cucha wsparcia&#8221;, by osoby opiekuj\u0105ce si\u0119 chorymi nie czu\u0142y si\u0119 osamotnione.<\/p>\n<blockquote>\n<p class=\"Paragraph_desktopParagraph__U31Gm\">W grupach widz\u0119, jak uczestnicy przychodz\u0105 z ogromnym ci\u0119\u017carem, ale wychodz\u0105 z u\u015bmiechem. To najlepszy dow\u00f3d, \u017ce takie wsparcie dzia\u0142a. Czuj\u0105, \u017ce nie s\u0105 sami, mog\u0105 wzajemnie si\u0119 wspiera\u0107, a to niezwykle wa\u017cne poza profesjonaln\u0105 pomoc\u0105 psychologiczn\u0105<\/p>\n<\/blockquote>\n<p class=\"Paragraph_desktopParagraph__U31Gm\">\u2014 t\u0142umaczy.<\/p>\n<p>Anastazja Jakubiak o wsparciu psychologicznym: nie jestem z \u017celaza <\/p>\n<p class=\"Paragraph_desktopParagraph__U31Gm\">Anastazja Jakubiak przyznaje, \u017ce jej aktywno\u015b\u0107 w mediach spo\u0142eczno\u015bciowych spotyka si\u0119 g\u0142\u00f3wnie z pozytywnym odbiorem, ale podkre\u015bla, \u017ce ka\u017cdy powinien mie\u0107 prawo prze\u017cywa\u0107 strat\u0119 na sw\u00f3j spos\u00f3b. \u2014 Przesz\u0142am etap zamkni\u0119cia si\u0119, nie jestem z \u017celaza. Uwa\u017cam, \u017ce prawdziwa terapia i wsparcie specjalisty s\u0105 kluczowe. Niekt\u00f3rzy te\u017c si\u0119gaj\u0105 po farmakologi\u0119 i my\u015bl\u0119, \u017ce to te\u017c jest bardzo wa\u017cne, poniewa\u017c ta stabilno\u015b\u0107 emocjonalno-psychiczna, tzw. BHP psychiczne, jest dla nas niesamowicie wa\u017cne. W szczeg\u00f3lno\u015bci, je\u017celi mamy ma\u0142e dzieci, kt\u00f3rymi dalej musimy si\u0119 opiekowa\u0107 i za kt\u00f3re jeste\u015bmy odpowiedzialni. Dop\u00f3ki nie zadbamy o siebie, nie b\u0119dziemy w stanie zadba\u0107 o innych \u2014 zaznacza.<\/p>\n<blockquote>\n<p class=\"Paragraph_desktopParagraph__U31Gm\">Choroba Tomka bardzo mnie zmieni\u0142a. To element, kt\u00f3ry b\u0119d\u0119 w sobie nosi\u0107 do ko\u0144ca<\/p>\n<\/blockquote>\n<p class=\"Paragraph_desktopParagraph__U31Gm\">\u2014 m\u00f3wi.<\/p>\n<p class=\"Paragraph_desktopParagraph__U31Gm\">Anastazja Jakubiak zapowiada, \u017ce chce rozwija\u0107 dotychczasowe projekty fundacji.<\/p>\n<blockquote>\n<p class=\"Paragraph_desktopParagraph__U31Gm\">Mam mn\u00f3stwo pomys\u0142\u00f3w, ale zanim cokolwiek og\u0142osz\u0119, wszystko musi by\u0107 w pe\u0142ni przygotowane<\/p>\n<\/blockquote>\n<p class=\"Paragraph_desktopParagraph__U31Gm\">\u2014 podsumowuje.<\/p>\n<p class=\"Paragraph_desktopParagraph__U31Gm\">Fundacja &#8222;W kosmosie&#8221; to nie tylko ho\u0142d dla Tomasza Jakubiaka, ale przede wszystkim realna pomoc dla tych, kt\u00f3rzy mierz\u0105 si\u0119 z chorob\u0105 i jej konsekwencjami. Anastazja Jakubiak przekonuje: pomaganie daje si\u0142\u0119 \u2014 i zamierza t\u0119 si\u0142\u0119 przekazywa\u0107 dalej.<\/p>\n<p class=\"Paragraph_desktopParagraph__U31Gm\">Dzi\u0119kujemy, \u017ce przeczyta\u0142a\u015b\/e\u015b nasz artyku\u0142 do ko\u0144ca. W serwisie Plejada.pl ka\u017cdego dnia piszemy o najwa\u017cniejszych wydarzeniach show-biznesowych. B\u0105d\u017a na bie\u017c\u0105co! <a rel=\"nofollow noopener\" href=\"https:\/\/news.google.com\/publications\/CAAiEF0PeAlb7W1llpV_mwV2rL4qFAgKIhBdD3gJW-1tZZaVf5sFdqy-?hl=pl&amp;gl=PL&amp;ceid=PL%3Apl\" id=\"c9e34e12-cd93-4cc8-887e-eee153a4a787\" target=\"_blank\">Obserwuj<\/a> Plejad\u0119 w Wiadomo\u015bciach Google. Odwied\u017a nas tak\u017ce na <a rel=\"nofollow noopener\" href=\"https:\/\/www.facebook.com\/plejadapl\" id=\"30a691d0-f0e7-4fdd-a305-54a8204d96b4\" target=\"_blank\">Facebooku<\/a>, <a rel=\"nofollow noopener\" href=\"https:\/\/www.instagram.com\/plejadapl\/\" id=\"5bfff4fd-d581-4264-acfc-0003d6c8a445\" target=\"_blank\">Instagramie<\/a>, <a rel=\"nofollow noopener\" href=\"https:\/\/www.youtube.com\/c\/plejada\" id=\"2cfc6cbc-0d77-4a59-bb1f-618e2f860453\" target=\"_blank\">YouTubie<\/a> oraz <a rel=\"nofollow noopener\" href=\"https:\/\/www.tiktok.com\/@plejada_pl\" id=\"0ba5892d-50b7-49be-81a7-dc5183346024\" target=\"_blank\">TikToku<\/a>.<\/p>\n<p class=\"Paragraph_desktopParagraph__U31Gm\">Chcesz podzieli\u0107 si\u0119 ciekawym newsem lub zaproponowa\u0107 temat? Skontaktuj si\u0119 z nami, pisz\u0105c maila na adres: plejada@redakcjaonet.pl.<\/p>\n<p><script async src=\"\/\/www.instagram.com\/embed.js\"><\/script><script async src=\"\/\/www.tiktok.com\/embed.js\"><\/script><\/p>\n","protected":false},"excerpt":{"rendered":"Tomasz Jakubiak by\u0142 jednym z najbardziej rozpoznawalnych kucharzy w Polsce \u2014 publiczno\u015b\u0107 pokocha\u0142a go nie tylko za kulinarne&hellip;\n","protected":false},"author":2,"featured_media":283321,"comment_status":"","ping_status":"","sticky":false,"template":"","format":"standard","meta":{"footnotes":"","_share_on_mastodon":"0"},"categories":[22],"tags":[18933,122,67,4094,53,52,68,51,55,42,38,40,39,41,123,47,196,1607,18934,341,338,65,50],"class_list":["post-283320","post","type-post","status-publish","format-standard","has-post-thumbnail","category-rozrywka","tag-anastazja_jakubiak","tag-entertainment","tag-intextvideo_splayer","tag-masterchef","tag-new_header","tag-onet3","tag-onet3d","tag-onet3d_2i","tag-phx","tag-pl","tag-poland","tag-polish","tag-polska","tag-polski","tag-rozrywka","tag-screening_general","tag-styl_zycia","tag-time_limited","tag-tomasz_jakubiak","tag-tylko_w_onecie","tag-tylko_w_plejadzie","tag-update_me","tag-v2021"],"share_on_mastodon":{"url":"https:\/\/pubeurope.com\/@pl\/116149585351965691","error":""},"_links":{"self":[{"href":"https:\/\/www.europesays.com\/pl\/wp-json\/wp\/v2\/posts\/283320","targetHints":{"allow":["GET"]}}],"collection":[{"href":"https:\/\/www.europesays.com\/pl\/wp-json\/wp\/v2\/posts"}],"about":[{"href":"https:\/\/www.europesays.com\/pl\/wp-json\/wp\/v2\/types\/post"}],"author":[{"embeddable":true,"href":"https:\/\/www.europesays.com\/pl\/wp-json\/wp\/v2\/users\/2"}],"replies":[{"embeddable":true,"href":"https:\/\/www.europesays.com\/pl\/wp-json\/wp\/v2\/comments?post=283320"}],"version-history":[{"count":0,"href":"https:\/\/www.europesays.com\/pl\/wp-json\/wp\/v2\/posts\/283320\/revisions"}],"wp:featuredmedia":[{"embeddable":true,"href":"https:\/\/www.europesays.com\/pl\/wp-json\/wp\/v2\/media\/283321"}],"wp:attachment":[{"href":"https:\/\/www.europesays.com\/pl\/wp-json\/wp\/v2\/media?parent=283320"}],"wp:term":[{"taxonomy":"category","embeddable":true,"href":"https:\/\/www.europesays.com\/pl\/wp-json\/wp\/v2\/categories?post=283320"},{"taxonomy":"post_tag","embeddable":true,"href":"https:\/\/www.europesays.com\/pl\/wp-json\/wp\/v2\/tags?post=283320"}],"curies":[{"name":"wp","href":"https:\/\/api.w.org\/{rel}","templated":true}]}}