{"id":283692,"date":"2026-03-01T01:58:15","date_gmt":"2026-03-01T01:58:15","guid":{"rendered":"https:\/\/www.europesays.com\/pl\/283692\/"},"modified":"2026-03-01T01:58:15","modified_gmt":"2026-03-01T01:58:15","slug":"waldemar-zurek-o-uchwale-w-sprawie-krs-nie-powiem-jaki-jest-plan-c","status":"publish","type":"post","link":"https:\/\/www.europesays.com\/pl\/283692\/","title":{"rendered":"Waldemar \u017burek o uchwale w sprawie KRS. &#8222;Nie powiem, jaki jest plan C&#8221;"},"content":{"rendered":"\n<p>Co powiedzia\u0142 minister sprawiedliwo\u015bci?<\/p>\n<p>\u2014 Nie powiem, jaki jest plan C. Oczywi\u015bcie on jest. Najpierw jednak powiem, \u017ce ta uchwa\u0142a to jest sukces, dlatego \u017ce \u015brodowisko s\u0119dziowskie chcia\u0142oby odbudowa\u0107 KRS zgodn\u0105 z nasz\u0105 Konstytucj\u0105 \u2014 o\u015bwiadczy\u0142 w &#8222;Go\u015bciu Wydarze\u0144&#8221; w Polsat News minister sprawiedliwo\u015bci i prokurator generalny Waldemar \u017burek. \u2014 Musimy zapobiega\u0107 ogromnym odszkodowaniom, kt\u00f3re ka\u017cdego dnia musimy wp\u0142aci\u0107 z bud\u017cetu pa\u0144stwa, (&#8230;) za to, \u017ce przegrywamy sprawy w s\u0105dach europejskich \u2014 doda\u0142.<\/p>\n","protected":false},"excerpt":{"rendered":"Co powiedzia\u0142 minister sprawiedliwo\u015bci? \u2014 Nie powiem, jaki jest plan C. Oczywi\u015bcie on jest. Najpierw jednak powiem, \u017ce&hellip;\n","protected":false},"author":2,"featured_media":283693,"comment_status":"","ping_status":"","sticky":false,"template":"","format":"standard","meta":{"footnotes":"","_share_on_mastodon":"0"},"categories":[12],"tags":[32,33,36,37,42093,27,49,1381,34,35,1380,28,31,48,25,46,42,38,40,39,41,47,5485,29,30,70,793,26],"class_list":["post-283692","post","type-post","status-publish","format-standard","has-post-thumbnail","category-polska","tag-breaking-news","tag-breakingnews","tag-featured-news","tag-featurednews","tag-float_tst0","tag-headlines","tag-kraj","tag-krs","tag-latest-news","tag-latestnews","tag-ministerstwo_sprawiedliwosci","tag-naglowki","tag-najwazniejsze-artykuly","tag-nat_styl","tag-news","tag-omp","tag-pl","tag-poland","tag-polish","tag-polska","tag-polski","tag-screening_general","tag-sejm_rp","tag-top-stories","tag-topstories","tag-w_skrocie","tag-waldemar_zurek","tag-wiadomosci"],"share_on_mastodon":{"url":"https:\/\/pubeurope.com\/@pl\/116151445284709296","error":""},"_links":{"self":[{"href":"https:\/\/www.europesays.com\/pl\/wp-json\/wp\/v2\/posts\/283692","targetHints":{"allow":["GET"]}}],"collection":[{"href":"https:\/\/www.europesays.com\/pl\/wp-json\/wp\/v2\/posts"}],"about":[{"href":"https:\/\/www.europesays.com\/pl\/wp-json\/wp\/v2\/types\/post"}],"author":[{"embeddable":true,"href":"https:\/\/www.europesays.com\/pl\/wp-json\/wp\/v2\/users\/2"}],"replies":[{"embeddable":true,"href":"https:\/\/www.europesays.com\/pl\/wp-json\/wp\/v2\/comments?post=283692"}],"version-history":[{"count":0,"href":"https:\/\/www.europesays.com\/pl\/wp-json\/wp\/v2\/posts\/283692\/revisions"}],"wp:featuredmedia":[{"embeddable":true,"href":"https:\/\/www.europesays.com\/pl\/wp-json\/wp\/v2\/media\/283693"}],"wp:attachment":[{"href":"https:\/\/www.europesays.com\/pl\/wp-json\/wp\/v2\/media?parent=283692"}],"wp:term":[{"taxonomy":"category","embeddable":true,"href":"https:\/\/www.europesays.com\/pl\/wp-json\/wp\/v2\/categories?post=283692"},{"taxonomy":"post_tag","embeddable":true,"href":"https:\/\/www.europesays.com\/pl\/wp-json\/wp\/v2\/tags?post=283692"}],"curies":[{"name":"wp","href":"https:\/\/api.w.org\/{rel}","templated":true}]}}