{"id":284065,"date":"2026-03-01T09:53:22","date_gmt":"2026-03-01T09:53:22","guid":{"rendered":"https:\/\/www.europesays.com\/pl\/284065\/"},"modified":"2026-03-01T09:53:22","modified_gmt":"2026-03-01T09:53:22","slug":"nie-bedzie-odwolan-wiceministrow-infrastruktury-klimczak-nie-jest-sztuka-zgadzac-sie-we-wszystkim","status":"publish","type":"post","link":"https:\/\/www.europesays.com\/pl\/284065\/","title":{"rendered":"Nie b\u0119dzie odwo\u0142a\u0144 wiceministr\u00f3w infrastruktury. Klimczak: Nie jest sztuk\u0105 zgadza\u0107 si\u0119 we wszystkim"},"content":{"rendered":"<p>W ostatnim czasie w przestrzeni medialnej pojawia\u0142y si\u0119 informacje jakoby minister infrastruktury Dariusz Klimczak chcia\u0142 odwo\u0142ania swoich trzech wiceministr\u00f3w. Dzi\u015b szef resortu zaprzeczy\u0142 jednak tym informacjom. <\/p>\n<p>Informacje o mo\u017cliwych odwo\u0142aniach trzech wiceministr\u00f3w infrastruktury podawa\u0142a m.in. \u201eGazeta Wyborcza\u201d, zdradzaj\u0105c, \u017ce niebawem Piotr Malepszak, Maciej Lasek i Przemys\u0142aw Koperski mog\u0105 straci\u0107 swoje \u201esto\u0142ki\u201d. Napi\u0119ci mia\u0142y dotyczy\u0107 m.in. ostatniego parali\u017cu na kolei czy <a href=\"https:\/\/www.rynek-kolejowy.pl\/wiadomosci\/pierwsze-wagony-z-niemiec-juz-w-barwach-pkp-intercity-126835.html\" target=\"_blank\" rel=\"nofollow noopener\">zakupu starych wagon\u00f3w kolei niemieckich<\/a>, czego wyja\u015bnienia domagali si\u0119 politycy opozycji. <a href=\"https:\/\/www.rynek-lotniczy.pl\/wiadomosci\/klimczak-broni-pgl-uratowal-lot-jest-potrzebny-26794.html\" target=\"_blank\" rel=\"nofollow noopener\">Cz\u0142onkowie resortu nie mogli r\u00f3wnie\u017c doj\u015b\u0107 do porozumienia w kwestii Polskiej Grupy Lotniczej.<\/a><\/p>\n<p>W pi\u0105tek rano jednak Dariusz Klimczak ostatecznie uci\u0105\u0142 wszelkie spekulacje. W trakcie rozmowy dla radia RMF FM przekaza\u0142, \u017ce nie wnioskuje o odwo\u0142anie wiceministr\u00f3w, ani \u017ce takowe odwo\u0142ania nie le\u017c\u0105 w kancelarii premiera.<\/p>\n<p>\u2013 Dobrze mi si\u0119 wsp\u00f3\u0142pracuje (z Piotrem Malepszakiem). Mamy r\u00f3\u017cnice zda\u0144, ale z ka\u017cdym wiceministrem mamy r\u00f3\u017cnice zda\u0144. Jeste\u015bmy z r\u00f3\u017cnych partii i na tym polega dobra wsp\u00f3\u0142praca, \u017ceby wypracowa\u0107 najlepsze rozwi\u0105zanie. Nie jest sztuk\u0105 zgadza\u0107 si\u0119 we wszystkim \u2013 powiedzia\u0142 Klimczak na antenie RMF FM.<\/p>\n","protected":false},"excerpt":{"rendered":"W ostatnim czasie w przestrzeni medialnej pojawia\u0142y si\u0119 informacje jakoby minister infrastruktury Dariusz Klimczak chcia\u0142 odwo\u0142ania swoich trzech&hellip;\n","protected":false},"author":2,"featured_media":284066,"comment_status":"","ping_status":"","sticky":false,"template":"","format":"standard","meta":{"footnotes":"","_share_on_mastodon":"0"},"categories":[16],"tags":[7648,113,112,7650,4807,2624,7651,2995,6108,3113,7649,7653,6467,2801,42,38,40,39,41,6228,7647,47175,7646,7652],"class_list":["post-284065","post","type-post","status-publish","format-standard","has-post-thumbnail","category-biznes","tag-autostrada","tag-biznes","tag-business","tag-cieplownictwo","tag-dariusz-klimczak","tag-energetyka","tag-linie-kolejowe","tag-lotnisko","tag-maciej-lasek","tag-ministerstwo-infrastruktury","tag-obwodnica","tag-operatorzy","tag-piotr-malepszak","tag-pkp-plk","tag-pl","tag-poland","tag-polish","tag-polska","tag-polski","tag-porty","tag-porty-lotnicze","tag-przemyslaw-koperski","tag-stocznie","tag-telekomunikacja"],"share_on_mastodon":{"url":"https:\/\/pubeurope.com\/@pl\/116153313231242365","error":""},"_links":{"self":[{"href":"https:\/\/www.europesays.com\/pl\/wp-json\/wp\/v2\/posts\/284065","targetHints":{"allow":["GET"]}}],"collection":[{"href":"https:\/\/www.europesays.com\/pl\/wp-json\/wp\/v2\/posts"}],"about":[{"href":"https:\/\/www.europesays.com\/pl\/wp-json\/wp\/v2\/types\/post"}],"author":[{"embeddable":true,"href":"https:\/\/www.europesays.com\/pl\/wp-json\/wp\/v2\/users\/2"}],"replies":[{"embeddable":true,"href":"https:\/\/www.europesays.com\/pl\/wp-json\/wp\/v2\/comments?post=284065"}],"version-history":[{"count":0,"href":"https:\/\/www.europesays.com\/pl\/wp-json\/wp\/v2\/posts\/284065\/revisions"}],"wp:featuredmedia":[{"embeddable":true,"href":"https:\/\/www.europesays.com\/pl\/wp-json\/wp\/v2\/media\/284066"}],"wp:attachment":[{"href":"https:\/\/www.europesays.com\/pl\/wp-json\/wp\/v2\/media?parent=284065"}],"wp:term":[{"taxonomy":"category","embeddable":true,"href":"https:\/\/www.europesays.com\/pl\/wp-json\/wp\/v2\/categories?post=284065"},{"taxonomy":"post_tag","embeddable":true,"href":"https:\/\/www.europesays.com\/pl\/wp-json\/wp\/v2\/tags?post=284065"}],"curies":[{"name":"wp","href":"https:\/\/api.w.org\/{rel}","templated":true}]}}