{"id":284740,"date":"2026-03-01T21:47:04","date_gmt":"2026-03-01T21:47:04","guid":{"rendered":"https:\/\/www.europesays.com\/pl\/284740\/"},"modified":"2026-03-01T21:47:04","modified_gmt":"2026-03-01T21:47:04","slug":"blokada-ciesniny-ormuz-moze-wplynac-na-ceny-ekspert-mowi-wprost","status":"publish","type":"post","link":"https:\/\/www.europesays.com\/pl\/284740\/","title":{"rendered":"Blokada Cie\u015bniny Ormuz mo\u017ce wp\u0142yn\u0105\u0107 na ceny. Ekspert m\u00f3wi wprost"},"content":{"rendered":"<p>Co najmniej 150 tankowc\u00f3w, w tym przewo\u017c\u0105cych rop\u0119 naftow\u0105 i skroplony gaz ziemny (LNG), jest unieruchomionych w Zatoce Perskiej, bo nie wp\u0142ywaj\u0105 one do Cie\u015bniny Ormuz, kt\u00f3ra \u0142\u0105czy zatok\u0119 z Morzem Arabskim i Oceanem Indyjskim. Po ameryka\u0144sko-izraelskim ataku na Iran jego Gwardia Rewolucyjna og\u0142osi\u0142a, \u017ce \u017cadnym jednostkom nie wolno pojawia\u0107 si\u0119 na wodach Ormuz.<\/p>\n<p>Realizacj\u0105 gro\u017aby by\u0142 dokonany w niedziel\u0119 nie u ira\u0144skich, lecz u oma\u0144skich wybrze\u017cy cie\u015bniny ostrza\u0142 tankowca, w kt\u00f3rym \u2014 jak podaj\u0105 m.in. Insider Paper oraz The Spectator Index \u2014 rannych zosta\u0142o czterech cz\u0142onk\u00f3w za\u0142ogi.<\/p>\n<p>\u2014 To jedno z kilku absolutnie kluczowych miejsc dla \u015bwiatowego handlu, kt\u00f3re nale\u017cy wymienia\u0107 razem z Cie\u015bnin\u0105 Malakka, Kana\u0142em Sueskim czy Kana\u0142em Panamskim \u2014 m\u00f3wi o Cie\u015bninie Ormuz Jakub Wiech, redaktor naczelny serwisu Energetyka24.<\/p>\n<p>\u2014 Przechodzi przez ni\u0105 m.in. 20 proc. \u015bwiatowego handlu rop\u0105, oko\u0142o 90 proc. LNG, a tak\u017ce ogromne ilo\u015bci takich paliw jak diesel, produkt\u00f3w \u017cywno\u015bciowych oraz nawoz\u00f3w.<\/p>\n<p>Zdaniem Wiecha, je\u015bli konflikt wok\u00f3\u0142 Iranu i Cie\u015bniny Ormuz szybko nie wyga\u015bnie, turbulencje wok\u00f3\u0142 cen surowc\u00f3w mog\u0105 przypomnie\u0107 Europejczykom cho\u0107by w namiastce rok 2022, po pe\u0142noskalowej inwazji Rosji na Ukrain\u0119.<\/p>\n<p>\u2014 Wtedy ceny no\u015bnik\u00f3w energii gwa\u0142townie skoczy\u0142y, mocno podbijaj\u0105c inflacyjnie ca\u0142\u0105 \u015bwiatow\u0105 gospodark\u0119, w tym dla przyk\u0142adu sektory transportu czy produkcji tworzyw sztucznych \u2014 przypomina Wiech.<\/p>\n<p>Wiech wylicza, \u017ce og\u00f3\u0142em Unia Europejska importuje z r\u00f3\u017cnych miejsc \u015bwiata 90 proc. zu\u017cywanego w niej gazu oraz 97 proc. ropy oraz paliw.<\/p>\n<p>\u2014 Z perspektywy Europy kryzys wok\u00f3\u0142 Cie\u015bniny Ormuz i Iranu pokazuje, \u017ce musimy podj\u0105\u0107 naprawd\u0119 szeroko zakrojone dzia\u0142ania, aby si\u0119 uniezale\u017cni\u0107 od zewn\u0119trznych dostaw surowc\u00f3w kopalnych \u2014 dodaje naczelny serwisu Energetyka24. \u2014 Zaburzenia wynikaj\u0105ce z polityki kogo\u015b innego, w zasadzie na drugim ko\u0144cu \u015bwiata, ogromnie mog\u0105 rzutowa\u0107 na nasz\u0105 gospodark\u0119.<\/p>\n<p> &#8222;Musimy ograniczy\u0107 rol\u0119 surowc\u00f3w kopalnych&#8221;<\/p>\n<p>Naczelny serwisu Energetyka24 ponownie wraca do wydarze\u0144 sprzed czterech lat.<\/p>\n<p>\u2014 Wtedy z racji zaburze\u0144 dostaw gazu z Rosji, na skutek przerwania zaopatrzenia z tego kraju i sankcji, mieli\u015bmy do czynienia z tak ekstremalnym podbiciem cen gazu w Europie, \u017ce one by\u0142y 35 razy wy\u017csze na rynku europejskim ni\u017c w hubie eksportowym (w\u0119\u017ale logistycznym) ze Stan\u00f3w Zjednoczonych \u2014 m\u00f3wi Wiech.<\/p>\n<p>\u2014 Podatno\u015b\u0107 na takie kryzysy sprawia, \u017ce nie jeste\u015bmy w stanie jako gospodarka d\u0142ugoterminowo pozostawa\u0107 konkurencyjni, wci\u0105\u017c opieraj\u0105c si\u0119 na paliwach, kt\u00f3rych nie mamy i kt\u00f3rych ceny dyktuj\u0105 nam inni. Dlatego w Unii Europejskiej musimy ograniczy\u0107 rol\u0119 surowc\u00f3w kopalnych.<\/p>\n<p><a href=\"https:\/\/wiadomosci.onet.pl\/swiat\/wojna-na-bliskim-wschodzie-odwet-iranu-eksplozje-w-kolejnych-miejscach-relacja\/l3ccyxh\" id=\"d84ed1b3-7d8a-4de5-bb96-47ba796f7880\" rel=\"nofollow noopener\" target=\"_blank\">CZYTAJ RELACJ\u0118 NA \u017bYWO! <\/a><\/p>\n","protected":false},"excerpt":{"rendered":"Co najmniej 150 tankowc\u00f3w, w tym przewo\u017c\u0105cych rop\u0119 naftow\u0105 i skroplony gaz ziemny (LNG), jest unieruchomionych w Zatoce&hellip;\n","protected":false},"author":2,"featured_media":284741,"comment_status":"","ping_status":"","sticky":false,"template":"","format":"standard","meta":{"footnotes":"","_share_on_mastodon":"0"},"categories":[16],"tags":[56,113,112,45486,42093,663,48,20577,46,42,38,40,39,41,47,80],"class_list":["post-284740","post","type-post","status-publish","format-standard","has-post-thumbnail","category-biznes","tag-article_premium","tag-biznes","tag-business","tag-ciesnina_ormuz","tag-float_tst0","tag-iran","tag-nat_styl","tag-oman","tag-omp","tag-pl","tag-poland","tag-polish","tag-polska","tag-polski","tag-screening_general","tag-swiat"],"share_on_mastodon":{"url":"https:\/\/pubeurope.com\/@pl\/116156120571201661","error":""},"_links":{"self":[{"href":"https:\/\/www.europesays.com\/pl\/wp-json\/wp\/v2\/posts\/284740","targetHints":{"allow":["GET"]}}],"collection":[{"href":"https:\/\/www.europesays.com\/pl\/wp-json\/wp\/v2\/posts"}],"about":[{"href":"https:\/\/www.europesays.com\/pl\/wp-json\/wp\/v2\/types\/post"}],"author":[{"embeddable":true,"href":"https:\/\/www.europesays.com\/pl\/wp-json\/wp\/v2\/users\/2"}],"replies":[{"embeddable":true,"href":"https:\/\/www.europesays.com\/pl\/wp-json\/wp\/v2\/comments?post=284740"}],"version-history":[{"count":0,"href":"https:\/\/www.europesays.com\/pl\/wp-json\/wp\/v2\/posts\/284740\/revisions"}],"wp:featuredmedia":[{"embeddable":true,"href":"https:\/\/www.europesays.com\/pl\/wp-json\/wp\/v2\/media\/284741"}],"wp:attachment":[{"href":"https:\/\/www.europesays.com\/pl\/wp-json\/wp\/v2\/media?parent=284740"}],"wp:term":[{"taxonomy":"category","embeddable":true,"href":"https:\/\/www.europesays.com\/pl\/wp-json\/wp\/v2\/categories?post=284740"},{"taxonomy":"post_tag","embeddable":true,"href":"https:\/\/www.europesays.com\/pl\/wp-json\/wp\/v2\/tags?post=284740"}],"curies":[{"name":"wp","href":"https:\/\/api.w.org\/{rel}","templated":true}]}}