{"id":284897,"date":"2026-03-02T01:35:03","date_gmt":"2026-03-02T01:35:03","guid":{"rendered":"https:\/\/www.europesays.com\/pl\/284897\/"},"modified":"2026-03-02T01:35:03","modified_gmt":"2026-03-02T01:35:03","slug":"el-ms-2027-tego-juz-nikt-nam-nie-odbierze-jest-perfekcyjnie","status":"publish","type":"post","link":"https:\/\/www.europesays.com\/pl\/284897\/","title":{"rendered":"El. M\u015a 2027. Tego ju\u017c nikt nam nie odbierze. Jest perfekcyjnie"},"content":{"rendered":"\n<p class=\"contentpart contentpart--default contentpart--text\" data-position=\"1\">Cztery mecze podczas\u00a0<a href=\"https:\/\/sportowefakty.wp.pl\/koszykowka\/el-ms-2027\" rel=\"nofollow noopener\" target=\"_blank\">eliminacji M\u015a 2027<\/a>\u00a0i cztery zwyci\u0119stwa. W niedziel\u0119 Bia\u0142o-Czerwoni rozbili \u0141otyszy, kt\u00f3rych w pi\u0105tek ograli w Rydze po szalonym rzucie r\u00f3wno z ko\u0144cow\u0105 syren\u0105\u00a0<a href=\"https:\/\/sportowefakty.wp.pl\/koszykowka\/jordan-loyd\" rel=\"nofollow noopener\" target=\"_blank\">Jordana Loyda<\/a>.<\/p>\n<p class=\"contentpart contentpart--default contentpart--text\" data-position=\"2\">Tym razem &#8211; w Gdyni &#8211; by\u0142o inaczej. Zupe\u0142nie inaczej. Szybko wypracowana dwucyfrowa przewaga i pe\u0142na kontrola do ko\u0144cowej syreny. To by\u0142 pewny, zespo\u0142owy triumf kadry\u00a0<a href=\"https:\/\/sportowefakty.wp.pl\/koszykowka\/igor-milicic\" rel=\"nofollow noopener\" target=\"_blank\">Igora Milicicia<\/a>.<\/p>\n<p>  <img decoding=\"async\" src=\"https:\/\/v.wpimg.pl\/X3dwLnN2d1IFFTpdYUl6R0ZNbgcnEHQREVV2TGEGbUtRT2MdOlZ2RBQUKABgQjQcDRotCStBd1IAAWMeIlM7VgwYIAorQAdEFFk_GCkQJQ\" alt=\"\" width=\"45\" height=\"58\" loading=\"lazy\"\/>  <\/p>\n<p class=\"contentpart contentpart--default contentpart--text\" data-position=\"3\">ZOBACZ WIDEO: &#8222;Zrobi\u0142by\u015b to?&#8221;. J\u0119drzejczyk pokaza\u0142a nagranie z kra\u0144ca \u015bwiata<\/p>\n<p class=\"contentpart contentpart--default contentpart--text\" data-position=\"5\">Triumf przypiecz\u0119towa\u0142 awans do kolejnej fazy eliminacji, kt\u00f3rych celem jest wyjazd na koszykarski mundial do Kataru. Mi\u0119dzy innymi dlatego ka\u017cdy mecz jest szalenie istotny, \u017ceby na koniec m\u00f3c si\u0119 cieszy\u0107 z wyjazdu na M\u015a.<\/p>\n<p class=\"contentpart contentpart--default contentpart--text\" data-position=\"6\">Polacy z bilansem 4-0 przewodz\u0105 w tabeli grupy F. W niedziel\u0119 sensacyjnej pora\u017cki we w\u0142asnej hali doznali Holendrzy. Wiceliderzy przegrali po szalonej ko\u0144c\u00f3wce z Austriakami 87:88.<\/p>\n<p class=\"contentpart contentpart--default contentpart--text\" data-position=\"7\">To sprawia, \u017ce Holandia traci dwa mecze do Polak\u00f3w. \u0141otysze i Austriacy maj\u0105 na swoim koncie zaledwie po jednym zwyci\u0119stwie. Do kolejnej fazy awans uzyskaj\u0105 po trzy ekipy z o\u015bmiu grup tej cz\u0119\u015bci eliminacji.<\/p>\n<p>  <img decoding=\"async\" src=\"https:\/\/v.wpimg.pl\/X3dwLnN2d1IFFTpdYUl6R0ZNbgcnEHQREVV2TGEGbUtRT2MdOlZ2RBQUKABgQjQcDRotCStBd1IAAWMeIlM7VgwYIAorQAdEFFk_GCkQJQ\" alt=\"\" width=\"45\" height=\"58\" loading=\"lazy\"\/>  <\/p>\n<p class=\"contentpart contentpart--default contentpart--text\" data-position=\"8\">Kolejne, ostatnie mecze tej pierwszej fazy, rozegrane zostan\u0105 3 i 6 lipca 2026. Bia\u0142o-Czerwoni zagraj\u0105 wtedy z Austriakami na wyje\u017adzie oraz Holendrami w domu.<\/p>\n<p class=\"contentpart contentpart--default contentpart--text\" data-position=\"9\">Wyniki 4. serii gier w grupie F:<\/p>\n<p class=\"contentpart contentpart--default contentpart--text\" data-position=\"10\"><a href=\"https:\/\/sportowefakty.wp.pl\/koszykowka\/reprezentacja-holandii\" rel=\"nofollow noopener\" target=\"_blank\">Holandia<\/a>\u00a0&#8211;\u00a0<a href=\"https:\/\/sportowefakty.wp.pl\/koszykowka\/reprezentacja-austrii\" rel=\"nofollow noopener\" target=\"_blank\">Austria<\/a>\u00a087:88<br \/><a href=\"https:\/\/sportowefakty.wp.pl\/koszykowka\/reprezentacja-polski-mezczyzn\" rel=\"nofollow noopener\" target=\"_blank\">Polska<\/a>\u00a0&#8211;\u00a0<a href=\"https:\/\/sportowefakty.wp.pl\/koszykowka\/lotwa\" rel=\"nofollow noopener\" target=\"_blank\">\u0141otwa<\/a>\u00a092:72<\/p>\n<p class=\"contentpart contentpart--default contentpart--text\" data-position=\"11\">Aktualna tabela grupy F:<\/p>\n<tr> #Dru\u017cynaMPkt.WP+\/- <\/tr>\n<tr>\n<td> 1. <\/td>\n<td> Polska <\/td>\n<td> 4 <\/td>\n<td> 8 <\/td>\n<td> 4 <\/td>\n<td> 0 <\/td>\n<td> 351:315 <\/td>\n<td> +36 <\/td>\n<\/tr>\n<tr>\n<td> 2. <\/td>\n<td> Holandia <\/td>\n<td> 4 <\/td>\n<td> 6 <\/td>\n<td> 2 <\/td>\n<td> 2 <\/td>\n<td> 337:322 <\/td>\n<td> +15 <\/td>\n<\/tr>\n<tr>\n<td> 3. <\/td>\n<td> \u0141otwa <\/td>\n<td> 4 <\/td>\n<td> 5 <\/td>\n<td> 1 <\/td>\n<td> 3 <\/td>\n<td> 318:330 <\/td>\n<td> -12 <\/td>\n<\/tr>\n<tr>\n<td> 4. <\/td>\n<td> Austria <\/td>\n<td> 4 <\/td>\n<td> 5 <\/td>\n<td> 1 <\/td>\n<td> 3 <\/td>\n<td> 305:344 <\/td>\n<td> -39 <\/td>\n<\/tr>\n","protected":false},"excerpt":{"rendered":"Cztery mecze podczas\u00a0eliminacji M\u015a 2027\u00a0i cztery zwyci\u0119stwa. W niedziel\u0119 Bia\u0142o-Czerwoni rozbili \u0141otyszy, kt\u00f3rych w pi\u0105tek ograli w Rydze&hellip;\n","protected":false},"author":2,"featured_media":284898,"comment_status":"","ping_status":"","sticky":false,"template":"","format":"standard","meta":{"footnotes":"","_share_on_mastodon":"0"},"categories":[24],"tags":[294,26353,1786,2449,75,47021,42,38,40,39,41,539,127,126],"class_list":["post-284897","post","type-post","status-publish","format-standard","has-post-thumbnail","category-sport","tag-austria","tag-el-ms-2027","tag-holandia","tag-koszykowka","tag-lotwa","tag-ms-2027","tag-pl","tag-poland","tag-polish","tag-polska","tag-polski","tag-reprezentacje","tag-sport","tag-sports"],"share_on_mastodon":{"url":"https:\/\/pubeurope.com\/@pl\/116157017389571373","error":""},"_links":{"self":[{"href":"https:\/\/www.europesays.com\/pl\/wp-json\/wp\/v2\/posts\/284897","targetHints":{"allow":["GET"]}}],"collection":[{"href":"https:\/\/www.europesays.com\/pl\/wp-json\/wp\/v2\/posts"}],"about":[{"href":"https:\/\/www.europesays.com\/pl\/wp-json\/wp\/v2\/types\/post"}],"author":[{"embeddable":true,"href":"https:\/\/www.europesays.com\/pl\/wp-json\/wp\/v2\/users\/2"}],"replies":[{"embeddable":true,"href":"https:\/\/www.europesays.com\/pl\/wp-json\/wp\/v2\/comments?post=284897"}],"version-history":[{"count":0,"href":"https:\/\/www.europesays.com\/pl\/wp-json\/wp\/v2\/posts\/284897\/revisions"}],"wp:featuredmedia":[{"embeddable":true,"href":"https:\/\/www.europesays.com\/pl\/wp-json\/wp\/v2\/media\/284898"}],"wp:attachment":[{"href":"https:\/\/www.europesays.com\/pl\/wp-json\/wp\/v2\/media?parent=284897"}],"wp:term":[{"taxonomy":"category","embeddable":true,"href":"https:\/\/www.europesays.com\/pl\/wp-json\/wp\/v2\/categories?post=284897"},{"taxonomy":"post_tag","embeddable":true,"href":"https:\/\/www.europesays.com\/pl\/wp-json\/wp\/v2\/tags?post=284897"}],"curies":[{"name":"wp","href":"https:\/\/api.w.org\/{rel}","templated":true}]}}