{"id":284992,"date":"2026-03-02T06:05:08","date_gmt":"2026-03-02T06:05:08","guid":{"rendered":"https:\/\/www.europesays.com\/pl\/284992\/"},"modified":"2026-03-02T06:05:08","modified_gmt":"2026-03-02T06:05:08","slug":"waszyngton-i-teheran-wroca-do-rozmow-nuklearnych-media-laridzani-podjal-probe-onet","status":"publish","type":"post","link":"https:\/\/www.europesays.com\/pl\/284992\/","title":{"rendered":"Waszyngton i Teheran wr\u00f3c\u0105 do rozm\u00f3w nuklearnych? Media: Larid\u017cani podj\u0105\u0142 pr\u00f3b\u0119 &#8211; Onet"},"content":{"rendered":"<ol>\n<li><a href=\"https:\/\/news.google.com\/rss\/articles\/CBMi1wFBVV95cUxQeWUxcG5nUnQxeW5FQ3ZSWUp5MzZLZ0JqOUxoUXljeC1Jckh1SExLWThua2ZWNnJMZzNGV0Z2SjVEdlBGVUJRN2NXTl9nTzVRYkpHZDJvM2VkamZXclJLNTh2YXdGQ3BDeFFoSElSRlB3b0ZPbXAyWG1Ncl9QYVhFQ0ZNcFAzTG16UXYwS2NRNFdENjM3eExMbGhyb2VMU28yR3ZzUjl1N1RSbUhLMm9iN1BNdjJtbVk1RTdnWWE3QXpmczJ6SzVQOUZadXlyQWR2TmxQS1BkVQ?oc=5\" target=\"_blank\" rel=\"nofollow noopener\">Waszyngton i Teheran wr\u00f3c\u0105 do rozm\u00f3w nuklearnych? Media: Larid\u017cani podj\u0105\u0142 pr\u00f3b\u0119<\/a>&nbsp;&nbsp;Onet<\/li>\n<li><a href=\"https:\/\/news.google.com\/rss\/articles\/CBMirwFBVV95cUxNY2lGWUxITlo1eDR6R255LV9qVkVlMHhCUTFleVVqSk5CUGNHSC0xZmctWHk1bkxNM1gzQ19yb0cwMjh6VjU4YmNXbFZPeW4zTG1BSHJjY1p4M0RBR0NUaU5qMXJSYTRTVTFtN085MFBweDRCT3ctakZya0JuclFZcXVoNUkyQkFGR3cwZlJvWlY4VThZa3JfUzJCVnl4dDNmWVVCLWNqZzNwbGtXdUZF?oc=5\" target=\"_blank\" rel=\"nofollow noopener\">Applebaum: Trump nie wie, czego chce od Iranu i komu mieliby si\u0119 podda\u0107 ajatollahowie<\/a>&nbsp;&nbsp;Wyborcza.pl<\/li>\n<li><a href=\"https:\/\/news.google.com\/rss\/articles\/CBMiugFBVV95cUxPSGVrT1pzVUpncWpGbVRlX2lBSm9uc2dyWGZFZ3JFMWVMZWRyUHRSVkRXYmdja25wMjE1NXVlSXZnbklkRWlmaXF5OVFMRzhtODJrVW13Q1lYT1NoNVB4QmcwUDRtNWhFS1paN1JISDJPVktRZzVKZzlGVHVISEhxN3ZFT0w5ZHhZcjY4MF9iZmtaOXd6QVJYcWxUQjB3aGtGbWlxMVFQVTFUMFlGek40Wl9TeDdwQVFzblE?oc=5\" target=\"_blank\" rel=\"nofollow noopener\">Waszyngton i Teheran wr\u00f3c\u0105 do rozm\u00f3w nuklearnych? Media o ruchu Larid\u017caniego. Polityk dementuje<\/a>&nbsp;&nbsp;Wiadomo\u015bci Onet<\/li>\n<li><a href=\"https:\/\/news.google.com\/rss\/articles\/CBMinwFBVV95cUxNejFoVEhySGRQWWNMcGJNU2dYTVJRSGgxdDZLaGJfQXlvM3RTOUYzX3BaQVRYdHFCWHN0cE9BcHp1Sk1tcjlkdG03ekpqTDB5RDdWdWNxcjlNUmNXdXBrZmJzdmYyVzEwekZWR0ZXeGxaTTZBSmtQXzIya3RTc1RyZkg4UVc1U1ZkMXlneHlmR0pKSGd5WDVUVkZGTHBERWM?oc=5\" target=\"_blank\" rel=\"nofollow noopener\">&#8222;Nie b\u0119dziemy negocjowa\u0107 ze Stanami Zjednoczonymi&#8221;<\/a>&nbsp;&nbsp;TVN24<\/li>\n<li><a href=\"https:\/\/news.google.com\/rss\/articles\/CBMivwFBVV95cUxPM2pPQVZXYlBuSHFmRzBQYzQySTc3cmR4Q2RFTEN5T2k0eDIzWHpBVGxjSGN4OG5BN0l5SGU5RzFTTWZUUVI1dkk3c1ZhLUYxXzFZVVhmSlM5azZhUHUtUkgtN0dKR2JEMFozZFB4MGV4U0pETFNnaHJXNE91eEhKNE9SZjBNUEZNVDFRTW5IVXBzVmJmN3RiUWRtZXpNeTFMNncwZjZQM0daUmRxWG03VHJBeHF5V2V6cmRBZk5hcw?oc=5\" target=\"_blank\" rel=\"nofollow noopener\">&#8222;Wojsko jest po naszej stronie&#8221;. Syn szacha idzie po w\u0142adz\u0119 w Iranie<\/a>&nbsp;&nbsp;Wydarzenia w INTERIA.PL<\/li>\n<\/ol>\n","protected":false},"excerpt":{"rendered":"Waszyngton i Teheran wr\u00f3c\u0105 do rozm\u00f3w nuklearnych? Media: Larid\u017cani podj\u0105\u0142 pr\u00f3b\u0119&nbsp;&nbsp;Onet Applebaum: Trump nie wie, czego chce od&hellip;\n","protected":false},"author":2,"featured_media":284993,"comment_status":"","ping_status":"","sticky":false,"template":"","format":"standard","meta":{"footnotes":"","_share_on_mastodon":"0"},"categories":[14],"tags":[32,33,244,27,67,307,34,35,28,31,53,25,20577,52,68,51,55,40,41,47,59,80,29,30,65,50,26,82,83,84],"class_list":["post-284992","post","type-post","status-publish","format-standard","has-post-thumbnail","category-swiat","tag-breaking-news","tag-breakingnews","tag-ctr_tst","tag-headlines","tag-intextvideo_splayer","tag-iran_kraj","tag-latest-news","tag-latestnews","tag-naglowki","tag-najwazniejsze-artykuly","tag-new_header","tag-news","tag-oman","tag-onet3","tag-onet3d","tag-onet3d_2i","tag-phx","tag-polish","tag-polski","tag-screening_general","tag-stany_zjednoczone_usa","tag-swiat","tag-top-stories","tag-topstories","tag-update_me","tag-v2021","tag-wiadomosci","tag-world","tag-world-news","tag-worldnews"],"share_on_mastodon":{"url":"https:\/\/pubeurope.com\/@pl\/116158078852332548","error":""},"_links":{"self":[{"href":"https:\/\/www.europesays.com\/pl\/wp-json\/wp\/v2\/posts\/284992","targetHints":{"allow":["GET"]}}],"collection":[{"href":"https:\/\/www.europesays.com\/pl\/wp-json\/wp\/v2\/posts"}],"about":[{"href":"https:\/\/www.europesays.com\/pl\/wp-json\/wp\/v2\/types\/post"}],"author":[{"embeddable":true,"href":"https:\/\/www.europesays.com\/pl\/wp-json\/wp\/v2\/users\/2"}],"replies":[{"embeddable":true,"href":"https:\/\/www.europesays.com\/pl\/wp-json\/wp\/v2\/comments?post=284992"}],"version-history":[{"count":0,"href":"https:\/\/www.europesays.com\/pl\/wp-json\/wp\/v2\/posts\/284992\/revisions"}],"wp:featuredmedia":[{"embeddable":true,"href":"https:\/\/www.europesays.com\/pl\/wp-json\/wp\/v2\/media\/284993"}],"wp:attachment":[{"href":"https:\/\/www.europesays.com\/pl\/wp-json\/wp\/v2\/media?parent=284992"}],"wp:term":[{"taxonomy":"category","embeddable":true,"href":"https:\/\/www.europesays.com\/pl\/wp-json\/wp\/v2\/categories?post=284992"},{"taxonomy":"post_tag","embeddable":true,"href":"https:\/\/www.europesays.com\/pl\/wp-json\/wp\/v2\/tags?post=284992"}],"curies":[{"name":"wp","href":"https:\/\/api.w.org\/{rel}","templated":true}]}}