{"id":285091,"date":"2026-03-02T07:33:09","date_gmt":"2026-03-02T07:33:09","guid":{"rendered":"https:\/\/www.europesays.com\/pl\/285091\/"},"modified":"2026-03-02T07:33:09","modified_gmt":"2026-03-02T07:33:09","slug":"demi-moore-na-actor-awards-2026-wyglad-ikony-hollywood-zmartwil-fanow","status":"publish","type":"post","link":"https:\/\/www.europesays.com\/pl\/285091\/","title":{"rendered":"Demi Moore na Actor Awards 2026. Wygl\u0105d ikony Hollywood zmartwi\u0142 fan\u00f3w"},"content":{"rendered":"<p>Cho\u0107 Moore zachwyci\u0142a stylizacj\u0105, to nie ona sta\u0142a si\u0119 g\u0142\u00f3wnym tematem internetowych dyskusji. Uwag\u0119 internaut\u00f3w przyku\u0142a wyj\u0105tkowo szczup\u0142a sylwetka gwiazdy. Po publikacji zdj\u0119\u0107 z gali na platformie X (dawniej Twitter) pojawi\u0142y si\u0119 liczne komentarze wyra\u017caj\u0105ce niepok\u00f3j i spekulacje dotycz\u0105ce jej zdrowia. &#8222;Czy ona bierze Ozempic?&#8221; \u2014 pyta\u0142 jeden z u\u017cytkownik\u00f3w, nawi\u0105zuj\u0105c do popularnego w\u015br\u00f3d gwiazd leku na cukrzyc\u0119, wykorzystywanego tak\u017ce do redukcji masy cia\u0142a. Inni zastanawiali si\u0119, czy Moore nie stosuje fikcyjnego specyfiku The Substance \u2014 nawi\u0105zuj\u0105c do roli aktorki w horrorze z 2024 r.<\/p>\n<p> <img decoding=\"async\" src=\"https:\/\/www.europesays.com\/pl\/wp-content\/uploads\/2026\/03\/-lEk9lBaHR0cHM6Ly9vY2RuLmV1L3B1bHNjbXMvTURBXy85NjEwY2JkZmU2M2ZlNTc3OWQ4Yjk4MmNmODk5MjVkMy5qcGeRlQLNB.jpeg\" height=\"800\" width=\"533\" alt=\"Demi Moore\" loading=\"lazy\" class=\"ods-c-image__img ods-c-image__img--vertical\"\/> <\/p>\n<p>Demi MooreEarl Gibson III\/Getty Images \/ Getty Images<\/p>\n<p>  Dalszy ci\u0105g artyku\u0142u pod materia\u0142em wideo    <\/p>\n<p> Co nosi\u0142a Demi Moore na Actor Awards 2026? <\/p>\n<p> Co zaniepokoi\u0142o fan\u00f3w Demi Moore? <\/p>\n<p> Jakie by\u0142y komentarze internaut\u00f3w na temat wygl\u0105du Demi Moore? <\/p>\n<p> Czy Demi Moore zdoby\u0142a jak\u0105\u015b nagrod\u0119 na gali? <\/p>\n<p>&#8222;Za chuda&#8221;, &#8222;Nie wygl\u0105da\u0142a tak w zesz\u0142ym roku&#8221;, &#8222;Czy ca\u0142e Hollywood jest na Ozempicu?&#8221; \u2014 to kolejne z komentarzy, kt\u00f3re pojawi\u0142y si\u0119 w sieci. Nie zabrak\u0142o te\u017c ironicznych uwag o kosztach \u017cycia w Los Angeles. Redakcja &#8222;Daily Maila&#8221; pr\u00f3bowa\u0142a uzyska\u0107 komentarz od przedstawicieli Moore, jednak nie otrzyma\u0142a odpowiedzi.<\/p>\n<p>Tegoroczny wyst\u0119p na czerwonym dywanie zbieg\u0142 si\u0119 z metamorfoz\u0105 legendy kina \u2014 przez lata wierna d\u0142ugim, ciemnym w\u0142osom, zdecydowa\u0142a si\u0119 na kr\u00f3tkiego, falowanego boba. To zaskakuj\u0105cy wyb\u00f3r, bior\u0105c pod uwag\u0119 jej wcze\u015bniejsze deklaracje. Jak wielokrotnie podkre\u015bla\u0142a, d\u0142ugie w\u0142osy po sze\u015b\u0107dziesi\u0105tce s\u0105 dla niej symbolem nieulegania patriarchalnym normom. \u2014 Kto\u015b powiedzia\u0142, \u017ce starsze kobiety nie powinny mie\u0107 d\u0142ugich w\u0142os\u00f3w. Ale kto tak m\u00f3wi? Je\u015bli mog\u0105 mi rosn\u0105\u0107 i s\u0105 zdrowe, to czemu nie? \u2014 m\u00f3wi\u0142a w rozmowie z &#8222;People&#8221; w 2022 r.<\/p>\n<blockquote class=\"ods-o-quote\">\n<p class=\"ods-o-quote__paragraph\">Teraz, kiedy jestem starsza, wiem ju\u017c, \u017ce niczego nie musz\u0119 udowadnia\u0107. Je\u015bli do roli b\u0119dzie potrzebna inna fryzura, mog\u0105 mi za\u0142o\u017cy\u0107 peruk\u0119. Poza tym nie wiadomo, jakby te w\u0142osy potem odros\u0142y!<\/p>\n<\/blockquote>\n<p>\u2014 podkre\u015bla\u0142a.<\/p>\n<p>Mimo \u017ce tegoroczna gala nie przynios\u0142a jej statuetki, lista nagrodzonych by\u0142a d\u0142uga. W\u015br\u00f3d wyr\u00f3\u017cnionych znale\u017ali si\u0119 m.in.: Jessie Buckley za rol\u0119 w &#8222;Hamnecie&#8221;, Michael B. Jordan za &#8222;Grzesznik\u00f3w&#8221;, Amy Madigan za thriller &#8222;Znikni\u0119cia&#8221; oraz seriale &#8222;The Pitt&#8221; i &#8222;The Studio&#8221; \u2014 zdobywcy najwa\u017cniejszych nagr\u00f3d w kategoriach dramatycznych i komediowych.<\/p>\n","protected":false},"excerpt":{"rendered":"Cho\u0107 Moore zachwyci\u0142a stylizacj\u0105, to nie ona sta\u0142a si\u0119 g\u0142\u00f3wnym tematem internetowych dyskusji. Uwag\u0119 internaut\u00f3w przyku\u0142a wyj\u0105tkowo szczup\u0142a&hellip;\n","protected":false},"author":2,"featured_media":285092,"comment_status":"","ping_status":"","sticky":false,"template":"","format":"standard","meta":{"footnotes":"","_share_on_mastodon":"0"},"categories":[22],"tags":[1942,5095,122,816,48,46,16782,42,38,40,39,41,123,47],"class_list":["post-285091","post","type-post","status-publish","format-standard","has-post-thumbnail","category-rozrywka","tag-celebryci","tag-demi_moore","tag-entertainment","tag-film","tag-nat_styl","tag-omp","tag-ozempic","tag-pl","tag-poland","tag-polish","tag-polska","tag-polski","tag-rozrywka","tag-screening_general"],"share_on_mastodon":{"url":"https:\/\/pubeurope.com\/@pl\/116158424840347495","error":""},"_links":{"self":[{"href":"https:\/\/www.europesays.com\/pl\/wp-json\/wp\/v2\/posts\/285091","targetHints":{"allow":["GET"]}}],"collection":[{"href":"https:\/\/www.europesays.com\/pl\/wp-json\/wp\/v2\/posts"}],"about":[{"href":"https:\/\/www.europesays.com\/pl\/wp-json\/wp\/v2\/types\/post"}],"author":[{"embeddable":true,"href":"https:\/\/www.europesays.com\/pl\/wp-json\/wp\/v2\/users\/2"}],"replies":[{"embeddable":true,"href":"https:\/\/www.europesays.com\/pl\/wp-json\/wp\/v2\/comments?post=285091"}],"version-history":[{"count":0,"href":"https:\/\/www.europesays.com\/pl\/wp-json\/wp\/v2\/posts\/285091\/revisions"}],"wp:featuredmedia":[{"embeddable":true,"href":"https:\/\/www.europesays.com\/pl\/wp-json\/wp\/v2\/media\/285092"}],"wp:attachment":[{"href":"https:\/\/www.europesays.com\/pl\/wp-json\/wp\/v2\/media?parent=285091"}],"wp:term":[{"taxonomy":"category","embeddable":true,"href":"https:\/\/www.europesays.com\/pl\/wp-json\/wp\/v2\/categories?post=285091"},{"taxonomy":"post_tag","embeddable":true,"href":"https:\/\/www.europesays.com\/pl\/wp-json\/wp\/v2\/tags?post=285091"}],"curies":[{"name":"wp","href":"https:\/\/api.w.org\/{rel}","templated":true}]}}