{"id":285796,"date":"2026-03-02T16:27:14","date_gmt":"2026-03-02T16:27:14","guid":{"rendered":"https:\/\/www.europesays.com\/pl\/285796\/"},"modified":"2026-03-02T16:27:14","modified_gmt":"2026-03-02T16:27:14","slug":"daniel-chwist-na-liscie-100-najbogatszych-polakow-forbesa-kim-jest","status":"publish","type":"post","link":"https:\/\/www.europesays.com\/pl\/285796\/","title":{"rendered":"Daniel Chwist na li\u015bcie 100 najbogatszych Polak\u00f3w Forbesa. Kim jest?"},"content":{"rendered":"<p>Daniel Chwist od lipca ubieg\u0142ego roku zarz\u0105dza Grup\u0105 Zasada. Wraz ze swoj\u0105 rodzin\u0105 znalaz\u0142 si\u0119 na li\u015bcie <a href=\"https:\/\/www.forbes.pl\/100-najbogatszych\/lista-100-najbogatszych-polakow-2026-rok-ostroznego-bogacenia-sie\/z1qvjw6\" id=\"ba63ca71-a012-42c6-b330-7cb6878c0bc1\" rel=\"nofollow noopener\" target=\"_blank\">100 najbogatszych Polak\u00f3w magazynu Forbes<\/a>. Urodzi\u0142 si\u0119 w 1983 r. Jest wnukiem Sobies\u0142awa Zasady, kt\u00f3ry od lat 70. rozwija\u0142 w Polsce dzia\u0142alno\u015b\u0107 produkcyjn\u0105. Najpierw dzia\u0142a\u0142 w bran\u017cy tworzyw sztucznych. P\u00f3\u017aniej z czasem powi\u0119kszy\u0142 j\u0105 o dzia\u0142alno\u015b\u0107 dealersk\u0105 (m.in. marek Mercedes-Benz oraz Volkswagena) oraz dewelopersk\u0105.   <\/p>\n<p> Kim jest Daniel Chwist? <\/p>\n<p> Jakie do\u015bwiadczenie ma Daniel Chwist w motoryzacji? <\/p>\n<p> Co zarz\u0105dza Daniel Chwist? <\/p>\n<p> Jak\u0105 pasj\u0119 dzieli Daniel Chwist z dziadkiem? <\/p>\n<p>  Daniel Chwist \u2014 mened\u017cer z wieloletnim do\u015bwiadczeniem w motoryzacji<\/p>\n<p>Daniel Chwist ma wieloletnie do\u015bwiadczenie w szeroko rozumianym sektorze motoryzacyjnym. Ju\u017c od 2015 r. zasiada\u0142 w Radzie Nadzorczej Grupy Zasada. Wtedy odpowiada\u0142 tam za inwestycje i nadz\u00f3r nad projektami rozwojowymi. Restrukturyzowa\u0142 tak\u017ce cz\u0119\u015b\u0107 sp\u00f3\u0142ek, kt\u00f3re wchodzi\u0142y w sk\u0142ad Grupy Zasada.<\/p>\n<blockquote class=\"ods-o-quote\">\n<p class=\"ods-o-quote__paragraph\">Grupa Zasada to dla mnie co\u015b wi\u0119cej ni\u017c firma. To odpowiedzialno\u015b\u0107 wobec ludzi, zespo\u0142u i dorobku, kt\u00f3ry stworzy\u0142 m\u00f3j Dziadek. Chc\u0119 rozwija\u0107 siln\u0105, nowoczesn\u0105 organizacj\u0119 z szacunkiem dla tego, co zosta\u0142o zbudowane i otwarto\u015bci\u0105 na wyzwania przysz\u0142o\u015bci<\/p>\n<\/blockquote>\n<p>&#8211; podkre\u015bla\u0142 Daniel Chwist, kiedy przejmowa\u0142 stery rodzinnej firmy.<\/p>\n<p>Pracowa\u0107 w Grupie Zasada zacz\u0105\u0142, kiedy ko\u0144czy\u0142 studia na Uniwersytecie Jagiello\u0144skim. By\u0142o to w 2008 r. kiedy uruchamiano w Warszawie Salon Ferrari. Mo\u017cna powiedzie\u0107, \u017ce w \u015brodowisku motoryzacyjnym czu\u0142 si\u0119 &#8222;jak ryba w wodzie&#8221; \u2014 by\u0142a dla niego naturalnym \u015brodowiskiem. W\u0142a\u015bnie w tych czasach mia\u0142 okazj\u0119 \u2014 dzi\u0119ki swojemu dziadkowi \u2014 pozna\u0107 prezesa Ferrari, Jeana Todta. Pocz\u0105tkowo nie mia\u0142 on w planach ekspansji firmy na polski rynek, to jednak wszed\u0142 do Polski w 2009 r. po tym, jak przedstawiciele Ferrari skontaktowali si\u0119 w\u0142a\u015bnie z Danielem Chwistem i zaprosili go na spotkanie.<\/p>\n<p>Po &#8222;przygodzie&#8221; z Ferrari Daniel Chwist zaj\u0105\u0142 si\u0119 zarz\u0105dzaniem dealerstwa Mercedesa. To by\u0142a dla niego naturalna decyzja, dzi\u0119ki kt\u00f3rej chcia\u0142 kontynuowa\u0107 sw\u00f3j rozw\u00f3j zawodowy, ale w znacznie wi\u0119kszej skali i z realnym wp\u0142ywem na to, jak wygl\u0105da\u0107 b\u0119dzie ca\u0142a organizacja. To w\u0142a\u015bnie w tym momencie w Sobies\u0142aw Zasada Automotive zapad\u0142a decyzja o po\u0142\u0105czeniu rozproszonych punkt\u00f3w dealerskich,kt\u00f3re powstawa\u0142y jeszcze w latach 90. XX wieku, w jedn\u0105 sie\u0107. Odpowiedzialno\u015b\u0107 za uporz\u0105dkowanie, integracj\u0119 i dostosowanie do nowych zasad rz\u0105dz\u0105cych rynkiem wzi\u0105\u0142 na siebie w\u0142a\u015bnie Daniel Chwist.<\/p>\n<p>W ramach Grupy Cichy Zasada, kt\u00f3r\u0105 za\u0142o\u017cono we wsp\u00f3\u0142pracy z Miros\u0142awem Cichym, Daniel Chwist wszed\u0142 tak\u017ce we wsp\u00f3\u0142prac\u0119 z najwi\u0119kszym na \u015bwiecie producentem samochod\u00f3w elektrycznych. Dzia\u0142alno\u015b\u0107 z koncernem BYD traktuje jako ruch w stron\u0119 przysz\u0142o\u015bci motoryzacji. Tym przedsi\u0119wzi\u0119ciem bierze tak\u017ce udzia\u0142 w globalnej transformacji tego rynku. Daniel Chwist wsp\u00f3\u0142pracuje r\u00f3wnie\u017c od 2010 r. z 4F, Igora Klaji.<\/p>\n<p>Daniel Chwist dzia\u0142a r\u00f3wnie\u017c w bran\u017cy produkcyjnej. Z produkt\u00f3w zak\u0142ad\u00f3w przetw\u00f3rstwa tworzyw sztucznych korzystaj\u0105 zar\u00f3wno bran\u017ce AGD, jak i automotive.<\/p>\n<blockquote class=\"ods-o-quote\">\n<p class=\"ods-o-quote__paragraph\">Niemal ka\u017cda marka samochodowa w Europie korzysta dzi\u015b z co najmniej jednego elementu wyprodukowanego przez nasze zak\u0142ady<\/p>\n<\/blockquote>\n<p>\u2014 m\u00f3wi Daniel Chwist w wypowiedzi dla magazynu Forbes.<\/p>\n<p>Daniel Chwist jest obecny r\u00f3wnie\u017c w segmencie nieruchomo\u015bci oraz turystycznym. Ekopark zrealizowa\u0142 np. krakowski DUO Residence z apartamentami po\u0142o\u017conymi bezpo\u015brednio przy bulwarach wi\u015blanych i z widokiem na Wawel oraz ekskluzywn\u0105 inwestycj\u0119 Finale na warszawskim Mokotowie. Uczyni\u0142 r\u00f3wnie\u017c ze \u015awieradowa-Zdroju jeden z wa\u017cnych o\u015brodk\u00f3w narciarskich w zachodniej Polsce. Prowadzi tak\u017ce inwestycj\u0119 nad polskim morzem \u2014 w Mielnie.<\/p>\n<p>Daniel Chwist to nie tylko mened\u017cer. Ma pasj\u0119, kt\u00f3r\u0105 dzieli z Sobies\u0142awem Zasad\u0105<\/p>\n<p>Daniela Chwista z dziadkiem, Sobies\u0142awem Zasad\u0105, \u0142\u0105cz\u0105 nie tylko wi\u0119zy rodzinne \u2014 co jest oczywiste \u2014 i biznesowe, lecz r\u00f3wnie\u017c pasja. Jak \u0142atwo mo\u017cna si\u0119 domy\u015bli\u0107, s\u0105 ni\u0105 sporty motorowe. Prywatnie, podobnie jak jego dziadek, r\u00f3wnie\u017c jest kierowc\u0105 rajdowym. I podobnie jak jego dziadek, na koncie ma mi\u0119dzynarodowe sukcesy.<\/p>\n<p>W 2025 r. uko\u0144czy\u0142 np. s\u0142ynny Rajd Safari WRC. Na mecie zaj\u0105\u0142 11. miejsce w klasyfikacji generalnej. W rajdach startowa\u0142 zreszt\u0105 nie tylko sam, ale tak\u017ce razem ze swoim dziadkiem.<\/p>\n<p>Daniel Chwist w wywiadzie, kt\u00f3rego udzieli\u0142 magazynowi Forbes, m\u00f3wi, \u017ce rajdy by\u0142y, s\u0105 i pozostan\u0105 jego pasj\u0105. Tak samo, jak zawsze interesowa\u0142a go jego rodzina i jej rozw\u00f3j. W\u0142a\u015bnie ze wzgl\u0119d\u00f3w rodzinnych nie zdecydowa\u0142 si\u0119 jednak na ca\u0142kowicie profesjonaln\u0105 karier\u0119 kierowcy rajdowego. Wymaga ona bowiem stuprocentowego zaanga\u017cowania, a taka postawa jest niezwykle czasoch\u0142onna, wi\u0119c cennego czasu zabrak\u0142oby na rodzin\u0119, kt\u00f3ra dla Daniela Chwista jest co najmniej r\u00f3wnie wa\u017cna.<\/p>\n","protected":false},"excerpt":{"rendered":"Daniel Chwist od lipca ubieg\u0142ego roku zarz\u0105dza Grup\u0105 Zasada. Wraz ze swoj\u0105 rodzin\u0105 znalaz\u0142 si\u0119 na li\u015bcie 100&hellip;\n","protected":false},"author":2,"featured_media":285797,"comment_status":"","ping_status":"","sticky":false,"template":"","format":"standard","meta":{"footnotes":"","_share_on_mastodon":"0"},"categories":[16],"tags":[210,113,112,48,46,42,38,40,39,41,47,47416,26,11569],"class_list":["post-285796","post","type-post","status-publish","format-standard","has-post-thumbnail","category-biznes","tag-aktualnosci","tag-biznes","tag-business","tag-nat_styl","tag-omp","tag-pl","tag-poland","tag-polish","tag-polska","tag-polski","tag-screening_general","tag-sobieslaw_zasada","tag-wiadomosci","tag-zasada"],"share_on_mastodon":{"url":"https:\/\/pubeurope.com\/@pl\/116160524597542953","error":""},"_links":{"self":[{"href":"https:\/\/www.europesays.com\/pl\/wp-json\/wp\/v2\/posts\/285796","targetHints":{"allow":["GET"]}}],"collection":[{"href":"https:\/\/www.europesays.com\/pl\/wp-json\/wp\/v2\/posts"}],"about":[{"href":"https:\/\/www.europesays.com\/pl\/wp-json\/wp\/v2\/types\/post"}],"author":[{"embeddable":true,"href":"https:\/\/www.europesays.com\/pl\/wp-json\/wp\/v2\/users\/2"}],"replies":[{"embeddable":true,"href":"https:\/\/www.europesays.com\/pl\/wp-json\/wp\/v2\/comments?post=285796"}],"version-history":[{"count":0,"href":"https:\/\/www.europesays.com\/pl\/wp-json\/wp\/v2\/posts\/285796\/revisions"}],"wp:featuredmedia":[{"embeddable":true,"href":"https:\/\/www.europesays.com\/pl\/wp-json\/wp\/v2\/media\/285797"}],"wp:attachment":[{"href":"https:\/\/www.europesays.com\/pl\/wp-json\/wp\/v2\/media?parent=285796"}],"wp:term":[{"taxonomy":"category","embeddable":true,"href":"https:\/\/www.europesays.com\/pl\/wp-json\/wp\/v2\/categories?post=285796"},{"taxonomy":"post_tag","embeddable":true,"href":"https:\/\/www.europesays.com\/pl\/wp-json\/wp\/v2\/tags?post=285796"}],"curies":[{"name":"wp","href":"https:\/\/api.w.org\/{rel}","templated":true}]}}