{"id":286000,"date":"2026-03-02T19:50:14","date_gmt":"2026-03-02T19:50:14","guid":{"rendered":"https:\/\/www.europesays.com\/pl\/286000\/"},"modified":"2026-03-02T19:50:14","modified_gmt":"2026-03-02T19:50:14","slug":"daniel-olbrychski-o-trzecim-malzenstwie-dopiero-ta-kobieta","status":"publish","type":"post","link":"https:\/\/www.europesays.com\/pl\/286000\/","title":{"rendered":"Daniel Olbrychski o trzecim ma\u0142\u017ce\u0144stwie. &#8222;Dopiero TA kobieta&#8221;"},"content":{"rendered":"<p>Artystyczna para jest ma\u0142\u017ce\u0144stwem od 2003 r. Wcze\u015bniej gwiazdor sceny i ekranu pr\u00f3bowa\u0142 budowa\u0107 szcz\u0119\u015bcie u boku Moniki Dzienisiewicz, potem sk\u0142ada\u0142 przysi\u0119g\u0119 Zuzannie \u0141apickiej.<\/p>\n<blockquote class=\"ods-o-quote\">\n<p class=\"ods-o-quote__paragraph\">Kiedy Zuzia umar\u0142a, Maja [Komorowska] zatelefonowa\u0142a do nas o \u00f3smej rano. My\u015bla\u0142am, \u017ce dzwoni z kondolencjami, a ona m\u00f3wi: \u00bbKrysiu, wiem, \u017ce ci ci\u0119\u017cko, ale teraz mo\u017cecie ju\u017c wzi\u0105\u0107 \u015blub ko\u015bcielny. I polecam si\u0119 na \u015bwiadka\u00ab<\/p>\n<\/blockquote>\n<p>\u2014 wspomina Krystyna Demska-Olbrychska na \u0142amach kobiecego magazynu.<\/p>\n<p> Dalszy ci\u0105g artyku\u0142u pod materia\u0142em wideo    <\/p>\n<p> Kiedy Daniel Olbrychski i Krystyna Demska wzi\u0119li \u015blub? <\/p>\n<p> Jakie by\u0142y wcze\u015bniejsze zwi\u0105zki Daniela Olbrychskiego? <\/p>\n<p> Co m\u00f3wi\u0142a Maja Komorowska po \u015bmierci Zuzanny \u0141apickiej? <\/p>\n<p> Dlaczego Krystyna Demska-Olbrychska nie chce ujawnia\u0107 szczeg\u00f3\u0142\u00f3w prywatno\u015bci? <\/p>\n<p>\u2014 Obudzi\u0142am Daniela: &#8222;Maja zwariowa\u0142a&#8221;. A on na to: &#8222;Nie, ona tak m\u00f3wi z mi\u0142o\u015bci. Dla niej wa\u017cne jest, \u017ceby\u015bmy nie \u017cyli w grzechu&#8221;. \u015alub cywilny mieli\u015bmy dawno, po cichu \u2014 kontynuuje.<\/p>\n<p>Z rozmowy dowiadujemy si\u0119 te\u017c, \u017ce mi\u0119dzy nim a Krystyn\u0105 &#8222;tak naprawd\u0119 zacz\u0119\u0142o si\u0119 od&#8230; dobrego seksu&#8221;. A ona mu wt\u00f3ruje: &#8222;To by\u0142a nami\u0119tno\u015b\u0107 \u2014 taka, \u017ce nie mogli\u015bmy bez siebie wytrzyma\u0107. Mieli\u015bmy r\u00f3\u017cne \u017cycia, w innych miastach, ale ci\u0105gle szukali\u015bmy okazji, \u017ceby si\u0119 spotka\u0107. A potem to ju\u017c posz\u0142o \u2014 od nami\u0119tno\u015bci do mi\u0142o\u015bci i przyja\u017ani&#8221;.<\/p>\n<p>Menad\u017cerka nie chce jednak wchodzi\u0107 w szczeg\u00f3\u0142y jako zatwardzia\u0142a przeciwniczka obna\u017cania prywatno\u015bci. Jej zdaniem ludzie za du\u017co pokazuj\u0105 \u015bwiatu, zw\u0142aszcza tego, co &#8222;dawniej zostawa\u0142o w czterech \u015bcianach&#8221;.<\/p>\n<blockquote class=\"ods-o-quote\">\n<p class=\"ods-o-quote__paragraph\">Uwa\u017cam, \u017ce s\u0105 w \u017cyciu sfery, kt\u00f3re warto zostawi\u0107 skryte, tylko dla siebie. Nie ze wstydu, raczej z potrzeby posiadania intymnych sekret\u00f3w, tajemnic tylko dla dwojga. Intymne sekrety bywaj\u0105 fascynuj\u0105ce<\/p>\n<\/blockquote>\n<p>\u2014 kwituje.<\/p>\n","protected":false},"excerpt":{"rendered":"Artystyczna para jest ma\u0142\u017ce\u0144stwem od 2003 r. Wcze\u015bniej gwiazdor sceny i ekranu pr\u00f3bowa\u0142 budowa\u0107 szcz\u0119\u015bcie u boku Moniki&hellip;\n","protected":false},"author":2,"featured_media":286001,"comment_status":"","ping_status":"","sticky":false,"template":"","format":"standard","meta":{"footnotes":"","_share_on_mastodon":"0"},"categories":[22],"tags":[4691,122,14865,48,46,42,38,40,39,41,123,47,26,40577],"class_list":["post-286000","post","type-post","status-publish","format-standard","has-post-thumbnail","category-rozrywka","tag-daniel_olbrychski","tag-entertainment","tag-krystyna_demska_olbrychska","tag-nat_styl","tag-omp","tag-pl","tag-poland","tag-polish","tag-polska","tag-polski","tag-rozrywka","tag-screening_general","tag-wiadomosci","tag-zuzanna_lapicka"],"share_on_mastodon":{"url":"https:\/\/pubeurope.com\/@pl\/116161322975559776","error":""},"_links":{"self":[{"href":"https:\/\/www.europesays.com\/pl\/wp-json\/wp\/v2\/posts\/286000","targetHints":{"allow":["GET"]}}],"collection":[{"href":"https:\/\/www.europesays.com\/pl\/wp-json\/wp\/v2\/posts"}],"about":[{"href":"https:\/\/www.europesays.com\/pl\/wp-json\/wp\/v2\/types\/post"}],"author":[{"embeddable":true,"href":"https:\/\/www.europesays.com\/pl\/wp-json\/wp\/v2\/users\/2"}],"replies":[{"embeddable":true,"href":"https:\/\/www.europesays.com\/pl\/wp-json\/wp\/v2\/comments?post=286000"}],"version-history":[{"count":0,"href":"https:\/\/www.europesays.com\/pl\/wp-json\/wp\/v2\/posts\/286000\/revisions"}],"wp:featuredmedia":[{"embeddable":true,"href":"https:\/\/www.europesays.com\/pl\/wp-json\/wp\/v2\/media\/286001"}],"wp:attachment":[{"href":"https:\/\/www.europesays.com\/pl\/wp-json\/wp\/v2\/media?parent=286000"}],"wp:term":[{"taxonomy":"category","embeddable":true,"href":"https:\/\/www.europesays.com\/pl\/wp-json\/wp\/v2\/categories?post=286000"},{"taxonomy":"post_tag","embeddable":true,"href":"https:\/\/www.europesays.com\/pl\/wp-json\/wp\/v2\/tags?post=286000"}],"curies":[{"name":"wp","href":"https:\/\/api.w.org\/{rel}","templated":true}]}}