{"id":286166,"date":"2026-03-02T21:49:15","date_gmt":"2026-03-02T21:49:15","guid":{"rendered":"https:\/\/www.europesays.com\/pl\/286166\/"},"modified":"2026-03-02T21:49:15","modified_gmt":"2026-03-02T21:49:15","slug":"malgorzata-potocka-o-relacji-z-kobieta-gdy-bralam-prysznic-wchodzila-do-kabiny-2","status":"publish","type":"post","link":"https:\/\/www.europesays.com\/pl\/286166\/","title":{"rendered":"Ma\u0142gorzata Potocka o relacji z kobiet\u0105. &#8222;Gdy bra\u0142am prysznic, wchodzi\u0142a do kabiny&#8221;"},"content":{"rendered":"<p class=\"Paragraph_desktopParagraph__U31Gm\"><a href=\"https:\/\/plejada.pl\/temat\/malgorzata-potocka\/88z6jr7\" id=\"33233bb4-80ee-48bc-a137-c1a03c169ac7\" rel=\"nofollow noopener\" target=\"_blank\">Ma\u0142gorzata Potocka<\/a> nale\u017cy do grona najbardziej rozpoznawalnych aktorek, kt\u00f3ra otwarcie wypowiada si\u0119 na tematy spo\u0142eczne. Uczestniczka nowego sezonu &#8222;Ta\u0144ca z gwiazdami&#8221; niedawno udzieli\u0142a wywiadu magazynowi &#8222;Replika&#8221;, gdzie otwarcie <a href=\"https:\/\/plejada.pl\/newsy\/malgorzata-potocka-ostro-o-zwiazkach-par-jednoplciowych-i-kosciele-bzdura\/80w2rv5\" id=\"0516f0e7-8407-4ac8-a2d1-c3ef81f4d454\" rel=\"nofollow noopener\" target=\"_blank\">popar\u0142a mo\u017cliwo\u015b\u0107 formalizowania zwi\u0105zk\u00f3w przez pary jednop\u0142ciowe<\/a>. Zaskoczy\u0142a r\u00f3wnie\u017c wyznaniem o dawnej relacji z homoseksualn\u0105 przyjaci\u00f3\u0142k\u0105.<\/p>\n<ul class=\"OchatFollowUps_wrapper__1ry7X\">\n<li class=\"OchatFollowUps_item__Dhyly OchatFollowUps_itemDesktop__R6aBv\">Jak Ma\u0142gorzata Potocka opisa\u0142a swoj\u0105 relacj\u0119 z przyjaci\u00f3\u0142k\u0105?<\/li>\n<li class=\"OchatFollowUps_item__Dhyly OchatFollowUps_itemDesktop__R6aBv\">Co Ma\u0142gorzata Potocka s\u0105dzi o ma\u0142\u017ce\u0144stwach jednop\u0142ciowych?<\/li>\n<li class=\"OchatFollowUps_item__Dhyly OchatFollowUps_itemDesktop__R6aBv\">Kto by\u0142 m\u0119\u017cem Ma\u0142gorzaty Potockiej?<\/li>\n<li class=\"OchatFollowUps_item__Dhyly OchatFollowUps_itemDesktop__R6aBv\">Jakie by\u0142y granice w relacji Potockiej z przyjaci\u00f3\u0142k\u0105?<\/li>\n<\/ul>\n<p>&#8222;Gdy bra\u0142am prysznic, wchodzi\u0142a do kabiny&#8221;. Ma\u0142gorzata Potocka o relacji z kobiet\u0105 <\/p>\n<p class=\"Paragraph_desktopParagraph__U31Gm\">Ma\u0142gorzata Potocka w swoim \u017cyciu tworzy\u0142a ma\u0142\u017ce\u0144stwo z J\u00f3zefem Robkowski, z kt\u00f3rym doczeka\u0142a si\u0119 c\u00f3rki Matyldy. Po rozstaniu zwi\u0105za\u0142a si\u0119 z Grzegorzem Ciechowskim, a owocem tej relacji jest Weronika.<\/p>\n<p class=\"Paragraph_desktopParagraph__U31Gm\">Teraz aktorka ujawni\u0142a, \u017ce w przesz\u0142o\u015bci by\u0142a r\u00f3wnie\u017c podrywana przez swoj\u0105 blisk\u0105 przyjaci\u00f3\u0142k\u0119. Jak przyzna\u0142a w wywiadzie dla &#8222;Repliki&#8221;, wiedzia\u0142a, \u017ce kobieta jest w niej zakochana, jednak sama nigdy nie przekroczy\u0142a granicy.<\/p>\n<blockquote>\n<p class=\"Paragraph_desktopParagraph__U31Gm\">To by\u0142a moja przyjaci\u00f3\u0142ka, ju\u017c nie\u017cyj\u0105ca. Wiedzia\u0142am, \u017ce ona mnie po prostu kocha. Wyje\u017cd\u017ca\u0142y\u015bmy razem na obozy sportowe. Zawsze, gdy bra\u0142am prysznic, wchodzi\u0142a do mnie do kabiny, my\u0142a mi plecy, g\u0142aska\u0142a i dotyka\u0142a. Chodzi\u0142a ze mn\u0105 za r\u0119k\u0119. A w nocy przychodzi\u0142a do \u0142\u00f3\u017cka i przytula\u0142a si\u0119, m\u00f3wi\u0105c: &#8222;Musz\u0119 si\u0119 do ciebie przytuli\u0107, bo inaczej nie zasn\u0119<\/p>\n<\/blockquote>\n<p class=\"Paragraph_desktopParagraph__U31Gm\">&#8222;Zasypia\u0142a na moim ramieniu. Wiedzia\u0142a, \u017ce nie jestem lesbijk\u0105, wi\u0119c cho\u0107 mia\u0142a dla mnie uwielbienie i mi\u0142o\u015b\u0107, nigdy nie przekroczy\u0142a \u017cadnej granicy. Mia\u0142am do niej ogromne zaufanie, pewno\u015b\u0107, \u017ce niczego mi\u0119dzy nami nie zepsuje&#8221; \u2014 opowiedzia\u0142a.<\/p>\n<p><img decoding=\"async\" class=\"Image_image__0tuHp Image_autoHeight__f2n87 \" height=\"587\" width=\"391\" src=\"https:\/\/www.europesays.com\/pl\/wp-content\/uploads\/2026\/03\/596k9kpTURBXy83MDg2NjQ4NWFmMTVkOGQxNDdkYTAxNjZhNGJkZTRmYi5qcGeSlQLNA6wAwsOVAgDNAkvCw94AA6EwAaExAaEzw.jpeg\" alt=\"Ma\u0142gorzata Potocka\" loading=\"lazy\" \/>MW Media<\/p>\n<p>Ma\u0142gorzata Potocka<\/p>\n<p class=\"Paragraph_desktopParagraph__U31Gm\">Dzi\u0119kujemy, \u017ce przeczyta\u0142a\u015b\/e\u015b nasz artyku\u0142 do ko\u0144ca. W serwisie Plejada.pl ka\u017cdego dnia piszemy o najwa\u017cniejszych wydarzeniach show-biznesowych. B\u0105d\u017a na bie\u017c\u0105co! <a rel=\"nofollow noopener\" href=\"https:\/\/news.google.com\/publications\/CAAiEF0PeAlb7W1llpV_mwV2rL4qFAgKIhBdD3gJW-1tZZaVf5sFdqy-?hl=pl&amp;gl=PL&amp;ceid=PL%3Apl\" id=\"355a8f51-dae5-446e-959d-b9a53a51ee04\" target=\"_blank\">Obserwuj<\/a> Plejad\u0119 w Google. Odwied\u017a nas tak\u017ce na <a rel=\"nofollow noopener\" href=\"https:\/\/www.facebook.com\/plejadapl\" id=\"a292f854-a737-464b-ad89-700cab017418\" target=\"_blank\">Facebooku<\/a>, <a rel=\"nofollow noopener\" href=\"https:\/\/www.instagram.com\/plejadapl\/\" id=\"7419921a-6ac9-4007-9ee6-585a0a011771\" target=\"_blank\">Instagramie<\/a>, <a rel=\"nofollow noopener\" href=\"https:\/\/www.youtube.com\/c\/plejada\" id=\"a0322ce6-67ca-4744-a3ba-b5c69714c0fb\" target=\"_blank\">YouTubie<\/a> oraz <a rel=\"nofollow noopener\" href=\"https:\/\/www.tiktok.com\/@plejada_pl\" id=\"812ca362-272c-4990-b369-d04a8398a640\" target=\"_blank\">TikToku<\/a>.<\/p>\n<p class=\"Paragraph_desktopParagraph__U31Gm\">Chcesz podzieli\u0107 si\u0119 ciekawym newsem lub zaproponowa\u0107 temat? Skontaktuj si\u0119 z nami, pisz\u0105c maila na adres: plejada@redakcjaonet.pl.<\/p>\n<p><script async src=\"\/\/www.instagram.com\/embed.js\"><\/script><script async src=\"\/\/www.tiktok.com\/embed.js\"><\/script><\/p>\n","protected":false},"excerpt":{"rendered":"Ma\u0142gorzata Potocka nale\u017cy do grona najbardziej rozpoznawalnych aktorek, kt\u00f3ra otwarcie wypowiada si\u0119 na tematy spo\u0142eczne. Uczestniczka nowego sezonu&hellip;\n","protected":false},"author":2,"featured_media":286167,"comment_status":"","ping_status":"","sticky":false,"template":"","format":"standard","meta":{"footnotes":"","_share_on_mastodon":"0"},"categories":[22],"tags":[244,122,67,8781,7280,53,52,68,51,55,42,38,40,39,41,123,47,196,65,50],"class_list":["post-286166","post","type-post","status-publish","format-standard","has-post-thumbnail","category-rozrywka","tag-ctr_tst","tag-entertainment","tag-intextvideo_splayer","tag-lgbt_lgbtiq_lgbt","tag-malgorzata_potocka","tag-new_header","tag-onet3","tag-onet3d","tag-onet3d_2i","tag-phx","tag-pl","tag-poland","tag-polish","tag-polska","tag-polski","tag-rozrywka","tag-screening_general","tag-styl_zycia","tag-update_me","tag-v2021"],"share_on_mastodon":{"url":"https:\/\/pubeurope.com\/@pl\/116161791159772915","error":""},"_links":{"self":[{"href":"https:\/\/www.europesays.com\/pl\/wp-json\/wp\/v2\/posts\/286166","targetHints":{"allow":["GET"]}}],"collection":[{"href":"https:\/\/www.europesays.com\/pl\/wp-json\/wp\/v2\/posts"}],"about":[{"href":"https:\/\/www.europesays.com\/pl\/wp-json\/wp\/v2\/types\/post"}],"author":[{"embeddable":true,"href":"https:\/\/www.europesays.com\/pl\/wp-json\/wp\/v2\/users\/2"}],"replies":[{"embeddable":true,"href":"https:\/\/www.europesays.com\/pl\/wp-json\/wp\/v2\/comments?post=286166"}],"version-history":[{"count":0,"href":"https:\/\/www.europesays.com\/pl\/wp-json\/wp\/v2\/posts\/286166\/revisions"}],"wp:featuredmedia":[{"embeddable":true,"href":"https:\/\/www.europesays.com\/pl\/wp-json\/wp\/v2\/media\/286167"}],"wp:attachment":[{"href":"https:\/\/www.europesays.com\/pl\/wp-json\/wp\/v2\/media?parent=286166"}],"wp:term":[{"taxonomy":"category","embeddable":true,"href":"https:\/\/www.europesays.com\/pl\/wp-json\/wp\/v2\/categories?post=286166"},{"taxonomy":"post_tag","embeddable":true,"href":"https:\/\/www.europesays.com\/pl\/wp-json\/wp\/v2\/tags?post=286166"}],"curies":[{"name":"wp","href":"https:\/\/api.w.org\/{rel}","templated":true}]}}