{"id":286172,"date":"2026-03-02T21:54:19","date_gmt":"2026-03-02T21:54:19","guid":{"rendered":"https:\/\/www.europesays.com\/pl\/286172\/"},"modified":"2026-03-02T21:54:19","modified_gmt":"2026-03-02T21:54:19","slug":"gwiazdor-masterchefa-atakowany-za-zdjecie-z-luksusowym-autem-nie-bede-przepraszal-za-sukces","status":"publish","type":"post","link":"https:\/\/www.europesays.com\/pl\/286172\/","title":{"rendered":"Gwiazdor &#8222;MasterChefa&#8221; atakowany za zdj\u0119cie z luksusowym autem. &#8222;Nie b\u0119d\u0119 przeprasza\u0142 za sukces&#8221;"},"content":{"rendered":"<p class=\"Paragraph_desktopParagraph__U31Gm\">Tomasz Strzelczyk od lat buduje sw\u00f3j wizerunek jako kucharz &#8222;od serca&#8221;. Bez zad\u0119cia i kulinarnych fajerwerk\u00f3w konsekwentnie stawia na prost\u0105, domow\u0105 kuchni\u0119, podkre\u015blaj\u0105c warto\u015b\u0107 tradycyjnych smak\u00f3w i rodzinnych potraw. Zanim jednak sta\u0142 si\u0119 jednym z najpopularniejszych tw\u00f3rc\u00f3w kulinarnych w Polsce, jego \u017cycie wygl\u0105da\u0142o zupe\u0142nie inaczej. Mieszka\u0142 w Danii i pracowa\u0142 w tartaku, a gotowanie by\u0142o wy\u0142\u0105cznie pasj\u0105. Prze\u0142om przyszed\u0142 w 2015 r., gdy postanowi\u0142 zawalczy\u0107 o swoje marzenia i wzi\u0105\u0142 udzia\u0142 w czwartej edycji programu &#8222;<a href=\"https:\/\/plejada.pl\/temat\/masterchef\/hh58w12\" id=\"06f75f24-f9ad-4e92-8f1d-1bb78581bb5b\" rel=\"nofollow noopener\" target=\"_blank\">MasterChef<\/a>&#8222;. Dotar\u0142 do fina\u0142owej pi\u0105tki (zwyci\u0119\u017cy\u0142 <a href=\"https:\/\/plejada.pl\/temat\/damian-kordas\/y8893e3\" id=\"c3bc1c99-a244-4c52-a3ec-2fbe88fb9ff5\" rel=\"nofollow noopener\" target=\"_blank\">Damian Kordas<\/a>), a telewizyjna rozpoznawalno\u015b\u0107 otworzy\u0142a mu drzwi do kariery w internecie. O<\/p>\n<ul class=\"OchatFollowUps_wrapper__1ry7X\">\n<li class=\"OchatFollowUps_item__Dhyly OchatFollowUps_itemDesktop__R6aBv\">Dlaczego Tomasz Strzelczyk zosta\u0142 zaatakowany w sieci?<\/li>\n<li class=\"OchatFollowUps_item__Dhyly OchatFollowUps_itemDesktop__R6aBv\">Jakie zdj\u0119cie wywo\u0142a\u0142o burz\u0119 w komentarzach?<\/li>\n<li class=\"OchatFollowUps_item__Dhyly OchatFollowUps_itemDesktop__R6aBv\">Jakie obawy wyrazi\u0142 Tomasz Strzelczyk w odpowiedzi na hejt?<\/li>\n<li class=\"OchatFollowUps_item__Dhyly OchatFollowUps_itemDesktop__R6aBv\">Ile os\u00f3b obserwuje kana\u0142 Tomasza Strzelczyka na YouTubie?<\/li>\n<\/ul>\n<p>By\u0142y uczestnik &#8222;MasterChefa&#8221; zaatakowany za zdj\u0119cie z luksusowym autem. &#8222;Nie b\u0119d\u0119 przeprasza\u0142 za sukces&#8221; <\/p>\n<p class=\"Paragraph_desktopParagraph__U31Gm\">Dzi\u015b jego kana\u0142 &#8222;Oddasz Fartucha&#8221; na YouTubie \u015bledzi ponad 1,6 mln os\u00f3b, a profil na Facebooku \u2013 blisko 2,5 mln fan\u00f3w. Tomasz Strzelczyk, kt\u00f3ry go\u015bci czasem tak\u017ce w kuchni programu &#8222;Halo tu Polsat&#8221;, kilka dni temu opublikowa\u0142 zdj\u0119cie ze Szczecina, na kt\u00f3rym pozuje przy swoim luksusowym samochodzie. Cz\u0119\u015b\u0107 internaut\u00f3w gratulowa\u0142a mu sukcesu, ale w komentarzach szybko pojawi\u0142a si\u0119 tak\u017ce fala przykrych wpis\u00f3w. Nie brakowa\u0142o z\u0142o\u015bliwych uwag dotycz\u0105cych jego maj\u0105tku i stylu \u017cycia. Wysyp nienawistnych wpis\u00f3w mocno dotkn\u0105\u0142 kucharza.<\/p>\n<p class=\"Paragraph_desktopParagraph__U31Gm\">Zamiast wdawa\u0107 si\u0119 w internetowe przepychanki, odpowiedzia\u0142 w swoim stylu. Opublikowa\u0142 kontrastowe zdj\u0119cie \u2013 tym razem z wid\u0142ami przy traktorze, w roboczych ubraniach i z czapk\u0105 naci\u015bni\u0119t\u0105 na czo\u0142o. Do fotografii do\u0142\u0105czy\u0142 wymowny opis:<\/p>\n<blockquote>\n<p class=\"Paragraph_desktopParagraph__U31Gm\">By\u0142 Mercedes \u2014 by\u0142 hejt. Dzi\u015b jest traktor. Mo\u017ce teraz b\u0119dzie wygodniej? Tylko \u017ce to wci\u0105\u017c ten sam facet. Ten sam, kt\u00f3ry ci\u0119\u017cko pracuje na wszystko, co ma. Nie b\u0119d\u0119 przeprasza\u0142 za sukces i nie b\u0119d\u0119 udawa\u0142 kogo\u015b, kim nie jestem. Robi\u0119 swoje <\/p>\n<\/blockquote>\n<p class=\"Paragraph_desktopParagraph__U31Gm\">\u2014 napisa\u0142 dosadnie Tomasz Strzelczyk na Facebooku. <\/p>\n<p class=\"Paragraph_desktopParagraph__U31Gm\">Jego s\u0142owa spotka\u0142y si\u0119 z ogromnym odzewem. Wpis polubi\u0142o ponad 30 tys. u\u017cytkownik\u00f3w, a pod postem pojawi\u0142o si\u0119 blisko 3,5 tys. komentarzy. Fani w zdecydowanej wi\u0119kszo\u015bci stan\u0119li po jego stronie, przekonuj\u0105c, \u017ce hejt wynika wy\u0142\u0105cznie z zazdro\u015bci i \u017ce nie ma powodu, by t\u0142umaczy\u0142 si\u0119 z owoc\u00f3w swojej ci\u0119\u017ckiej pracy.<\/p>\n<p><img decoding=\"async\" class=\"Image_image__0tuHp Image_autoHeight__f2n87 \" height=\"587\" width=\"391\" src=\"https:\/\/www.europesays.com\/pl\/wp-content\/uploads\/2026\/03\/mxjk9kpTURBXy8yMWI0NDIxZDM0OTIyMzBjMTliNTdlZGYzODE4OTRhOC5qcGeSlQLNA6wAwsOVAgDNAkvCw94AA6EwAaExAaEzw.jpeg\" alt=\"Tomasz Strzelczyk\" loading=\"lazy\" \/>Ga\u0142\u0105zka \/ AKPA<\/p>\n<p>Tomasz Strzelczyk<\/p>\n<p class=\"Paragraph_desktopParagraph__U31Gm\">Dzi\u0119kujemy, \u017ce przeczyta\u0142a\u015b\/e\u015b nasz artyku\u0142 do ko\u0144ca. W serwisie Plejada.pl ka\u017cdego dnia piszemy o najwa\u017cniejszych wydarzeniach show-biznesowych. B\u0105d\u017a na bie\u017c\u0105co!<a rel=\"nofollow noopener\" href=\"https:\/\/profile.google.com\/cp\/Cg0vZy8xMWJ6X19wdHBx\" id=\"29b0a364-7dde-4675-afa7-04cf016aacb6\" target=\"_blank\"> Obserwuj<\/a> Plejad\u0119 w Google. Odwied\u017a nas tak\u017ce na<a rel=\"nofollow noopener\" href=\"https:\/\/www.facebook.com\/plejadapl\" id=\"ac535028-153f-4f6f-bce7-a075bfcbf6a2\" target=\"_blank\"> Facebooku<\/a>,<a rel=\"nofollow noopener\" href=\"https:\/\/www.instagram.com\/plejadapl\/\" id=\"fd1095ec-7c47-4363-87c4-b8a696977dcc\" target=\"_blank\"> Instagramie<\/a>,<a rel=\"nofollow noopener\" href=\"https:\/\/www.youtube.com\/c\/plejada\" id=\"b9dcece6-1be3-42ea-ae97-73c18a4d193e\" target=\"_blank\"> YouTubie<\/a> oraz<a rel=\"nofollow noopener\" href=\"https:\/\/www.tiktok.com\/@plejada_pl\" id=\"68e65634-9db1-4a34-ade5-40b5b964f92e\" target=\"_blank\"> TikToku<\/a>.<\/p>\n<p class=\"Paragraph_desktopParagraph__U31Gm\">Chcesz podzieli\u0107 si\u0119 ciekawym newsem lub zaproponowa\u0107 temat? Skontaktuj si\u0119 z nami, pisz\u0105c maila na adres: <a href=\"https:\/\/www.onet.pl\/styl-zycia\/plejada\/gwiazdor-masterchefa-atakowany-za-zdjecie-z-luksusowym-autem-nie-bede-przepraszal-za\/mailto:plejada@redakcjaonet.pl\" id=\"a17e040e-3ee6-4c05-8e45-a4a87009e6cc\" rel=\"nofollow noopener\" target=\"_blank\">plejada@redakcjaonet.pl<\/a>.<\/p>\n<p><script async src=\"\/\/www.instagram.com\/embed.js\"><\/script><script async src=\"\/\/www.tiktok.com\/embed.js\"><\/script><\/p>\n","protected":false},"excerpt":{"rendered":"Tomasz Strzelczyk od lat buduje sw\u00f3j wizerunek jako kucharz &#8222;od serca&#8221;. Bez zad\u0119cia i kulinarnych fajerwerk\u00f3w konsekwentnie stawia&hellip;\n","protected":false},"author":2,"featured_media":286173,"comment_status":"","ping_status":"","sticky":false,"template":"","format":"standard","meta":{"footnotes":"","_share_on_mastodon":"0"},"categories":[5],"tags":[32,33,36,37,27,40873,67,8775,34,35,4094,28,31,53,25,52,68,51,55,42,38,40,39,41,47,196,29,30,1113,65,50,26],"class_list":["post-286172","post","type-post","status-publish","format-standard","has-post-thumbnail","category-naglowki","tag-breaking-news","tag-breakingnews","tag-featured-news","tag-featurednews","tag-headlines","tag-hejt_mowa_nienawisci","tag-intextvideo_splayer","tag-kulinaria","tag-latest-news","tag-latestnews","tag-masterchef","tag-naglowki","tag-najwazniejsze-artykuly","tag-new_header","tag-news","tag-onet3","tag-onet3d","tag-onet3d_2i","tag-phx","tag-pl","tag-poland","tag-polish","tag-polska","tag-polski","tag-screening_general","tag-styl_zycia","tag-top-stories","tag-topstories","tag-tvn_tvn24_tvn7_telewizja","tag-update_me","tag-v2021","tag-wiadomosci"],"share_on_mastodon":{"url":"","error":"Validation failed: Text character limit of 500 exceeded"},"_links":{"self":[{"href":"https:\/\/www.europesays.com\/pl\/wp-json\/wp\/v2\/posts\/286172","targetHints":{"allow":["GET"]}}],"collection":[{"href":"https:\/\/www.europesays.com\/pl\/wp-json\/wp\/v2\/posts"}],"about":[{"href":"https:\/\/www.europesays.com\/pl\/wp-json\/wp\/v2\/types\/post"}],"author":[{"embeddable":true,"href":"https:\/\/www.europesays.com\/pl\/wp-json\/wp\/v2\/users\/2"}],"replies":[{"embeddable":true,"href":"https:\/\/www.europesays.com\/pl\/wp-json\/wp\/v2\/comments?post=286172"}],"version-history":[{"count":0,"href":"https:\/\/www.europesays.com\/pl\/wp-json\/wp\/v2\/posts\/286172\/revisions"}],"wp:featuredmedia":[{"embeddable":true,"href":"https:\/\/www.europesays.com\/pl\/wp-json\/wp\/v2\/media\/286173"}],"wp:attachment":[{"href":"https:\/\/www.europesays.com\/pl\/wp-json\/wp\/v2\/media?parent=286172"}],"wp:term":[{"taxonomy":"category","embeddable":true,"href":"https:\/\/www.europesays.com\/pl\/wp-json\/wp\/v2\/categories?post=286172"},{"taxonomy":"post_tag","embeddable":true,"href":"https:\/\/www.europesays.com\/pl\/wp-json\/wp\/v2\/tags?post=286172"}],"curies":[{"name":"wp","href":"https:\/\/api.w.org\/{rel}","templated":true}]}}