{"id":286254,"date":"2026-03-02T23:27:13","date_gmt":"2026-03-02T23:27:13","guid":{"rendered":"https:\/\/www.europesays.com\/pl\/286254\/"},"modified":"2026-03-02T23:27:13","modified_gmt":"2026-03-02T23:27:13","slug":"jim-carrey-zaskoczyl-wygladem-internauci-mowia-o-sobowtorze-jest-odpowiedz","status":"publish","type":"post","link":"https:\/\/www.europesays.com\/pl\/286254\/","title":{"rendered":"Jim Carrey zaskoczy\u0142 wygl\u0105dem. Internauci m\u00f3wi\u0105 o sobowt\u00f3rze. Jest odpowied\u017a"},"content":{"rendered":"<p>W czwartek 26 lutego w Pary\u017cu odby\u0142a si\u0119 51. ceremonia wr\u0119czenia Cezar\u00f3w, nazywana &#8222;francuskimi Oscarami&#8221;. Uroczysto\u015b\u0107 zosta\u0142a zorganizowana w legendarnym teatrze Olympia. Po d\u0142ugiej przerwie pojawi\u0142 si\u0119 na niej m.in. <a href=\"https:\/\/kultura.onet.pl\/jim-carrey-aktor\" id=\"4a1cd0d7-e926-4ca5-a856-342a6ef3a19f\" rel=\"nofollow noopener\" target=\"_blank\">Jim Carrey<\/a>. <a href=\"https:\/\/kultura.onet.pl\/film\/wiadomosci\/cezary-2026-rozdane-znamy-zwyciezcow-francuskich-oscarow\/75yr0c3\" id=\"896b1ed1-5f4b-42bf-b017-c84e6046d4c7\" rel=\"nofollow noopener\" target=\"_blank\">Ameryka\u0144ski aktor i komik zosta\u0142 wyr\u00f3\u017cniony presti\u017cow\u0105 nagrod\u0105 za ca\u0142okszta\u0142t swojej kariery, czyli Honorowym Cezarem<\/a>. Gwiazdor zadedykowa\u0142 j\u0105 swojemu zmar\u0142emu ojcu. Dalszy ci\u0105g artyku\u0142u pod materia\u0142em wideo    <\/p>\n<p> Jak wygl\u0105da\u0142 Jim Carrey na gali Cezar\u00f3w? <\/p>\n<p> Dlaczego pojawi\u0142y si\u0119 spekulacje o sobowt\u00f3rze Jim Carreya? <\/p>\n<p> Kto potwierdzi\u0142, \u017ce to nie by\u0142 sobowt\u00f3r Carreya? <\/p>\n<p> Co Jim Carrey zadedykowa\u0142 swoj\u0105 nagrod\u0119? <\/p>\n<p>  Internauci spekulowali o sobowt\u00f3rze Jimiego Carreya na gali. Jest odpowied\u017aBy\u0142o to jego pierwsze publiczne wyst\u0105pienie od miesi\u0119cy. Wi\u0119ksze zainteresowanie medi\u00f3w oraz fan\u00f3w aktora wzbudzi\u0142a jednak nie nagroda, kt\u00f3r\u0105 odebra\u0142, a jego wygl\u0105d. Jim Carrey zaprezentowa\u0142 si\u0119 bowiem na czerwonym dywanie w kompletnie odmienionym wydaniu. Mia\u0142 d\u0142u\u017csze, czarne w\u0142osy, kt\u00f3re si\u0119ga\u0142y mu do ramion. <a href=\"https:\/\/www.onet.pl\/styl-zycia\/plejada\/jim-carrey-na-francuskich-oscarach-otrzymal-wyjatkowe-wyroznienie\/wdg62qb,0898b825\" id=\"d27a6c63-7ae6-428e-914b-e79ca2a15bef\" rel=\"nofollow noopener\" target=\"_blank\">Najwi\u0119ksz\u0105 uwag\u0119 przykuwa\u0142a jednak jego twarz<\/a>.<\/p>\n<p>Zmiana w wygl\u0105dzie natychmiast sta\u0142a si\u0119 tematem licznych komentarzy w mediach spo\u0142eczno\u015bciowych. Cz\u0119\u015b\u0107 internaut\u00f3w zasugerowa\u0142a, \u017ce aktor przeszed\u0142 operacje plastyczne. Inni za\u015b twierdzili, \u017ce to nie Jim Carrey tylko jego sobowt\u00f3r pojawi\u0142 si\u0119 na rozdaniu nagr\u00f3d.<\/p>\n<p>Do tych spekulacji odnie\u015bli si\u0119 sami organizatorzy ceremonii wr\u0119czenia Cezar\u00f3w, kt\u00f3rzy zdecydowanie zaprzeczyli, jakoby na uroczysto\u015bci pojawi\u0142 si\u0119 sobowt\u00f3r aktora. Gregory Caulier, g\u0142\u00f3wny delegat gali, przekaza\u0142 w rozmowie z &#8222;Variety&#8221;, \u017ce przygotowania gwiazdora do udzia\u0142u w ceremonii trwa\u0142y od wielu miesi\u0119cy. Z jego relacji wynika, \u017ce aktor bardzo prze\u017cywa\u0142 zaproszenie Akademii. Przez d\u0142ugi czas przygotowywa\u0142 si\u0119 do wyst\u0105pienia, \u0107wicz\u0105c przem\u00f3wienie po francusku i konsultuj\u0105c swoj\u0105 wymow\u0119 z organizatorami.<\/p>\n<p>Caulier zaznaczy\u0142, \u017ce Carrey przyjecha\u0142 do Pary\u017ca z partnerk\u0105, c\u00f3rk\u0105, wnukiem oraz grup\u0105 najbli\u017cszych przyjaci\u00f3\u0142 i rodziny, a tak\u017ce ze swoj\u0105 agentk\u0105. Na gali obecny by\u0142 r\u00f3wnie\u017c re\u017cyser Michel Gondry, prywatnie przyjaciel aktora.<\/p>\n","protected":false},"excerpt":{"rendered":"W czwartek 26 lutego w Pary\u017cu odby\u0142a si\u0119 51. ceremonia wr\u0119czenia Cezar\u00f3w, nazywana &#8222;francuskimi Oscarami&#8221;. Uroczysto\u015b\u0107 zosta\u0142a zorganizowana&hellip;\n","protected":false},"author":2,"featured_media":286255,"comment_status":"","ping_status":"","sticky":false,"template":"","format":"standard","meta":{"footnotes":"","_share_on_mastodon":"0"},"categories":[22],"tags":[122,22465,2105,39701,48,46,42,38,40,39,41,123,47,47439,26,16858],"class_list":["post-286254","post","type-post","status-publish","format-standard","has-post-thumbnail","category-rozrywka","tag-entertainment","tag-jim_carrey","tag-nagrody","tag-najnowsze_wiadomosci","tag-nat_styl","tag-omp","tag-pl","tag-poland","tag-polish","tag-polska","tag-polski","tag-rozrywka","tag-screening_general","tag-sobowtor","tag-wiadomosci","tag-wizerunek"],"share_on_mastodon":{"url":"https:\/\/pubeurope.com\/@pl\/116162176116309464","error":""},"_links":{"self":[{"href":"https:\/\/www.europesays.com\/pl\/wp-json\/wp\/v2\/posts\/286254","targetHints":{"allow":["GET"]}}],"collection":[{"href":"https:\/\/www.europesays.com\/pl\/wp-json\/wp\/v2\/posts"}],"about":[{"href":"https:\/\/www.europesays.com\/pl\/wp-json\/wp\/v2\/types\/post"}],"author":[{"embeddable":true,"href":"https:\/\/www.europesays.com\/pl\/wp-json\/wp\/v2\/users\/2"}],"replies":[{"embeddable":true,"href":"https:\/\/www.europesays.com\/pl\/wp-json\/wp\/v2\/comments?post=286254"}],"version-history":[{"count":0,"href":"https:\/\/www.europesays.com\/pl\/wp-json\/wp\/v2\/posts\/286254\/revisions"}],"wp:featuredmedia":[{"embeddable":true,"href":"https:\/\/www.europesays.com\/pl\/wp-json\/wp\/v2\/media\/286255"}],"wp:attachment":[{"href":"https:\/\/www.europesays.com\/pl\/wp-json\/wp\/v2\/media?parent=286254"}],"wp:term":[{"taxonomy":"category","embeddable":true,"href":"https:\/\/www.europesays.com\/pl\/wp-json\/wp\/v2\/categories?post=286254"},{"taxonomy":"post_tag","embeddable":true,"href":"https:\/\/www.europesays.com\/pl\/wp-json\/wp\/v2\/tags?post=286254"}],"curies":[{"name":"wp","href":"https:\/\/api.w.org\/{rel}","templated":true}]}}