{"id":286256,"date":"2026-03-02T23:31:13","date_gmt":"2026-03-02T23:31:13","guid":{"rendered":"https:\/\/www.europesays.com\/pl\/286256\/"},"modified":"2026-03-02T23:31:13","modified_gmt":"2026-03-02T23:31:13","slug":"trump-niespodziewanie-wspomnial-o-nawrockim-padly-mile-slowa","status":"publish","type":"post","link":"https:\/\/www.europesays.com\/pl\/286256\/","title":{"rendered":"Trump niespodziewanie wspomnia\u0142 o Nawrockim. Pad\u0142y mi\u0142e s\u0142owa"},"content":{"rendered":"\n<p>&#13;<br \/>\nW Bia\u0142ym Domu odby\u0142a si\u0119 uroczysto\u015b\u0107, podczas kt\u00f3rej prezydent USA Donald Trump po\u015bmiertnie odznaczy\u0142 Medalem Honoru sier\u017canta Michaela Ollisa. 24-letni \u017co\u0142nierz zgin\u0105\u0142 w\u00a02013 roku w\u00a0Afganistanie, os\u0142aniaj\u0105c w\u0142asnym cia\u0142em rannego Karola Cierpic\u0119, polskiego \u017co\u0142nierza. &#13;\n<\/p>\n<p>&#13;<br \/>\nAmeryka\u0144ski przyw\u00f3dca w\u00a0swoim przem\u00f3wieniu podkre\u015bli\u0142, i\u017c\u00a0Michael Ollis byl \u201ebardzo dzielnym cz\u0142owiekiem\u201d. &#13;\n<\/p>\n<p>&#13;<br \/>\n\u2013 Sier\u017cant Michael Ollis urodzi\u0142 si\u0119 w\u00a01988 roku. 28 sierpnia 2013 roku terrory\u015bci zdetonowali samoch\u00f3d-pu\u0142apk\u0119 z\u00a0\u0142adunkiem o\u00a0wadze 400 funt\u00f3w, powoduj\u0105c pot\u0119\u017cny wybuch i\u00a0wyrw\u0119 w\u00a0murze w\u00a0miejscu, gdzie stacjonowali \u017co\u0142nierze NATO. Przez powsta\u0142\u0105 dziur\u0119 do\u00a0\u015brodka wtargn\u0119li talibowie. Michael mia\u0142 przy sobie jedynie pistolet i\u00a0jeden magazynek amunicji. W\u00a0trakcie walki natkn\u0105\u0142 si\u0119 na\u00a0polskiego \u017co\u0142nierza \u2013\u00a0razem znale\u017ali si\u0119 pod\u00a0ostrza\u0142em. W\u00a0pewnym momencie wybuch rani\u0142 polskiego \u017co\u0142nierza w\u00a0nogi, przez co\u00a0nie m\u00f3g\u0142 si\u0119 porusza\u0107. W\u00a0chaosie wystrza\u0142\u00f3w, dymu i\u00a0zniszczenia pojawi\u0142 si\u0119 kolejny zamachowiec w\u00a0kamizelce z\u00a0materia\u0142ami wybuchowymi. Michael podni\u00f3s\u0142 bro\u0144 i\u00a0bez wahania stan\u0105\u0142 mi\u0119dzy napastnikiem a\u00a0swoim rannym towarzyszem. W\u0142asnym cia\u0142em os\u0142oni\u0142 przyjaciela, oddaj\u0105c za\u00a0niego \u017cycie \u2013\u00a0przypomnia\u0142 Donald Trump. &#13;\n<\/p>\n<p>&#13;<br \/>\nPrezydent USA podkre\u015bli\u0142, \u017ce\u00a0\u201enigdy nie\u00a0wiadomo, czy\u00a0kto\u015b jest odwa\u017cny i\u00a0dzielny, a\u017c\u00a0dojdzie do\u00a0takiego rodzaju sytuacji, to\u00a0by\u0142a ostateczna pr\u00f3ba\u201d. &#13;\n<\/p>\n<p>&#13;<br \/>\n\u2013 W\u00a0ostatnim momencie wystrzeli\u0142 swoj\u0105 bro\u0144, terrorysta zdetonowa\u0142 swoj\u0105 kamizelk\u0119. Sier\u017cant zosta\u0142 zabity przed swoimi 25-tymi urodzinami. Jego ostatni wyczyn na\u00a0ziemi. Michael wzi\u0105\u0142 na\u00a0siebie ten wybuch i\u00a0uratowa\u0142 tego polskiego wojownika \u2013\u00a0m\u00f3wi\u0142 Donald Trump. &#13;\n<\/p>\n<p>Trump wspomnia\u0142 o\u00a0Nawrockim. &#8222;B\u0119dzie wspania\u0142ym prezydentem. Ju\u017c jest&#8221;<\/p>\n<p>&#13;<br \/>\nNiespodziewanie podczas swojego przem\u00f3wienia Donald Trump wspomnia\u0142 o\u00a0prezydencie RP Karolu Nawrockim. &#13;\n<\/p>\n<p>&#13;<br \/>\n\u2013 R\u00f3wnie\u017c z\u00a0nami jest kilku cz\u0142onk\u00f3w polskiego rz\u0105du, w\u00a0tym reprezentanci prezydenta, kt\u00f3ry jest naprawd\u0119 wspania\u0142ym cz\u0142owiekiem \u2013\u00a0powiedzia\u0142. &#13;\n<\/p>\n<p>&#13;<br \/>\nDonald Trump przyzna\u0142, \u017ce\u00a0musi by\u0107 szczery. &#13;\n<\/p>\n<p>&#13;<br \/>\n\u2013 Ja go\u00a0popiera\u0142em i\u00a0on wygra\u0142, chocia\u017c nie\u00a0prowadzi\u0142 w\u00a0sonda\u017cach. I\u00a0to by\u0142a naprawd\u0119 wielka historia dla\u00a0ca\u0142ej Europy. I\u00a0b\u0119dzie wielkim prezydentem. Ju\u017c jest wielkim prezydentem \u2013\u00a0doda\u0142 prezydent USA. &#13;\n<\/p>\n<p>&#13;<br \/>\nKarol Nawrocki spotka\u0142 si\u0119 z\u00a0Donaldem Trumpem na\u00a0pocz\u0105tku maja 2025 roku, <a href=\"https:\/\/dorzeczy.pl\/kraj\/721386\/usa-karol-nawrocki-spotkal-sie-z-donaldem-trumpem.html\" rel=\"nofollow noopener\" target=\"_blank\">jeszcze jako obywatelski kandydat na\u00a0prezydenta RP.<\/a> &#13;\n<\/p>\n<p>&#13;<br \/>\nSwoj\u0105 pierwsz\u0105 podr\u00f3\u017c zagraniczn\u0105, ju\u017c jako prezydent RP, Karol Nawrocki odby\u0142 do\u00a0Waszyngtonu, gdzie ponownie spotka\u0142 si\u0119 z\u00a0Donaldem Trumpem. &#13;\n<\/p>\n<p>&#13;<br \/>\nCzytaj te\u017c:<br \/><a href=\"https:\/\/dorzeczy.pl\/kraj\/852620\/iran-zaatakowany-prezydent-karol-nawrocki-zabral-glos.html\" rel=\"follow nofollow noopener\" data-schema=\"DORZECZY\" data-image=\"https:\/\/img.dorzeczy.pl\/_thumb\/27\/23\/83dbebede5ab220dd5bd56e0dafb.jpeg\" target=\"_blank\">Nawrocki zabra\u0142 g\u0142os w\u00a0wa\u017cnej sprawie. &#8222;Jestem na\u00a0bie\u017c\u0105co informowany&#8221;<\/a>Czytaj te\u017c:<br \/><a href=\"https:\/\/dorzeczy.pl\/opinie\/847889\/nawrocki-nie-polecial-do-usa-nowe-kulisy-decyzji-prezydenta.html\" rel=\"follow nofollow noopener\" data-schema=\"DORZECZY\" data-image=\"https:\/\/img.dorzeczy.pl\/_thumb\/3a\/02\/25abc41bb1273acdcafbc886fd98.jpeg\" target=\"_blank\">Nawrocki nie\u00a0polecia\u0142 do\u00a0USA. Nowe kulisy decyzji prezydenta<\/a> &#13;<\/p>\n","protected":false},"excerpt":{"rendered":"&#13; W Bia\u0142ym Domu odby\u0142a si\u0119 uroczysto\u015b\u0107, podczas kt\u00f3rej prezydent USA Donald Trump po\u015bmiertnie odznaczy\u0142 Medalem Honoru sier\u017canta&hellip;\n","protected":false},"author":2,"featured_media":286257,"comment_status":"","ping_status":"","sticky":false,"template":"","format":"standard","meta":{"footnotes":"","_share_on_mastodon":"0"},"categories":[12],"tags":[14567,32,33,1835,98,36,37,27,47441,690,49,34,35,47440,28,31,25,102,42,38,40,39,41,29,30,71,26],"class_list":["post-286256","post","type-post","status-publish","format-standard","has-post-thumbnail","category-polska","tag-bialy-dom","tag-breaking-news","tag-breakingnews","tag-donald-trump","tag-dorzeczy","tag-featured-news","tag-featurednews","tag-headlines","tag-karol-cierpica","tag-karol-nawrocki","tag-kraj","tag-latest-news","tag-latestnews","tag-michael-ollis","tag-naglowki","tag-najwazniejsze-artykuly","tag-news","tag-opinie","tag-pl","tag-poland","tag-polish","tag-polska","tag-polski","tag-top-stories","tag-topstories","tag-usa","tag-wiadomosci"],"share_on_mastodon":{"url":"https:\/\/pubeurope.com\/@pl\/116162192011873477","error":""},"_links":{"self":[{"href":"https:\/\/www.europesays.com\/pl\/wp-json\/wp\/v2\/posts\/286256","targetHints":{"allow":["GET"]}}],"collection":[{"href":"https:\/\/www.europesays.com\/pl\/wp-json\/wp\/v2\/posts"}],"about":[{"href":"https:\/\/www.europesays.com\/pl\/wp-json\/wp\/v2\/types\/post"}],"author":[{"embeddable":true,"href":"https:\/\/www.europesays.com\/pl\/wp-json\/wp\/v2\/users\/2"}],"replies":[{"embeddable":true,"href":"https:\/\/www.europesays.com\/pl\/wp-json\/wp\/v2\/comments?post=286256"}],"version-history":[{"count":0,"href":"https:\/\/www.europesays.com\/pl\/wp-json\/wp\/v2\/posts\/286256\/revisions"}],"wp:featuredmedia":[{"embeddable":true,"href":"https:\/\/www.europesays.com\/pl\/wp-json\/wp\/v2\/media\/286257"}],"wp:attachment":[{"href":"https:\/\/www.europesays.com\/pl\/wp-json\/wp\/v2\/media?parent=286256"}],"wp:term":[{"taxonomy":"category","embeddable":true,"href":"https:\/\/www.europesays.com\/pl\/wp-json\/wp\/v2\/categories?post=286256"},{"taxonomy":"post_tag","embeddable":true,"href":"https:\/\/www.europesays.com\/pl\/wp-json\/wp\/v2\/tags?post=286256"}],"curies":[{"name":"wp","href":"https:\/\/api.w.org\/{rel}","templated":true}]}}