{"id":286282,"date":"2026-03-02T23:51:13","date_gmt":"2026-03-02T23:51:13","guid":{"rendered":"https:\/\/www.europesays.com\/pl\/286282\/"},"modified":"2026-03-02T23:51:13","modified_gmt":"2026-03-02T23:51:13","slug":"atak-na-iran-trump-rozczarowany-wielka-brytania","status":"publish","type":"post","link":"https:\/\/www.europesays.com\/pl\/286282\/","title":{"rendered":"Atak na Iran. Trump rozczarowany Wielk\u0105 Brytani\u0105"},"content":{"rendered":"\n<p>&#13;<br \/>\nJak donosi dziennik &#8222;Daily Telegraph&#8221; premier Wielkiej Brytanii Keir Starmer pocz\u0105tkowo odm\u00f3wi\u0142 Waszyngtonowi mo\u017cliwo\u015bci wykorzystania baz wojskowych na\u00a0wyspie Diego Garcia. Infrastruktura mia\u0142a zosta\u0107 wykorzystana do\u00a0atak\u00f3w na\u00a0Iran. &#13;\n<\/p>\n<p>&#13;<br \/>\nOstatecznie Starmer wyda\u0142 zgod\u0119 na\u00a0u\u017cycie baz do\u00a0dzia\u0142a\u0144 o\u00a0charakterze &#8222;obronnym&#8221; przeciwko ira\u0144skim celom. Mimo to, postawa szefa rz\u0105du Wielkiej Brytanii zosta\u0142a skrytykowana przez Donalda Trumpa. &#13;\n<\/p>\n<p>&#13;<br \/>\n\u2013 To\u00a0prawdopodobnie nigdy wcze\u015bniej nie\u00a0zdarzy\u0142o si\u0119 mi\u0119dzy naszymi krajami. Wygl\u0105da na\u00a0to, \u017ce\u00a0premier martwi\u0142 si\u0119 o\u00a0kwestie prawne \u2013\u00a0stwierdzi\u0142 prezydent USA i\u00a0doda\u0142, \u017ce\u00a0Londyn powinien by\u0142 wyda\u0107 zgod\u0119 natychmiast. &#13;\n<\/p>\n<p>Sp\u00f3r o\u00a0wysp\u0119 Diego Garcia<\/p>\n<p>&#13;<br \/>\nPrzypomnijmy, \u017ce\u00a0inicjatywa powstania baz wojskowych na\u00a0Diego Garcia wysz\u0142a od\u00a0Waszyngtonu w\u00a0celu zapewnienia sobie ameryka\u0144skiej kontroli nad Oceanem Indyjskim. &#13;\n<\/p>\n<p>&#13;<br \/>\nAmerykanie korzystali z\u00a0niej w\u00a0przesz\u0142o\u015bci w\u00a0czasie prowadzenia dzia\u0142a\u0144 wojennych w\u00a0Iraku i\u00a0Afganistanie. W\u00a0latach 2024 i\u00a02025 Stany Zjednoczone wykorzystywa\u0142y t\u0119\u00a0baz\u0119 do\u00a0przeprowadzania operacji przeciwko Huti w\u00a0Jemenie. &#13;\n<\/p>\n<p>&#13;<br \/>\nW ostatnich tygodniach pojawi\u0142y si\u0119 obawy, \u017ce\u00a0kontrol\u0119 nad wysp\u0105 przej\u0105\u0142by Mauritius. Wielka Brytania mia\u0142a bowiem przekaza\u0107 kontrol\u0119 nad wysp\u0105 temu pa\u0144stwu, kt\u00f3re coraz bardziej zacie\u015bnia wsp\u00f3\u0142prac\u0119 z\u00a0Chinami. Po\u00a0pewnym zamieszaniu Londyn potwierdzi\u0142, \u017ce\u00a0<a href=\"https:\/\/dorzeczy.pl\/swiat\/851351\/wielka-brytania-sie-zmniejszy-chaos-wokol-przekazania-archipelagu-czagos.html\" rel=\"nofollow noopener\" target=\"_blank\">nie ma\u00a0&#8222;\u017cadnej przerwy&#8221;<\/a> w\u00a0procedowaniu umowy dotycz\u0105cej Wysp Czagos, w\u00a0sk\u0142ad kt\u00f3rych wchodzi Diego Garcia. &#13;\n<\/p>\n<p>&#13;<br \/>\nNa wyspie znajduje si\u0119 rozleg\u0142e lotnisko z\u00a0pasami startowymi wystarczaj\u0105co d\u0142ugimi, aby\u00a0pomie\u015bci\u0107 du\u017ce samoloty wojskowe, takie jak bombowce B-52, tankowce KC-135, samoloty rozpoznawcze i\u00a0transportowe. Znajduj\u0105 si\u0119 tam r\u00f3wnie\u017c du\u017ce magazyny paliwa, instalacje radarowe i\u00a0wie\u017ce kontroli lot\u00f3w, kt\u00f3re mog\u0105 wspiera\u0107 regionalne operacje wojskowe. &#13;\n<\/p>\n<p>&#13;<br \/>\nCzytaj te\u017c:<br \/><a href=\"https:\/\/dorzeczy.pl\/opinie\/853817\/trump-niespodziewanie-wspomnial-o-nawrockim-padly-mile-slowa.html\" rel=\"follow nofollow noopener\" data-schema=\"DORZECZY\" data-image=\"https:\/\/img.dorzeczy.pl\/_thumb\/xx\/e1\/4e19d2f6c0a6b50931b00231b91a.jpeg\" target=\"_blank\">Trump niespodziewanie wspomnia\u0142 o\u00a0Nawrockim. &#8222;B\u0119dzie wielkim prezydentem&#8221;<\/a>Czytaj te\u017c:<br \/><a href=\"https:\/\/dorzeczy.pl\/opinie\/853793\/nie-mam-zadnych-oporow-mocna-deklaracja-trumpa.html\" rel=\"follow nofollow noopener\" data-schema=\"DORZECZY\" data-image=\"https:\/\/img.dorzeczy.pl\/_thumb\/6x\/x2\/999073cf0822e7e600508c1bcb73.jpeg\" target=\"_blank\">&#8222;Nie mam \u017cadnych opor\u00f3w&#8221;. Mocna deklaracja Trumpa<\/a>&#13;<\/p>\n","protected":false},"excerpt":{"rendered":"&#13; Jak donosi dziennik &#8222;Daily Telegraph&#8221; premier Wielkiej Brytanii Keir Starmer pocz\u0105tkowo odm\u00f3wi\u0142 Waszyngtonowi mo\u017cliwo\u015bci wykorzystania baz wojskowych&hellip;\n","protected":false},"author":2,"featured_media":286283,"comment_status":"","ping_status":"","sticky":false,"template":"","format":"standard","meta":{"footnotes":"","_share_on_mastodon":"0"},"categories":[14],"tags":[744,32,33,47443,98,27,663,34,35,28,31,25,102,40,41,29389,80,29,30,597,71,26,106,82,83,84],"class_list":["post-286282","post","type-post","status-publish","format-standard","has-post-thumbnail","category-swiat","tag-atak","tag-breaking-news","tag-breakingnews","tag-diego-garcia","tag-dorzeczy","tag-headlines","tag-iran","tag-latest-news","tag-latestnews","tag-naglowki","tag-najwazniejsze-artykuly","tag-news","tag-opinie","tag-polish","tag-polski","tag-starmer","tag-swiat","tag-top-stories","tag-topstories","tag-trump","tag-usa","tag-wiadomosci","tag-wielka-brytania","tag-world","tag-world-news","tag-worldnews"],"share_on_mastodon":{"url":"https:\/\/pubeurope.com\/@pl\/116162270538319327","error":""},"_links":{"self":[{"href":"https:\/\/www.europesays.com\/pl\/wp-json\/wp\/v2\/posts\/286282","targetHints":{"allow":["GET"]}}],"collection":[{"href":"https:\/\/www.europesays.com\/pl\/wp-json\/wp\/v2\/posts"}],"about":[{"href":"https:\/\/www.europesays.com\/pl\/wp-json\/wp\/v2\/types\/post"}],"author":[{"embeddable":true,"href":"https:\/\/www.europesays.com\/pl\/wp-json\/wp\/v2\/users\/2"}],"replies":[{"embeddable":true,"href":"https:\/\/www.europesays.com\/pl\/wp-json\/wp\/v2\/comments?post=286282"}],"version-history":[{"count":0,"href":"https:\/\/www.europesays.com\/pl\/wp-json\/wp\/v2\/posts\/286282\/revisions"}],"wp:featuredmedia":[{"embeddable":true,"href":"https:\/\/www.europesays.com\/pl\/wp-json\/wp\/v2\/media\/286283"}],"wp:attachment":[{"href":"https:\/\/www.europesays.com\/pl\/wp-json\/wp\/v2\/media?parent=286282"}],"wp:term":[{"taxonomy":"category","embeddable":true,"href":"https:\/\/www.europesays.com\/pl\/wp-json\/wp\/v2\/categories?post=286282"},{"taxonomy":"post_tag","embeddable":true,"href":"https:\/\/www.europesays.com\/pl\/wp-json\/wp\/v2\/tags?post=286282"}],"curies":[{"name":"wp","href":"https:\/\/api.w.org\/{rel}","templated":true}]}}