{"id":286362,"date":"2026-03-03T01:17:17","date_gmt":"2026-03-03T01:17:17","guid":{"rendered":"https:\/\/www.europesays.com\/pl\/286362\/"},"modified":"2026-03-03T01:17:17","modified_gmt":"2026-03-03T01:17:17","slug":"polacy-uciekaja-do-omanu-nie-wszystkim-sie-udalo","status":"publish","type":"post","link":"https:\/\/www.europesays.com\/pl\/286362\/","title":{"rendered":"Polacy uciekaj\u0105 do Omanu. &#8222;Nie wszystkim si\u0119 uda\u0142o&#8221;"},"content":{"rendered":"<p>\u2014 Czy b\u0119dziemy wylatywa\u0107 z Omanu? Na ten moment mamy raczej plan, \u017ce je\u017celi sytuacja si\u0119 uspokoi, to b\u0119dziemy wraca\u0107 do Dubaju. Tam mieszkamy i pracujemy, tu chcemy przeczeka\u0107. Je\u017celi rzeczywisto\u015b\u0107 stanie si\u0119 bardziej niebezpieczna, b\u0119dziemy my\u015bleli o jakiej\u015b alternatywie i ewentualnym wylocie w inne miejsce \u2014 relacjonuje Polak.<\/p>\n<p>\u017beby m\u00f3c dosta\u0107 si\u0119 z ZEA do Omanu przez granic\u0119 l\u0105dow\u0105, trzeba pami\u0119ta\u0107 o kilku formalno\u015bciach. \u2014 Potrzebna jest przede wszystkim wiza. Ponadto samoch\u00f3d musi by\u0107 zarejestrowany na kierowc\u0119. Niekt\u00f3rzy nie mogli wjecha\u0107 do Omanu, bo mieli wypo\u017cyczone auta \u2014 zwraca uwag\u0119.<\/p>\n<p>Dopytywany, czy to jest teraz najlepsze rozwi\u0105zanie, przyznaje, \u017ce to by\u0142a jego indywidualna decyzja i je\u015bli sytuacja si\u0119 nieco uspokoi, to szybko wr\u00f3ci do Dubaju. <\/p>\n<blockquote class=\"ods-o-quote\">\n<p class=\"ods-o-quote__paragraph\">\u2014 Tu czujemy si\u0119 bardziej bezpieczni, Oman nie zamkn\u0105\u0142 przestrzeni powietrznej. Nasi znajomi maj\u0105 st\u0105d planowo wylecie\u0107 do Turcji \u2014 zauwa\u017ca.<\/p>\n<\/blockquote>\n<p>Nasz rozm\u00f3wca Karol jest jedn\u0105 z wielu os\u00f3b, kt\u00f3re albo przekroczy\u0142y granic\u0119, albo to planuj\u0105. W mediach spo\u0142eczno\u015bciowych Polacy wymieniaj\u0105 si\u0119 poradami dotycz\u0105cymi przejazdu. Pojawiaj\u0105 si\u0119 te\u017c komercyjne propozycje, na kt\u00f3re zwraca uwag\u0119 MSZ.<\/p>\n<p> Dalszy ci\u0105g artyku\u0142u pod materia\u0142em wideo    <\/p>\n<p> Dlaczego Polacy uciekaj\u0105 z Dubaju do Omanu? <\/p>\n<p> Co m\u00f3wi MSZ o zmianie miejsca pobytu? <\/p>\n<p> Jakie formalno\u015bci trzeba spe\u0142ni\u0107, aby wjecha\u0107 do Omanu? <\/p>\n<p> Jakie s\u0105 aktualne warunki podr\u00f3\u017cy do Omanu? <\/p>\n<p>  Niebo otwarte, ale mn\u00f3stwo po\u0142\u0105cze\u0144 odwo\u0142anych. ZEA op\u0142acaj\u0105 pobyty i apeluj\u0105 o pozostanie w hotelach<\/p>\n<p>Niebo nad Omanem oraz Arabi\u0105 Saudyjsk\u0105 wci\u0105\u017c pozostaje otwarte i, jak wida\u0107 na mapach lotniczych, samoloty tam lataj\u0105.<\/p>\n<p> <img decoding=\"async\" src=\"https:\/\/www.europesays.com\/pl\/wp-content\/uploads\/2026\/03\/bgRk9lBaHR0cHM6Ly9vY2RuLmV1L3B1bHNjbXMvTURBXy8zN2QwNzU2NzdjNThmNTliY2Q1ZmFhMDBkNDk1MTRiOS5qcGeRlQLNB.jpeg\" height=\"450\" width=\"800\" alt=\"Mapa lotnicza 1 marca ok. godz. 20 czasu polskiego\" loading=\"lazy\" class=\"ods-c-image__img ods-c-image__img--viewport-width\"\/> <\/p>\n<p>Mapa lotnicza 1 marca ok. godz. 20 czasu polskiegowww.flightradar24.com<\/p>\n<p>Jak wynika jednak z informacji na stronach internetowych lotnisk w Maskacie oraz w D\u017cuddzie, wiele po\u0142\u0105cze\u0144 jest odwo\u0142ywanych.<\/p>\n<p> <img decoding=\"async\" src=\"https:\/\/www.europesays.com\/pl\/wp-content\/uploads\/2026\/03\/DDHk9lBaHR0cHM6Ly9vY2RuLmV1L3B1bHNjbXMvTURBXy9mYjEzZDFlZWViMTU2ODRjNGYyMjhjNWVhMmFmMDY3Mi5qcGeRlQLNB.jpeg\" height=\"450\" width=\"800\" alt=\"Informacje na stronie Muscat Airport 1 marca 2026 r.\" loading=\"lazy\" class=\"ods-c-image__img ods-c-image__img--viewport-width\"\/> <\/p>\n<p>Informacje na stronie Muscat Airport 1 marca 2026 r.https:\/\/www.muscatairport.co.om\/<\/p>\n<p>Przypomnijmy tak\u017ce, \u017ce Iran uderzy\u0142 te\u017c w Oman, kt\u00f3ry do tej pory pe\u0142ni\u0142 funkcj\u0119 mediatora mi\u0119dzy Teheranem a Waszyngtonem. U oma\u0144skich wybrze\u017cy trafiony zosta\u0142 tankowiec. <\/p>\n<p>Polskie MSZ apeluje, by nie zmienia\u0107 miejsca pobytu. <\/p>\n<blockquote class=\"ods-o-quote\">\n<p class=\"ods-o-quote__paragraph\">\u2014 S\u0105 dwa has\u0142a, kt\u00f3re powinny przy\u015bwieca\u0107 ka\u017cdemu Polakowi znajduj\u0105cemu si\u0119 na miejscu (na Bliskim Wschodzie). To: spok\u00f3j i bezpiecze\u0144stwo. Sugerujemy pozostanie w miejscu schronienia, daleko od okien, posiadanie przy sobie dokument\u00f3w, potrzebnych lek\u00f3w. S\u0105 miejsca, kt\u00f3re mo\u017cna opu\u015bci\u0107 inn\u0105 drog\u0105 ni\u017c l\u0105dow\u0105 \u2014 z Izraela mo\u017cna wyjecha\u0107 przez Egipt \u2014 przekaza\u0142 rzecznik MSZ Maciej Wewi\u00f3r.<\/p>\n<\/blockquote>\n<p><a href=\"https:\/\/www.onet.pl\/turystyka\/onetpodroze\/polak-narzekal-na-brak-informacji-od-msz-wreszcie-sie-odezwali\/qb1dq6r,07640b54\" id=\"038c5f5d-d19e-4a56-803f-9ba46c97cb18\" rel=\"nofollow noopener\" target=\"_blank\">Rzecznik MSZ podkre\u015bli\u0142, \u017ce polskie w\u0142adze staraj\u0105 si\u0119 zapewni\u0107 pomoc naszym obywatelom w miejscach, w kt\u00f3rych si\u0119 znajduj\u0105.<\/a> \u2014 Bardzo prosimy o korzystanie ze zweryfikowanych \u017ar\u00f3de\u0142 informacji. Wiemy, \u017ce pojawiaj\u0105 si\u0119 oferty pomocy, kt\u00f3re maj\u0105 podtekst komercyjny. Prosz\u0119 w to nie wierzy\u0107 \u2014 doda\u0142 Wewi\u00f3r.<\/p>\n<p>Od niedzieli dzia\u0142a dodatkowa infolinia: +48 22 523 88 80, kt\u00f3ra ma stanowi\u0107 wsparcie dla Polak\u00f3w, kt\u00f3rzy utkn\u0119li na Bliskim Wschodzie.<\/p>\n<p> <img decoding=\"async\" src=\"https:\/\/www.europesays.com\/pl\/wp-content\/uploads\/2026\/03\/ptIk9lBaHR0cHM6Ly9vY2RuLmV1L3B1bHNjbXMvTURBXy9kYzhlMjk2ZTY5YjkzYzE2YzA1MjEwNWFiZTViNTI4OC5qcGeSlQMAA.jpeg\" height=\"800\" width=\"368\" alt=\"Wiadomo\u015b\u0107 SMS od MSZ do Polak\u00f3w zarejestrowanych w Odyseuszu\" loading=\"lazy\" class=\"ods-c-image__img ods-c-image__img--vertical\"\/> <\/p>\n<p>Wiadomo\u015b\u0107 SMS od MSZ do Polak\u00f3w zarejestrowanych w OdyseuszuArchiwum prywatne<\/p>\n<p> Polacy, kt\u00f3rzy s\u0105 zarejestrowani w systemie Odyseusz, otrzymali w niedziel\u0119 informacj\u0119, \u017ce &#8222;hotele s\u0105 zobowi\u0105zane przed\u0142u\u017cy\u0107 pobyty dla swoich go\u015bci na koszt Departamentu Kultury i Turystyki Abu Zabi (DCT Abu Zabi)&#8221;. <a href=\"https:\/\/podroze.onet.pl\/aktualnosci\/polscy-turysci-utkneli-nie-tylko-w-dubaju-biura-podrozy-zabraly-glos\/wsl4csb\" id=\"ae26b903-53bc-400f-a2e4-41cf03c2264e\" rel=\"nofollow noopener\" target=\"_blank\">Z ustale\u0144 Onetu wynika, \u017ce biura podr\u00f3\u017cy tak\u017ce przed\u0142u\u017caj\u0105 pobytu i pozostaj\u0105 w kontakcie z klientami.<\/a>Wasze do\u015bwiadczenia<\/p>\n<p>Jeste\u015bcie w podobnej sytuacji? Przebywacie na Bliskim Wschodzie? Je\u015bli macie informacje, kt\u00f3rymi warto si\u0119 podzieli\u0107, piszcie: karolina.walczowska@redakcjaonet.pl<\/p>\n","protected":false},"excerpt":{"rendered":"\u2014 Czy b\u0119dziemy wylatywa\u0107 z Omanu? Na ten moment mamy raczej plan, \u017ce je\u017celi sytuacja si\u0119 uspokoi, to&hellip;\n","protected":false},"author":2,"featured_media":286363,"comment_status":"","ping_status":"","sticky":false,"template":"","format":"standard","meta":{"footnotes":"","_share_on_mastodon":"0"},"categories":[5],"tags":[21682,210,32,33,1625,36,37,27,663,34,35,28,31,48,25,20577,46,42,38,40,39,41,47,29,30,723,26,21683],"class_list":["post-286362","post","type-post","status-publish","format-standard","has-post-thumbnail","category-naglowki","tag-abu_zabi","tag-aktualnosci","tag-breaking-news","tag-breakingnews","tag-dubaj","tag-featured-news","tag-featurednews","tag-headlines","tag-iran","tag-latest-news","tag-latestnews","tag-naglowki","tag-najwazniejsze-artykuly","tag-nat_styl","tag-news","tag-oman","tag-omp","tag-pl","tag-poland","tag-polish","tag-polska","tag-polski","tag-screening_general","tag-top-stories","tag-topstories","tag-turysci","tag-wiadomosci","tag-zjednoczone_emiraty_arabskie"],"share_on_mastodon":{"url":"https:\/\/pubeurope.com\/@pl\/116162608777339760","error":""},"_links":{"self":[{"href":"https:\/\/www.europesays.com\/pl\/wp-json\/wp\/v2\/posts\/286362","targetHints":{"allow":["GET"]}}],"collection":[{"href":"https:\/\/www.europesays.com\/pl\/wp-json\/wp\/v2\/posts"}],"about":[{"href":"https:\/\/www.europesays.com\/pl\/wp-json\/wp\/v2\/types\/post"}],"author":[{"embeddable":true,"href":"https:\/\/www.europesays.com\/pl\/wp-json\/wp\/v2\/users\/2"}],"replies":[{"embeddable":true,"href":"https:\/\/www.europesays.com\/pl\/wp-json\/wp\/v2\/comments?post=286362"}],"version-history":[{"count":0,"href":"https:\/\/www.europesays.com\/pl\/wp-json\/wp\/v2\/posts\/286362\/revisions"}],"wp:featuredmedia":[{"embeddable":true,"href":"https:\/\/www.europesays.com\/pl\/wp-json\/wp\/v2\/media\/286363"}],"wp:attachment":[{"href":"https:\/\/www.europesays.com\/pl\/wp-json\/wp\/v2\/media?parent=286362"}],"wp:term":[{"taxonomy":"category","embeddable":true,"href":"https:\/\/www.europesays.com\/pl\/wp-json\/wp\/v2\/categories?post=286362"},{"taxonomy":"post_tag","embeddable":true,"href":"https:\/\/www.europesays.com\/pl\/wp-json\/wp\/v2\/tags?post=286362"}],"curies":[{"name":"wp","href":"https:\/\/api.w.org\/{rel}","templated":true}]}}